{"id":26946,"date":"2024-12-26T16:38:40","date_gmt":"2024-12-26T13:38:40","guid":{"rendered":"https:\/\/akdenizhaber.com.tr\/?p=26946"},"modified":"2024-12-26T16:38:42","modified_gmt":"2024-12-26T13:38:42","slug":"manavgattaki-ihbarlara-aninda-mudahale-edildi","status":"publish","type":"post","link":"https:\/\/akdenizhaber.com.tr\/index.php\/2024\/12\/26\/manavgattaki-ihbarlara-aninda-mudahale-edildi\/","title":{"rendered":"Manavgat\u2019taki ihbarlara an\u0131nda m\u00fcdahale edildi"},"content":{"rendered":"\n<p><em>Meteoroloji Genel M\u00fcd\u00fcrl\u00fc\u011f\u00fc\u2019n\u00fcn kuvvetli ya\u011f\u0131\u015f ve f\u0131rt\u0131na uyar\u0131s\u0131 \u00fczerine 833 personel, 487 ara\u00e7 ve i\u015f makinesi, 199 motopomp ile teyakkuza ge\u00e7en Antalya B\u00fcy\u00fck\u015fehir Belediyesi, Manavgat\u2019ta hayat\u0131 olumsuz etkileyen ya\u011f\u0131\u015fta yine g\u00f6rev ba\u015f\u0131ndayd\u0131. Antalya B\u00fcy\u00fck\u015fehir Belediyesi ba\u015fta ASAT ve itfaiye ekipleri olmak \u00fczere ilgili personel ve ara\u00e7lar\u0131yla gelen ihbarlara an\u0131nda m\u00fcdahale ederek vatanda\u015f\u0131n yan\u0131nda yer ald\u0131.<\/em><\/p>\n\n\n\n<p><em>Meteoroloji Genel M\u00fcd\u00fcrl\u00fc\u011f\u00fc\u2019n\u00fcn turuncu kod uyar\u0131s\u0131 verdi\u011fi Antalya\u2019da \u00f6\u011fleden sonra etkisini artt\u0131ran ya\u011f\u0131\u015f, Manavgat\u2019ta hayat\u0131 olumsuz etkiledi. Manavgat il\u00e7esinde olumsuz hava ko\u015fullar\u0131 nedeniyle 112 Acil \u00c7a\u011fr\u0131 Merkezi\u2019ne gelen ihbarlara Antalya B\u00fcy\u00fck\u015fehir Belediyesi ekipleri m\u00fcdahale etti. Antalya B\u00fcy\u00fck\u015fehir Belediyesi, ASAT ve itfaiye ba\u015fta olmak \u00fczere t\u00fcm birimleriyle ya\u011f\u0131\u015ftan zarar etkilenen b\u00f6lgelerde vatanda\u015f\u0131n yard\u0131m\u0131na ko\u015ftu.&nbsp;<\/em><\/p>\n\n\n\n<p><em>\u0130HBARLARA ANINDA M\u00dcDAHALE ED\u0130LD\u0130<\/em><\/p>\n\n\n\n<p><em>Manavgat il\u00e7esinde olumsuz hava \u015fartlar\u0131 nedeniyle ak\u015fam saatlerinden itibaren ev ve i\u015fyerlerinde su bask\u0131nlar\u0131 ya\u015fand\u0131. 112 Acil \u00c7a\u011fr\u0131 Merkezi\u2019ne gelen 5 kurtarma,&nbsp; 2 yang\u0131n ve&nbsp;&nbsp; 51 su bask\u0131n\u0131 ihbar\u0131n\u0131n tamam\u0131na Antalya B\u00fcy\u00fck\u015fehir Belediyesi \u0130tfaiye ekipleri m\u00fcdahale etti. Dolbazlar ve Bucak\u015f\u0131hlar mahallerinde ya\u011f\u0131\u015ftan zarar g\u00f6ren yollar i\u00e7in Antalya B\u00fcy\u00fck\u015fehir Belediyesi Park ve Bah\u00e7eler Daire Ba\u015fkanl\u0131\u011f\u0131 ile Sa\u011fl\u0131k \u0130\u015fleri Daire Ba\u015fkanl\u0131\u011f\u0131\u2019na ba\u011fl\u0131 i\u015f makineleri y\u00f6nlendirildi. Antalya B\u00fcy\u00fck\u015fehir Belediyesi ve ASAT ekipleri gelen ihbarlara an\u0131nda m\u00fcdahale derek ihbar yap\u0131lan b\u00f6lgelere i\u015f makineleri sevk edildi.<\/em><\/p>\n\n\n\n<p><em>Antalya B\u00fcy\u00fck\u015fehir Belediyesi \/ B\u00fclten<\/em><\/p>\n","protected":false},"excerpt":{"rendered":"<p>Meteoroloji Genel M\u00fcd\u00fcrl\u00fc\u011f\u00fc\u2019n\u00fcn kuvvetli ya\u011f\u0131\u015f ve f\u0131rt\u0131na uyar\u0131s\u0131 \u00fczerine 833 personel, 487 ara\u00e7 ve i\u015f makinesi, 199 motopomp ile teyakkuza ge\u00e7en Antalya B\u00fcy\u00fck\u015fehir Belediyesi, Manavgat\u2019ta <a href=\"https:\/\/akdenizhaber.com.tr\/index.php\/2024\/12\/26\/manavgattaki-ihbarlara-aninda-mudahale-edildi\/\" class=\"read-more-link\">[more&#8230;]<\/a><\/p>\n","protected":false},"author":2,"featured_media":26947,"comment_status":"open","ping_status":"open","sticky":false,"template":"","format":"standard","meta":{"footnotes":""},"categories":[2],"tags":[],"class_list":["post-26946","post","type-post","status-publish","format-standard","has-post-thumbnail","hentry","category-gundem"],"_links":{"self":[{"href":"https:\/\/akdenizhaber.com.tr\/index.php\/wp-json\/wp\/v2\/posts\/26946","targetHints":{"allow":["GET"]}}],"collection":[{"href":"https:\/\/akdenizhaber.com.tr\/index.php\/wp-json\/wp\/v2\/posts"}],"about":[{"href":"https:\/\/akdenizhaber.com.tr\/index.php\/wp-json\/wp\/v2\/types\/post"}],"author":[{"embeddable":true,"href":"https:\/\/akdenizhaber.com.tr\/index.php\/wp-json\/wp\/v2\/users\/2"}],"replies":[{"embeddable":true,"href":"https:\/\/akdenizhaber.com.tr\/index.php\/wp-json\/wp\/v2\/comments?post=26946"}],"version-history":[{"count":1,"href":"https:\/\/akdenizhaber.com.tr\/index.php\/wp-json\/wp\/v2\/posts\/26946\/revisions"}],"predecessor-version":[{"id":26948,"href":"https:\/\/akdenizhaber.com.tr\/index.php\/wp-json\/wp\/v2\/posts\/26946\/revisions\/26948"}],"wp:featuredmedia":[{"embeddable":true,"href":"https:\/\/akdenizhaber.com.tr\/index.php\/wp-json\/wp\/v2\/media\/26947"}],"wp:attachment":[{"href":"https:\/\/akdenizhaber.com.tr\/index.php\/wp-json\/wp\/v2\/media?parent=26946"}],"wp:term":[{"taxonomy":"category","embeddable":true,"href":"https:\/\/akdenizhaber.com.tr\/index.php\/wp-json\/wp\/v2\/categories?post=26946"},{"taxonomy":"post_tag","embeddable":true,"href":"https:\/\/akdenizhaber.com.tr\/index.php\/wp-json\/wp\/v2\/tags?post=26946"}],"curies":[{"name":"wp","href":"https:\/\/api.w.org\/{rel}","templated":true}]}}