{"id":26909,"date":"2024-12-23T16:53:40","date_gmt":"2024-12-23T13:53:40","guid":{"rendered":"https:\/\/akdenizhaber.com.tr\/?p=26909"},"modified":"2024-12-23T16:53:41","modified_gmt":"2024-12-23T13:53:41","slug":"antalyada-ferhan-ve-ferzan-onder-ruzgari","status":"publish","type":"post","link":"https:\/\/akdenizhaber.com.tr\/index.php\/2024\/12\/23\/antalyada-ferhan-ve-ferzan-onder-ruzgari\/","title":{"rendered":"Antalya\u2019da Ferhan ve Ferzan \u00d6nder r\u00fczgar\u0131"},"content":{"rendered":"\n<p>Antalya B\u00fcy\u00fck\u015fehir Belediyesi taraf\u0131ndan ger\u00e7ekle\u015ftirilen 24. Uluslararas\u0131 Antalya Piyano Festivali, Atat\u00fcrk K\u00fclt\u00fcr Merkezi Aspendos Salonu\u2019nda ger\u00e7ekle\u015fen b\u00fcy\u00fcleyici bir konserle sona erdi. D\u00fcnyaca \u00fcnl\u00fc piyanistler Ferhan ve Ferzan \u00d6nder karde\u015fler, festivalin kapan\u0131\u015f\u0131nda izleyicilere unutulmaz bir gece ya\u015fatt\u0131.<\/p>\n\n\n\n<p>Antalya&#8217;n\u0131n &#8216;Uluslararas\u0131 Sanat \u015eehri&#8217; kimli\u011fine katk\u0131da bulunan, Avrupa Festivaller Birli\u011fi (EFA) \u00fcyesi Uluslararas\u0131 Antalya Piyano Festivali\u2019nin 24\u2019\u00fcnc\u00fcs\u00fc \u00fcnl\u00fc sanat\u00e7\u0131 Ferhan ve Ferzan \u00d6nder karde\u015flerin muhte\u015fem konserleriyle sona erdi.&nbsp;<\/p>\n\n\n\n<p>\u00d6ZEL BESTELENEN ESER\u0130 4 EL \u00c7ALDILAR<\/p>\n\n\n\n<p>Hen\u00fcz 10 ya\u015f\u0131nda piyano \u00e7almaya ba\u015flayan ve kariyerleri boyunca uluslararas\u0131 alanda say\u0131s\u0131z ba\u015far\u0131ya imza atan \u00d6nder karde\u015fler, iki ayr\u0131 piyanoda sergiledikleri uyumlu performanslar\u0131yla adeta tek bir v\u00fccut gibi \u00e7ald\u0131lar. Sanatseverlerin b\u00fcy\u00fck bir hayranl\u0131kla takip etti\u011fi bu performans, dinleyicileri b\u00fcy\u00fcledi. Konserin finalinde ise ikili, kendileri i\u00e7in \u00f6zel olarak bestelenmi\u015f bir eseri tek bir piyanoda d\u00f6rt el olarak icra etti. Bu \u00f6zel an, izleyicilerden uzun s\u00fcre alk\u0131\u015f ald\u0131.<\/p>\n\n\n\n<p>GELECEK FEST\u0130VAL\u0130N \u00c7ALI\u015eMALARINA BA\u015eLADIK<\/p>\n\n\n\n<p>Konserin ard\u0131ndan sahneye \u00e7\u0131kan Antalya B\u00fcy\u00fck\u015fehir Belediyesi Ba\u015fkan Vekili Erkan \u00c7elik, \u00d6nder karde\u015flere \u00e7i\u00e7ek ve plaket takdim etti. Kendisinin de kanun sanat\u00e7\u0131s\u0131 oldu\u011funu ifade eden \u00c7elik, \u201cBu muhte\u015fem performanslar\u0131 i\u00e7in Ferhan ve Ferzan \u00d6nder\u2019e te\u015fekk\u00fcr ediyorum. Festivale emek veren t\u00fcm ekibimize de \u015f\u00fckranlar\u0131m\u0131 sunuyorum. 24. Uluslararas\u0131 Antalya Piyano Festivali\u2019nin son konseriyle birlikte 25\u2019incisi i\u00e7in \u00e7al\u0131\u015fmalar\u0131m\u0131z \u015fimdiden ba\u015flam\u0131\u015f durumda\u201d dedi.<\/p>\n\n\n\n<p>FERHAN VE FERZAN \u00d6NDER KARDE\u015eLER<\/p>\n\n\n\n<p><a><\/a>Ferhan ve Ferzan \u00d6nder karde\u015flerin ola\u011fan\u00fcst\u00fc kariyerleri, onlar\u0131 klasik m\u00fczik d\u00fcnyas\u0131n\u0131n \u00f6nde gelen isimleri aras\u0131nda yerle\u015ftirmi\u015f durumda. Tokat\u2019ta do\u011fan ve m\u00fczik e\u011fitimlerini Viyana\u2019da tamamlayan ikili, d\u00fcnyan\u0131n en prestijli sahnelerinde performanslar sergiliyor. Bug\u00fcne kadar kazand\u0131klar\u0131 uluslararas\u0131 \u00f6d\u00fcller ve ger\u00e7ekle\u015ftirdikleri konser turlar\u0131yla m\u00fczik d\u00fcnyas\u0131na \u00f6nemli katk\u0131lar sunmaya devam ediyorlar.<\/p>\n\n\n\n<p>Antalya B\u00fcy\u00fck\u015fehir Belediyesi \/ B\u00fclten<\/p>\n","protected":false},"excerpt":{"rendered":"<p>Antalya B\u00fcy\u00fck\u015fehir Belediyesi taraf\u0131ndan ger\u00e7ekle\u015ftirilen 24. Uluslararas\u0131 Antalya Piyano Festivali, Atat\u00fcrk K\u00fclt\u00fcr Merkezi Aspendos Salonu\u2019nda ger\u00e7ekle\u015fen b\u00fcy\u00fcleyici bir konserle sona erdi. D\u00fcnyaca \u00fcnl\u00fc piyanistler Ferhan <a href=\"https:\/\/akdenizhaber.com.tr\/index.php\/2024\/12\/23\/antalyada-ferhan-ve-ferzan-onder-ruzgari\/\" class=\"read-more-link\">[more&#8230;]<\/a><\/p>\n","protected":false},"author":2,"featured_media":26910,"comment_status":"open","ping_status":"open","sticky":false,"template":"","format":"standard","meta":{"footnotes":""},"categories":[2],"tags":[],"class_list":["post-26909","post","type-post","status-publish","format-standard","has-post-thumbnail","hentry","category-gundem"],"_links":{"self":[{"href":"https:\/\/akdenizhaber.com.tr\/index.php\/wp-json\/wp\/v2\/posts\/26909","targetHints":{"allow":["GET"]}}],"collection":[{"href":"https:\/\/akdenizhaber.com.tr\/index.php\/wp-json\/wp\/v2\/posts"}],"about":[{"href":"https:\/\/akdenizhaber.com.tr\/index.php\/wp-json\/wp\/v2\/types\/post"}],"author":[{"embeddable":true,"href":"https:\/\/akdenizhaber.com.tr\/index.php\/wp-json\/wp\/v2\/users\/2"}],"replies":[{"embeddable":true,"href":"https:\/\/akdenizhaber.com.tr\/index.php\/wp-json\/wp\/v2\/comments?post=26909"}],"version-history":[{"count":1,"href":"https:\/\/akdenizhaber.com.tr\/index.php\/wp-json\/wp\/v2\/posts\/26909\/revisions"}],"predecessor-version":[{"id":26911,"href":"https:\/\/akdenizhaber.com.tr\/index.php\/wp-json\/wp\/v2\/posts\/26909\/revisions\/26911"}],"wp:featuredmedia":[{"embeddable":true,"href":"https:\/\/akdenizhaber.com.tr\/index.php\/wp-json\/wp\/v2\/media\/26910"}],"wp:attachment":[{"href":"https:\/\/akdenizhaber.com.tr\/index.php\/wp-json\/wp\/v2\/media?parent=26909"}],"wp:term":[{"taxonomy":"category","embeddable":true,"href":"https:\/\/akdenizhaber.com.tr\/index.php\/wp-json\/wp\/v2\/categories?post=26909"},{"taxonomy":"post_tag","embeddable":true,"href":"https:\/\/akdenizhaber.com.tr\/index.php\/wp-json\/wp\/v2\/tags?post=26909"}],"curies":[{"name":"wp","href":"https:\/\/api.w.org\/{rel}","templated":true}]}}