{"id":26906,"date":"2024-12-19T16:45:59","date_gmt":"2024-12-19T13:45:59","guid":{"rendered":"https:\/\/akdenizhaber.com.tr\/?p=26906"},"modified":"2024-12-19T16:46:00","modified_gmt":"2024-12-19T13:46:00","slug":"gungor-is-ve-kariyer-planlamasinda-genclerimizin-yanindayiz","status":"publish","type":"post","link":"https:\/\/akdenizhaber.com.tr\/index.php\/2024\/12\/19\/gungor-is-ve-kariyer-planlamasinda-genclerimizin-yanindayiz\/","title":{"rendered":"G\u00fcng\u00f6r, \u201c\u0130\u015f Ve Kariyer Planlamas\u0131nda Gen\u00e7lerimizin Yan\u0131nday\u0131z\u201d"},"content":{"rendered":"\n<p>MATSO Ba\u015fkan\u0131 Seydi Tahsin G\u00fcng\u00f6r, bireylerin i\u015f hayat\u0131na haz\u0131rlanmas\u0131nda, kariyer planlamas\u0131nda ve do\u011fru y\u00f6nlendirilmesinin \u00e7ok \u00f6nemli oldu\u011funu belirterek \u201c\u0130\u015f ve kariyer planlamas\u0131nda gen\u00e7lerimizin yan\u0131nday\u0131z\u201d s\u00f6yledi.<\/p>\n\n\n\n<p>Manavgat Ticaret ve Sanayi Odas\u0131 (MATSO), Akdeniz \u00dcniversitesi ve T\u00fcrkiye \u0130\u015f Kurumunun (\u0130\u015eKUR) i\u015f birli\u011fi ile \u2018\u0130\u015f ve Meslek Dan\u0131\u015fmanl\u0131\u011f\u0131 Bilgilendirme Toplant\u0131s\u0131 ger\u00e7ekle\u015ftirildi. MATSO Turizm Fak\u00fcltesi Konferans Salonu\u2019nda ger\u00e7ekle\u015ftirilen toplant\u0131ya MATSO Turizm Fak\u00fcltesi Dekan\u0131. Prof. Dr. Ceyhun \u00c7a\u011flar K\u0131l\u0131n\u00e7, MATSO Ba\u015fkan\u0131 Seydi Tahsin G\u00fcng\u00f6r, Ba\u015fkan Yard\u0131mc\u0131s\u0131 Ali \u00d6zen, Manavgat \u0130\u015eKUR \u015eubesi \u0130\u015f ve Meslek Dan\u0131\u015fman\u0131 Ya\u011f\u0131z Ya\u011fmur Yal\u00e7\u0131n ve \u00f6\u011frenciler kat\u0131ld\u0131.<\/p>\n\n\n\n<p>Toplant\u0131n\u0131n a\u00e7\u0131l\u0131\u015f konu\u015fmas\u0131n\u0131 yapan MATSO Ba\u015fkan\u0131 Seydi Tahsin G\u00fcng\u00f6r, bireylerin i\u015f hayat\u0131na haz\u0131rlanmas\u0131nda, kariyer planlamas\u0131nda ve do\u011fru y\u00f6nlendirilmesinde kritik bir rol oynayan i\u015f ve meslek dan\u0131\u015fmanl\u0131\u011f\u0131 konusunda fark\u0131ndal\u0131k olu\u015fturmak i\u00e7in toplant\u0131y\u0131 organize ettiklerini s\u00f6yledi.<\/p>\n\n\n\n<p>Gelece\u011fe y\u00f6n verirken bu t\u00fcr etkinliklerden al\u0131nacak bilginin; kariyer yolculu\u011funda rehber olaca\u011f\u0131n\u0131 vurgulayan Ba\u015fkan G\u00fcng\u00f6r \u015funlar\u0131 s\u00f6yledi; \u201cTeknolojinin h\u0131zl\u0131 ilerleyi\u015fi; sekt\u00f6rlerdeki dinamikleri de\u011fi\u015ftirmekte ve i\u015f g\u00fcc\u00fc piyasas\u0131nda yeni ihtiya\u00e7lar do\u011furmaktad\u0131r. Bu noktada, i\u015f ve meslek dan\u0131\u015fmanl\u0131\u011f\u0131 hizmetleri, bireylerin hem kendi yeteneklerini ke\u015ffetmelerine hem de bu de\u011fi\u015fimlere uyum sa\u011flamalar\u0131na yard\u0131mc\u0131 olmaktad\u0131r.<\/p>\n\n\n\n<p>Sevgili \u00f6\u011frenciler, gelece\u011finize y\u00f6n verirken bu t\u00fcr etkinliklerden alaca\u011f\u0131n\u0131z bilgi; kariyer yolculu\u011funuzda sizlere rehber olacakt\u0131r. Unutmay\u0131n, do\u011fru bilgi ve do\u011fru y\u00f6nlendirme, ba\u015far\u0131ya giden yolda en b\u00fcy\u00fck yard\u0131mc\u0131n\u0131zd\u0131r. Manavgat i\u015f d\u00fcnyas\u0131 olarak \u0130\u015f ve kariyer planlamas\u0131nda gen\u00e7lerimizin yan\u0131nday\u0131z.&nbsp; Toplant\u0131m\u0131z\u0131n d\u00fczenlenmesinde ba\u015fta MATSO Turizm Fak\u00fcltesi Dekan\u0131m\u0131z Prof. Dr. Ceyhun \u00c7a\u011flar K\u0131l\u0131n\u00e7 olmak \u00fczere Manavgat \u0130\u015eKUR \u015eubesi \u0130\u015f ve Meslek Dan\u0131\u015fman\u0131 Ya\u011f\u0131z Ya\u011fmur Yal\u00e7\u0131n\u2019a, de\u011ferli hocalar\u0131m\u0131za, toplant\u0131m\u0131za ilgi g\u00f6steren gelece\u011fimizin teminat\u0131 k\u0131ymetli \u00f6\u011frencilerimize ve eme\u011fi ge\u00e7en herkese te\u015fekk\u00fcr ederim\u201d dedi.<\/p>\n\n\n\n<p>Ba\u015fkan G\u00fcng\u00f6r\u2019\u00fcn konu\u015fmas\u0131n\u0131n ard\u0131ndan Manavgat \u0130\u015eKUR \u015eubesi \u0130\u015f Kul\u00fcb\u00fc Birimi \u0130\u015f ve Meslek Uzman\u0131 Ya\u011f\u0131z Ya\u011fmur Yal\u00e7\u0131n yapt\u0131\u011f\u0131 sunumla gelece\u011fin meslekleri, i\u015f kul\u00fcb\u00fc, m\u00fclakat, beden dili, i\u015f g\u00f6r\u00fc\u015fmesine haz\u0131rlanma gibi konular\u0131 anlatt\u0131. Toplant\u0131 sonunda gen\u00e7lerin sorular\u0131 yan\u0131tland\u0131. Toplant\u0131 hat\u0131ra foto\u011fraf\u0131 \u00e7ekilmesi ile sona erdi.<\/p>\n\n\n\n<p>B\u00fc\u015fra Deveci \/ Haber<\/p>\n","protected":false},"excerpt":{"rendered":"<p>MATSO Ba\u015fkan\u0131 Seydi Tahsin G\u00fcng\u00f6r, bireylerin i\u015f hayat\u0131na haz\u0131rlanmas\u0131nda, kariyer planlamas\u0131nda ve do\u011fru y\u00f6nlendirilmesinin \u00e7ok \u00f6nemli oldu\u011funu belirterek \u201c\u0130\u015f ve kariyer planlamas\u0131nda gen\u00e7lerimizin yan\u0131nday\u0131z\u201d s\u00f6yledi. <a href=\"https:\/\/akdenizhaber.com.tr\/index.php\/2024\/12\/19\/gungor-is-ve-kariyer-planlamasinda-genclerimizin-yanindayiz\/\" class=\"read-more-link\">[more&#8230;]<\/a><\/p>\n","protected":false},"author":2,"featured_media":26907,"comment_status":"open","ping_status":"open","sticky":false,"template":"","format":"standard","meta":{"footnotes":""},"categories":[2],"tags":[],"class_list":["post-26906","post","type-post","status-publish","format-standard","has-post-thumbnail","hentry","category-gundem"],"_links":{"self":[{"href":"https:\/\/akdenizhaber.com.tr\/index.php\/wp-json\/wp\/v2\/posts\/26906","targetHints":{"allow":["GET"]}}],"collection":[{"href":"https:\/\/akdenizhaber.com.tr\/index.php\/wp-json\/wp\/v2\/posts"}],"about":[{"href":"https:\/\/akdenizhaber.com.tr\/index.php\/wp-json\/wp\/v2\/types\/post"}],"author":[{"embeddable":true,"href":"https:\/\/akdenizhaber.com.tr\/index.php\/wp-json\/wp\/v2\/users\/2"}],"replies":[{"embeddable":true,"href":"https:\/\/akdenizhaber.com.tr\/index.php\/wp-json\/wp\/v2\/comments?post=26906"}],"version-history":[{"count":1,"href":"https:\/\/akdenizhaber.com.tr\/index.php\/wp-json\/wp\/v2\/posts\/26906\/revisions"}],"predecessor-version":[{"id":26908,"href":"https:\/\/akdenizhaber.com.tr\/index.php\/wp-json\/wp\/v2\/posts\/26906\/revisions\/26908"}],"wp:featuredmedia":[{"embeddable":true,"href":"https:\/\/akdenizhaber.com.tr\/index.php\/wp-json\/wp\/v2\/media\/26907"}],"wp:attachment":[{"href":"https:\/\/akdenizhaber.com.tr\/index.php\/wp-json\/wp\/v2\/media?parent=26906"}],"wp:term":[{"taxonomy":"category","embeddable":true,"href":"https:\/\/akdenizhaber.com.tr\/index.php\/wp-json\/wp\/v2\/categories?post=26906"},{"taxonomy":"post_tag","embeddable":true,"href":"https:\/\/akdenizhaber.com.tr\/index.php\/wp-json\/wp\/v2\/tags?post=26906"}],"curies":[{"name":"wp","href":"https:\/\/api.w.org\/{rel}","templated":true}]}}