{"id":26897,"date":"2024-12-19T16:43:06","date_gmt":"2024-12-19T13:43:06","guid":{"rendered":"https:\/\/akdenizhaber.com.tr\/?p=26897"},"modified":"2024-12-19T16:43:07","modified_gmt":"2024-12-19T13:43:07","slug":"vali-sahin-hepimiz-bu-guzel-sehre-karsi-sorumluyuz","status":"publish","type":"post","link":"https:\/\/akdenizhaber.com.tr\/index.php\/2024\/12\/19\/vali-sahin-hepimiz-bu-guzel-sehre-karsi-sorumluyuz\/","title":{"rendered":"Vali \u015eahin: \u201cHepimiz Bu G\u00fczel \u015eehre Kar\u015f\u0131 Sorumluyuz\u201d"},"content":{"rendered":"\n<p>Antalya \u0130\u015f \u0130nsanlar\u0131 Meclisi ev sahipli\u011finde d\u00fczenlenen \u0130\u015f D\u00fcnyas\u0131 Bulu\u015fmas\u0131 toplant\u0131s\u0131, Antalya Valisi Hulusi \u015eahin\u2019in kat\u0131l\u0131m\u0131yla ger\u00e7ekle\u015ftirildi. Vali \u015eahin, &#8220;Hepimiz bu g\u00fczel \u015fehre kar\u015f\u0131 sorumluyuz&#8221; dedi.<br>D\u00fcnya mutfa\u011f\u0131n\u0131n bulu\u015fma noktas\u0131 olan Antalya&#8217;y\u0131 gastronomi turizminde daha ileriye ta\u015f\u0131mak amac\u0131yla d\u00fczenlenen toplant\u0131da sekt\u00f6rler aras\u0131 i\u015f birli\u011finin g\u00fc\u00e7lendirilmesi, Antalya\u2019y\u0131 gastronomi turizminde daha da ileriye ta\u015f\u0131yacak olan \u00e7al\u0131\u015fmalar ile tar\u0131m, turizm, ekonomi, sosyal ve k\u00fclt\u00fcrel alanlarda gelece\u011fe y\u00f6nelik stratejiler ele al\u0131nd\u0131.<br>ATSO Konferans Salonu\u2019nda ger\u00e7ekle\u015ftirilen etkinli\u011fe, Vali Hulusi \u015eahin\u2019in yan\u0131 s\u0131ra Cumhuriyet Ba\u015fsavc\u0131s\u0131 Yakup Ali Kahveci, \u0130l Jandarma Komutan\u0131 Tu\u011fgeneral Tar\u0131k Hekimo\u011flu, \u0130l Emniyet M\u00fcd\u00fcr\u00fc \u0130lker Arslan, \u0130l K\u00fclt\u00fcr ve Turizm M\u00fcd\u00fcr\u00fc Candemir Zoro\u011flu, Antalya \u0130\u015f \u0130nsanlar\u0131 Meclisi Ba\u015fkan\u0131 Mustafa \u00c7ilingiro\u011flu, ATSO Meclis Ba\u015fkan\u0131 Ahmet \u00d6zt\u00fcrk ve i\u015f insanlar\u0131 kat\u0131ld\u0131.<br>Toplant\u0131da yapt\u0131\u011f\u0131 konu\u015fmada, Antalya\u2019n\u0131n mevcut konumunu her alanda korumas\u0131 i\u00e7in herkesin \u00fczerine d\u00fc\u015fen g\u00f6revler oldu\u011funu ifade eden Vali \u015eahin, \u201cAntalya\u2019y\u0131 Antalya yapan bu g\u00fczel denizin ve bu muhte\u015fem co\u011frafyan\u0131n temiz kalmas\u0131 laz\u0131m. Hepimiz bu g\u00fczel \u015fehre kar\u015f\u0131 sorumluyuz. Antalya, T\u00fcrkiye\u2019nin d\u00fcnyadaki k\u00fcresel markalar\u0131ndan birisidir. Antalya\u2019n\u0131n marka de\u011ferine zarar verecek her \u015feye hep birlikte tepki g\u00f6stermeliyiz.\u201d dedi.<\/p>\n\n\n\n<p>&nbsp;Antalya Valili\u011fi \/ B\u00fclten<\/p>\n\n\n\n<p><\/p>\n","protected":false},"excerpt":{"rendered":"<p>Antalya \u0130\u015f \u0130nsanlar\u0131 Meclisi ev sahipli\u011finde d\u00fczenlenen \u0130\u015f D\u00fcnyas\u0131 Bulu\u015fmas\u0131 toplant\u0131s\u0131, Antalya Valisi Hulusi \u015eahin\u2019in kat\u0131l\u0131m\u0131yla ger\u00e7ekle\u015ftirildi. Vali \u015eahin, &#8220;Hepimiz bu g\u00fczel \u015fehre kar\u015f\u0131 sorumluyuz&#8221; <a href=\"https:\/\/akdenizhaber.com.tr\/index.php\/2024\/12\/19\/vali-sahin-hepimiz-bu-guzel-sehre-karsi-sorumluyuz\/\" class=\"read-more-link\">[more&#8230;]<\/a><\/p>\n","protected":false},"author":2,"featured_media":26898,"comment_status":"open","ping_status":"open","sticky":false,"template":"","format":"standard","meta":{"footnotes":""},"categories":[2],"tags":[],"class_list":["post-26897","post","type-post","status-publish","format-standard","has-post-thumbnail","hentry","category-gundem"],"_links":{"self":[{"href":"https:\/\/akdenizhaber.com.tr\/index.php\/wp-json\/wp\/v2\/posts\/26897","targetHints":{"allow":["GET"]}}],"collection":[{"href":"https:\/\/akdenizhaber.com.tr\/index.php\/wp-json\/wp\/v2\/posts"}],"about":[{"href":"https:\/\/akdenizhaber.com.tr\/index.php\/wp-json\/wp\/v2\/types\/post"}],"author":[{"embeddable":true,"href":"https:\/\/akdenizhaber.com.tr\/index.php\/wp-json\/wp\/v2\/users\/2"}],"replies":[{"embeddable":true,"href":"https:\/\/akdenizhaber.com.tr\/index.php\/wp-json\/wp\/v2\/comments?post=26897"}],"version-history":[{"count":1,"href":"https:\/\/akdenizhaber.com.tr\/index.php\/wp-json\/wp\/v2\/posts\/26897\/revisions"}],"predecessor-version":[{"id":26899,"href":"https:\/\/akdenizhaber.com.tr\/index.php\/wp-json\/wp\/v2\/posts\/26897\/revisions\/26899"}],"wp:featuredmedia":[{"embeddable":true,"href":"https:\/\/akdenizhaber.com.tr\/index.php\/wp-json\/wp\/v2\/media\/26898"}],"wp:attachment":[{"href":"https:\/\/akdenizhaber.com.tr\/index.php\/wp-json\/wp\/v2\/media?parent=26897"}],"wp:term":[{"taxonomy":"category","embeddable":true,"href":"https:\/\/akdenizhaber.com.tr\/index.php\/wp-json\/wp\/v2\/categories?post=26897"},{"taxonomy":"post_tag","embeddable":true,"href":"https:\/\/akdenizhaber.com.tr\/index.php\/wp-json\/wp\/v2\/tags?post=26897"}],"curies":[{"name":"wp","href":"https:\/\/api.w.org\/{rel}","templated":true}]}}