{"id":26860,"date":"2024-12-16T15:51:41","date_gmt":"2024-12-16T12:51:41","guid":{"rendered":"https:\/\/akdenizhaber.com.tr\/?p=26860"},"modified":"2024-12-16T15:51:42","modified_gmt":"2024-12-16T12:51:42","slug":"bir-baska-antalya-2-sergisi-ziyarete-acildi","status":"publish","type":"post","link":"https:\/\/akdenizhaber.com.tr\/index.php\/2024\/12\/16\/bir-baska-antalya-2-sergisi-ziyarete-acildi\/","title":{"rendered":"\u201cBir Ba\u015fka Antalya 2\u201d Sergisi Ziyarete A\u00e7\u0131ld\u0131"},"content":{"rendered":"\n<p>Antalya Ticaret ve Sanayi Odas\u0131 (ATSO) E\u011fitim Ara\u015ft\u0131rma ve K\u00fclt\u00fcr Vakf\u0131 b\u00fcnyesinde faaliyet g\u00f6steren Antalya K\u00fclt\u00fcr Sanat (AKS), &#8220;Bir Ba\u015fka Antalya 2&#8221; sergisini sanatseverlerle bulu\u015fturdu.<\/p>\n\n\n\n<p>ATSO Y\u00f6netim Kurulu Ba\u015fkan\u0131 ve ATSO E\u011fitim Ara\u015ft\u0131rma ve K\u00fclt\u00fcr Vakf\u0131 Ba\u015fkan\u0131 Yusuf Hac\u0131s\u00fcleyman\u2019\u0131n ev sahipli\u011finde ger\u00e7ekle\u015fen etkinli\u011fe, Antalya Hudut M\u00fclki \u0130dare Amiri Dr. Suat Seyito\u011flu, Muratpa\u015fa Belediye Ba\u015fkan Yard\u0131mc\u0131s\u0131 Canan Kele\u015f, Sergi K\u00fcrat\u00f6r\u00fc Prof. Mustafa A\u011fatekin, Y\u00f6netim Kurulu Ba\u015fkan Yard\u0131mc\u0131s\u0131 Hakan Pakal\u0131n, Y\u00f6netim Kurulu \u00dcyesi Mehmet Dikmen, Meclis Ba\u015fkan Yard\u0131mc\u0131s\u0131 M\u0131zrab Cihangir Deniz, ATSO E\u011fitim Ara\u015ft\u0131rma ve K\u00fclt\u00fcr Vakf\u0131 Ba\u015fkan Yard\u0131mc\u0131s\u0131 ve ATSO Meclis \u00dcyesi \u00d6mer Gilan, 2. Grup (Hayvanc\u0131l\u0131k ve Hayvansal \u00dcr\u00fcnler) Meclis \u00dcyesi Hasan Ta\u015f, 26. Grup (Kuyumculuk, M\u00fccevher ve Saat) Meclis \u00dcyesi Durmu\u015f K\u00fc\u00e7\u00fckayaz, 49. Grup (Sa\u011fl\u0131k Hizmetleri) Meclis \u00dcyeleri Dr. G\u00fcls\u00fcn G\u00fclay Y\u0131lmaz ve Binnur Yi\u011fitba\u015f\u0131, ATSO E\u011fitim Ara\u015ft\u0131rma ve K\u00fclt\u00fcr Vakf\u0131 Y\u00f6netim Kurulu \u00dcyesi Onur \u00d6zer, \u015eebnem Bahar Art Galeri Kurucusu \u015eebnem Bahar, sanat\u00e7\u0131lar ve sanatseverler kat\u0131ld\u0131.<\/p>\n\n\n\n<p>Antalya\u2019ya \u00f6zel \u00e7al\u0131\u015fmalar<\/p>\n\n\n\n<p>Bir Ba\u015fka Antalya 2 Sergisi&#8217;nin a\u00e7\u0131l\u0131\u015f\u0131nda konu\u015fan Ba\u015fkan Hac\u0131s\u00fcleyman, \u201cBurada \u00e7ok de\u011ferli sanat\u00e7\u0131lar\u0131m\u0131z\u0131 a\u011f\u0131rlad\u0131k. Bizi k\u0131rmayarak b\u00f6yle g\u00fczel bir etkinlikte Antalya\u2019n\u0131n gelece\u011fine eserler katt\u0131lar. Bu \u00e7al\u0131\u015fmalar kentimize bir hediye ve k\u00fclt\u00fcr miras\u0131 i\u00e7in de\u011ferli bir katk\u0131 olacak. Sanat\u00e7\u0131lar\u0131m\u0131z eserlerini bize ba\u011f\u0131\u015flad\u0131lar ve emeklerini, tecr\u00fcbelerini ve birikimlerini bizimle payla\u015ft\u0131lar. Sanat\u00e7\u0131lar\u0131m\u0131za \u00e7ok te\u015fekk\u00fcr ediyorum\u201d dedi. \u00c7al\u0131\u015ftay kapsam\u0131nda \u00fcretilen eserler, \u015fehrin tarihsel, k\u00fclt\u00fcrel ve geleneksel zenginliklerini \u00e7a\u011fda\u015f sanat\u0131n yorumuyla sergiye ta\u015f\u0131yor. Sergide, Atilla Atar, Beril An\u0131lanmert, Ekrem Kahraman, \u0130rfan D\u00f6nmez, Mehmet T\u00fcz\u00fcm K\u0131z\u0131lcan, Su Y\u00fccel, \u015eeniz Aksoy, Tansel T\u00fcrkdo\u011fan, Yal\u00e7\u0131n G\u00f6k\u00e7eba\u011f ve Zehra \u00c7obanl\u0131 gibi T\u00fcrk resminin ustalar\u0131n\u0131n eserleri yer al\u0131yor.<\/p>\n\n\n\n<p>\u00c7a\u011fda\u015f sanat m\u00fczesi hayali<\/p>\n\n\n\n<p>Serginin a\u00e7\u0131l\u0131\u015f\u0131nda konu\u015fan ATSO Y\u00f6netim Kurulu Ba\u015fkan\u0131 Yusuf Hac\u0131s\u00fcleyman, merhum ATSO Ba\u015fkan\u0131 Ali Bahar\u2019\u0131n miras\u0131n\u0131 ya\u015fatt\u0131klar\u0131n\u0131 belirterek, \u201cDe\u011ferli ba\u015fkan\u0131m\u0131z\u0131n ba\u015flatt\u0131\u011f\u0131 bu \u00e7al\u0131\u015fmalar, Antalya\u2019n\u0131n sanat ve k\u00fclt\u00fcr kenti kimli\u011fini g\u00fc\u00e7lendirme yolunda \u00f6nemli bir ad\u0131m. \u00c7a\u011fda\u015f sanat m\u00fczesi kurma hayalimiz i\u00e7in bu etkinlikler, \u00f6nemli birer kilometre ta\u015f\u0131d\u0131r\u201d dedi.<\/p>\n\n\n\n<p>Ge\u00e7mi\u015f ve g\u00fcn\u00fcm\u00fcz bir arada<\/p>\n\n\n\n<p>Sergi hakk\u0131nda bilgi veren Sergi K\u00fcrat\u00f6r\u00fc Prof. Mustafa A\u011fatekin, \u201cBir hafta boyunca sanat\u00e7\u0131lar\u0131m\u0131z Antalya ile ilgili izlenimlerini i\u00e7eren resimler \u00fcretti. Bir Ba\u015fka Antalya asl\u0131nda 4 y\u0131la yay\u0131lan bir proje olarak planland\u0131. Ge\u00e7en y\u0131l ilkini ba\u015flatm\u0131\u015ft\u0131k, bu sene ise ikincisiyle 10 farkl\u0131 sanat\u00e7\u0131y\u0131 Antalyal\u0131 sanatseverlerle bulu\u015fturuyoruz. Eme\u011fi ge\u00e7en herkese te\u015fekk\u00fcrler\u201d diye konu\u015ftu. \u201cBir Ba\u015fka Antalya 2\u201d sergisi, Antalya K\u00fclt\u00fcr Sanat\u2019ta 14 Aral\u0131k 2024 ile 15 \u015eubat 2025 tarihleri aras\u0131nda sanatseverlerin ziyaretine a\u00e7\u0131k olacak. Ge\u00e7mi\u015fin izlerini \u00e7a\u011fda\u015f sanat\u0131n \u0131\u015f\u0131\u011f\u0131nda ke\u015ffetmek isteyen herkes, bu \u00fccretsiz sergiyi ziyaret edebilir.<\/p>\n\n\n\n<p>Antalya Ticaret ve Sanayi Odas\u0131 \/ B\u00fclten<\/p>\n","protected":false},"excerpt":{"rendered":"<p>Antalya Ticaret ve Sanayi Odas\u0131 (ATSO) E\u011fitim Ara\u015ft\u0131rma ve K\u00fclt\u00fcr Vakf\u0131 b\u00fcnyesinde faaliyet g\u00f6steren Antalya K\u00fclt\u00fcr Sanat (AKS), &#8220;Bir Ba\u015fka Antalya 2&#8221; sergisini sanatseverlerle bulu\u015fturdu. <a href=\"https:\/\/akdenizhaber.com.tr\/index.php\/2024\/12\/16\/bir-baska-antalya-2-sergisi-ziyarete-acildi\/\" class=\"read-more-link\">[more&#8230;]<\/a><\/p>\n","protected":false},"author":2,"featured_media":26861,"comment_status":"open","ping_status":"open","sticky":false,"template":"","format":"standard","meta":{"footnotes":""},"categories":[2],"tags":[],"class_list":["post-26860","post","type-post","status-publish","format-standard","has-post-thumbnail","hentry","category-gundem"],"_links":{"self":[{"href":"https:\/\/akdenizhaber.com.tr\/index.php\/wp-json\/wp\/v2\/posts\/26860","targetHints":{"allow":["GET"]}}],"collection":[{"href":"https:\/\/akdenizhaber.com.tr\/index.php\/wp-json\/wp\/v2\/posts"}],"about":[{"href":"https:\/\/akdenizhaber.com.tr\/index.php\/wp-json\/wp\/v2\/types\/post"}],"author":[{"embeddable":true,"href":"https:\/\/akdenizhaber.com.tr\/index.php\/wp-json\/wp\/v2\/users\/2"}],"replies":[{"embeddable":true,"href":"https:\/\/akdenizhaber.com.tr\/index.php\/wp-json\/wp\/v2\/comments?post=26860"}],"version-history":[{"count":1,"href":"https:\/\/akdenizhaber.com.tr\/index.php\/wp-json\/wp\/v2\/posts\/26860\/revisions"}],"predecessor-version":[{"id":26862,"href":"https:\/\/akdenizhaber.com.tr\/index.php\/wp-json\/wp\/v2\/posts\/26860\/revisions\/26862"}],"wp:featuredmedia":[{"embeddable":true,"href":"https:\/\/akdenizhaber.com.tr\/index.php\/wp-json\/wp\/v2\/media\/26861"}],"wp:attachment":[{"href":"https:\/\/akdenizhaber.com.tr\/index.php\/wp-json\/wp\/v2\/media?parent=26860"}],"wp:term":[{"taxonomy":"category","embeddable":true,"href":"https:\/\/akdenizhaber.com.tr\/index.php\/wp-json\/wp\/v2\/categories?post=26860"},{"taxonomy":"post_tag","embeddable":true,"href":"https:\/\/akdenizhaber.com.tr\/index.php\/wp-json\/wp\/v2\/tags?post=26860"}],"curies":[{"name":"wp","href":"https:\/\/api.w.org\/{rel}","templated":true}]}}