{"id":26847,"date":"2024-12-12T15:47:14","date_gmt":"2024-12-12T12:47:14","guid":{"rendered":"https:\/\/akdenizhaber.com.tr\/?p=26847"},"modified":"2024-12-12T15:47:14","modified_gmt":"2024-12-12T12:47:14","slug":"manavgata-yeni-aile-sagli-merkezi-acildi","status":"publish","type":"post","link":"https:\/\/akdenizhaber.com.tr\/index.php\/2024\/12\/12\/manavgata-yeni-aile-sagli-merkezi-acildi\/","title":{"rendered":"Manavgat\u2019a Yeni Aile Sa\u011fl\u0131 Merkezi A\u00e7\u0131ld\u0131\u00a0"},"content":{"rendered":"\n<p>Manavgat\u2019ta ger\u00e7ekle\u015ftirilen sa\u011fl\u0131k yat\u0131r\u0131mlar\u0131na bir yenisi daha eklendi. Hay\u0131rsever Fuat Turan\u2019\u0131n katk\u0131lar\u0131yla in\u015fa edilen Manavgat \u015eefika Turan Aile Sa\u011fl\u0131\u011f\u0131 Merkezi t\u00f6ren ile hizmete a\u00e7\u0131ld\u0131.<\/p>\n\n\n\n<p>Manavgat il\u00e7esi, K\u0131z\u0131la\u011fa\u00e7 Mahallesi\u2019nde yap\u0131m\u0131 tamamlanan Manavgat \u015eefika Turan Aile Sa\u011fl\u0131\u011f\u0131 Merkezi, Antalya Valisi Hulusi \u015eahin\u2019in kat\u0131l\u0131m sa\u011flad\u0131\u011f\u0131 t\u00f6ren ile hizmete a\u00e7\u0131ld\u0131. Hay\u0131rsever Fuat Turan\u2019\u0131n katk\u0131lar\u0131yla 2 bin 525 metrekare alanda in\u015fa edilen 6 hekimli \u015eefika Turan Aile Sa\u011fl\u0131\u011f\u0131 Merkezi, Manavgat\u2019\u0131n sa\u011fl\u0131k altyap\u0131s\u0131na \u00f6nemli katk\u0131 sa\u011flayacak.<br>Manavgat \u015eefika Turan Aile Sa\u011fl\u0131\u011f\u0131 Merkezi a\u00e7\u0131l\u0131\u015f t\u00f6renine Vali Hulusi \u015eahin\u2019in yan\u0131 s\u0131ra, Manavgat Kaymakam\u0131 Adil Karata\u015f, Manavgat Belediye Ba\u015fkan\u0131 Niyazi Nefi Kara, \u0130l Jandarma Komutan\u0131 Tu\u011fgeneral Tar\u0131k Hekimo\u011flu, \u0130l Sa\u011fl\u0131k M\u00fcd\u00fcr\u00fc Prof. Dr. Behzat \u00d6zkan, Manavgat M\u00fcft\u00fcs\u00fc Abdullah Ero\u011flu, hay\u0131rsever i\u015f insan\u0131 Fuat Turan ve ailesi, sa\u011fl\u0131k temsilcileri ve vatanda\u015flar kat\u0131ld\u0131.<\/p>\n\n\n\n<p>G\u00f6n\u00fcllerimiz, \u0130yilikle De\u011ferlenecek<br>A\u00e7\u0131l\u0131\u015f t\u00f6reninde yapt\u0131\u011f\u0131 konu\u015fmada hay\u0131rseverli\u011fin sadece maddiyatla s\u0131n\u0131rl\u0131 olmad\u0131\u011f\u0131n\u0131 ifade eden Vali \u015eahin, \u201cBir insan\u0131n de\u011feri, ba\u015fkalar\u0131na yapt\u0131\u011f\u0131 katk\u0131lar ve iyiliklerle \u00f6l\u00e7\u00fcl\u00fcr. \u0130nsan\u0131 \u00fcst\u00fcn yapan, ba\u015fkalar\u0131na da faydal\u0131 olabilmektir. G\u00f6n\u00fclden yap\u0131lan her iyilik \u00f6nemlidir. Baz\u0131 insanlar fabrika yaparak, baz\u0131 insanlar kitap yazarak, baz\u0131 insanlar doktor olarak, baz\u0131 insanlar da \u00e7ocuk okutarak g\u00fcc\u00fc oran\u0131nda memleketine hizmet eder. \u015eefika Turan Aile Sa\u011fl\u0131\u011f\u0131 Merkezi in\u015fas\u0131na yapt\u0131\u011f\u0131 katk\u0131larla Manavgat\u2019a \u00e7ok \u00f6nemli bir hizmet sa\u011flayan hay\u0131rsever i\u015f insan\u0131 Fuat Turan\u2019a ve ailesine te\u015fekk\u00fcr ederim. &#8221; dedi.<br>Manavgat\u2019a Hizmet Etmeye Devam Edece\u011fiz<br>Manavgat\u2019ta sa\u011fl\u0131k hizmetlerini g\u00fc\u00e7lendirilmeye y\u00f6nelik \u00e7al\u0131\u015fmalar\u0131n devam edece\u011fini belirten Vali \u015eahin, \u201cAile hekimli\u011fi \u00e7ok k\u0131ymetli bir meslek. Bu sa\u011fl\u0131k merkezinde hekimlerimiz binlerce Manavgatl\u0131ya kaliteli bir ortamda hizmet verecek. Manavgat\u2019a daha fazla aile hekimli\u011fi yap\u0131s\u0131 kurmak i\u00e7in \u00e7al\u0131\u015f\u0131yoruz. \u0130n\u015fallah yeni hastaneler de gelecek. Bunlar\u0131 ger\u00e7ekle\u015ftirdi\u011fimizde, Manavgat\u2019a sa\u011fl\u0131k y\u00f6n\u00fcnden \u00e7ok daha iyi hizmetler sunmu\u015f olaca\u011f\u0131z. Bu g\u00fczel \u015fehre daha fazla hizmet etmek i\u00e7in elimizden geleni yap\u0131yoruz ve yapmaya da devam edece\u011fiz.&#8221; ifadelerini kulland\u0131.&nbsp;<br>Konu\u015fmas\u0131n\u0131n ard\u0131ndan Vali Hulusi \u015eahin, Manavgat \u015eefika Turan Aile Sa\u011fl\u0131\u011f\u0131 Merkezi in\u015fas\u0131na sa\u011flad\u0131\u011f\u0131 katk\u0131lardan dolay\u0131 i\u015f insan\u0131 Fuat Turan\u2019a plaket takdim etti. Kat\u0131l\u0131mc\u0131larla birlikte a\u00e7\u0131l\u0131\u015f kurdelesini kesen Vali \u015eahin, daha sonra beraberindeki heyet ile birlikte binay\u0131 gezerek incelemelerde bulundu.<\/p>\n\n\n\n<p>HABER MERKEZ\u0130<\/p>\n","protected":false},"excerpt":{"rendered":"<p>Manavgat\u2019ta ger\u00e7ekle\u015ftirilen sa\u011fl\u0131k yat\u0131r\u0131mlar\u0131na bir yenisi daha eklendi. Hay\u0131rsever Fuat Turan\u2019\u0131n katk\u0131lar\u0131yla in\u015fa edilen Manavgat \u015eefika Turan Aile Sa\u011fl\u0131\u011f\u0131 Merkezi t\u00f6ren ile hizmete a\u00e7\u0131ld\u0131. Manavgat <a href=\"https:\/\/akdenizhaber.com.tr\/index.php\/2024\/12\/12\/manavgata-yeni-aile-sagli-merkezi-acildi\/\" class=\"read-more-link\">[more&#8230;]<\/a><\/p>\n","protected":false},"author":2,"featured_media":26848,"comment_status":"open","ping_status":"open","sticky":false,"template":"","format":"standard","meta":{"footnotes":""},"categories":[2],"tags":[],"class_list":["post-26847","post","type-post","status-publish","format-standard","has-post-thumbnail","hentry","category-gundem"],"_links":{"self":[{"href":"https:\/\/akdenizhaber.com.tr\/index.php\/wp-json\/wp\/v2\/posts\/26847","targetHints":{"allow":["GET"]}}],"collection":[{"href":"https:\/\/akdenizhaber.com.tr\/index.php\/wp-json\/wp\/v2\/posts"}],"about":[{"href":"https:\/\/akdenizhaber.com.tr\/index.php\/wp-json\/wp\/v2\/types\/post"}],"author":[{"embeddable":true,"href":"https:\/\/akdenizhaber.com.tr\/index.php\/wp-json\/wp\/v2\/users\/2"}],"replies":[{"embeddable":true,"href":"https:\/\/akdenizhaber.com.tr\/index.php\/wp-json\/wp\/v2\/comments?post=26847"}],"version-history":[{"count":1,"href":"https:\/\/akdenizhaber.com.tr\/index.php\/wp-json\/wp\/v2\/posts\/26847\/revisions"}],"predecessor-version":[{"id":26849,"href":"https:\/\/akdenizhaber.com.tr\/index.php\/wp-json\/wp\/v2\/posts\/26847\/revisions\/26849"}],"wp:featuredmedia":[{"embeddable":true,"href":"https:\/\/akdenizhaber.com.tr\/index.php\/wp-json\/wp\/v2\/media\/26848"}],"wp:attachment":[{"href":"https:\/\/akdenizhaber.com.tr\/index.php\/wp-json\/wp\/v2\/media?parent=26847"}],"wp:term":[{"taxonomy":"category","embeddable":true,"href":"https:\/\/akdenizhaber.com.tr\/index.php\/wp-json\/wp\/v2\/categories?post=26847"},{"taxonomy":"post_tag","embeddable":true,"href":"https:\/\/akdenizhaber.com.tr\/index.php\/wp-json\/wp\/v2\/tags?post=26847"}],"curies":[{"name":"wp","href":"https:\/\/api.w.org\/{rel}","templated":true}]}}