{"id":26828,"date":"2024-12-12T15:39:07","date_gmt":"2024-12-12T12:39:07","guid":{"rendered":"https:\/\/akdenizhaber.com.tr\/?p=26828"},"modified":"2024-12-12T15:39:08","modified_gmt":"2024-12-12T12:39:08","slug":"tarimin-merkezi-antalyada-gelecegin-tohumlari-ekildi","status":"publish","type":"post","link":"https:\/\/akdenizhaber.com.tr\/index.php\/2024\/12\/12\/tarimin-merkezi-antalyada-gelecegin-tohumlari-ekildi\/","title":{"rendered":"Tar\u0131m\u0131n Merkezi Antalya\u2019da Gelece\u011fin Tohumlar\u0131 Ekildi\u00a0"},"content":{"rendered":"\n<p>Tohumculuk sekt\u00f6r\u00fcn\u00fcn gelece\u011fine y\u00f6n verecek olan \u20188. Uluslararas\u0131 Tohumculuk Kongresi\u2019, Tar\u0131m ve Orman Bakan\u0131 Say\u0131n \u0130brahim Yumakl\u0131\u2019n\u0131n kat\u0131l\u0131m\u0131yla Antalya\u2019da ger\u00e7ekle\u015ftirildi.<br>Tar\u0131m ve Orman Bakanl\u0131\u011f\u0131 himayelerinde, T\u00fcrkiye Tohumcular Birli\u011fi (T\u00dcRKTOB) ve Ankara \u00dcniversitesi Ziraat Fak\u00fcltesi i\u015fbirli\u011fiyle d\u00fczenlenen \u20188. Uluslararas\u0131 Tohumculuk Kongresi\u2019, Tar\u0131m ve Orman Bakan\u0131 Say\u0131n \u0130brahim Yumakl\u0131\u2019n\u0131n kat\u0131l\u0131m\u0131yla Antalya\u2019da ger\u00e7ekle\u015ftirildi. 19 farkl\u0131 \u00fclkeden yakla\u015f\u0131k 1700 sekt\u00f6r payda\u015f\u0131n\u0131n kat\u0131l\u0131m sa\u011flad\u0131\u011f\u0131 kongrede, \u00fcretim teknolojileri ve y\u00f6ntemlerinin yan\u0131 s\u0131ra pazarlama, sat\u0131\u015f, markala\u015fma ve i\u015f birli\u011fi f\u0131rsatlar\u0131n\u0131n ele al\u0131nmas\u0131 hedefleniyor.&nbsp;<br>Serik il\u00e7esi Belek b\u00f6lgesinde yap\u0131lan kongreye Tar\u0131m ve Orman Bakan\u0131 Say\u0131n \u0130brahim Yumakl\u0131, Antalya Valisi Hulusi \u015eahin, \u0130l Tar\u0131m ve Orman M\u00fcd\u00fcr\u00fc F\u0131rat Erkal, T\u00fcrkiye Tohumcular Birli\u011fi Y\u00f6netim Kurulu Ba\u015fkan\u0131 Hac\u0131 \u00d6mer G\u00fcler, Tar\u0131m ve Orman Bakanl\u0131\u011f\u0131 Tar\u0131msal Ara\u015ft\u0131rmalar ve Politikalar Genel M\u00fcd\u00fcr\u00fc Mustafa Altu\u011f Atalay, tar\u0131m sekt\u00f6r\u00fc temsilcileri, akademisyenler ve i\u015f insanlar\u0131 kat\u0131ld\u0131.<br>Yerli Tohumlar\u0131m\u0131z Milli Ekonomiye B\u00fcy\u00fck Katk\u0131 Sa\u011fl\u0131yor<br>Kongrede yapt\u0131\u011f\u0131 konu\u015fmada, tohumculuk sekt\u00f6r\u00fc ile ilgili geni\u015f kapsaml\u0131 \u00e7al\u0131\u015fmalar yap\u0131ld\u0131\u011f\u0131n\u0131 ifade eden Bakan Yumakl\u0131, &#8220;Ger\u00e7ekle\u015ftirdi\u011fimiz \u00e7al\u0131\u015fmalar sonucunda \u00fclkemizde kullan\u0131lan her 100 kilograml\u0131k tohumun y\u00fczde 97&#8217;sini yurt i\u00e7inde \u00fcretir hale geldik. Bu sayede son 22 y\u0131lda tohumluk \u00fcretimini, 145 bin tondan 1,3 milyon tona \u00e7\u0131kard\u0131k. 117 \u00fclkeye ihra\u00e7 edilen tohumlar\u0131m\u0131z, milli ekonomiye yakla\u015f\u0131k 500 milyon dolarl\u0131k katk\u0131 sa\u011flad\u0131.\u201d dedi.&nbsp;<br>Tohumculuk sekt\u00f6r\u00fcn\u00fc desteklemeye y\u00f6nelik projelerin devam edece\u011fini belirten Bakan Yumakl\u0131, \u201cTar\u0131msal \u00fcretimin gelece\u011fini korumak ad\u0131na tohumculuk sekt\u00f6r\u00fcm\u00fcze y\u00f6nelik politikalar\u0131 hep \u00f6n planda tutuyoruz. Son 22 y\u0131lda gerekli mevzuat ba\u015fta olmak \u00fczere, sekt\u00f6r\u00fcn ulusal ve uluslararas\u0131 alanda rekabet g\u00fcc\u00fcn\u00fc art\u0131rmak i\u00e7in \u00f6nemli \u00e7al\u0131\u015fmalar y\u00fcr\u00fctt\u00fck. Sekt\u00f6re, hibe desteklerinden kredi desteklerine ve yat\u0131r\u0131m projelerine kadar bir\u00e7ok alanda destek sa\u011fl\u0131yoruz.\u201d ifadelerine yer verdi.<br>Antalya, Tar\u0131m\u0131n ve Yerli Tohumculu\u011fun Amiral Gemisidir<br>Konu\u015fmas\u0131nda Antalya\u2019n\u0131n tar\u0131m ve tohumculuk alan\u0131ndaki \u00f6nemine vurgu yapan Vali \u015eahin, \u201cTar\u0131m ve turizm sekt\u00f6rlerinde T\u00fcrkiye\u2019nin amiral gemisi olan Antalya, tohumculuk sekt\u00f6r\u00fcnde de T\u00fcrkiye\u2019nin amiral gemisi konumundad\u0131r. Tar\u0131m, tamamen teknoloji ve bilgiyle yap\u0131lmas\u0131 gereken, ciddi sermaye gerektiren ama getirisi de bir o kadar y\u00fcksek olan devasa bir sekt\u00f6rd\u00fcr. \u00dclke olarak iki trilyon dolar milli gelir ve bir trilyon dolar d\u0131\u015f ticaret hedeflerimiz var. Bu hedeflere h\u0131zla ula\u015faca\u011f\u0131m\u0131za inan\u0131yorum. Bunun i\u00e7in her sekt\u00f6r\u00fcn \u00fczerine d\u00fc\u015fen g\u00f6revler var. Tar\u0131m sekt\u00f6r\u00fc de bu konuda \u00fczerine d\u00fc\u015fen g\u00f6revi yapmaya muktedirdir. T\u00fcrk tar\u0131m\u0131 ve T\u00fcrk tohumculu\u011fu daha da ileri noktalara gelebilecek altyap\u0131 ve imk\u00e2nlara sahiptir. Antalya da bu konuda \u00f6nemli bir merkezdir.\u201d dedi.<br>Konu\u015fmalar\u0131n ard\u0131ndan, Tar\u0131msal Ara\u015ft\u0131rmalar ve Politikalar Genel M\u00fcd\u00fcrl\u00fc\u011f\u00fc ile T\u00fcrkiye Tohumcular Birli\u011fi aras\u0131nda i\u015f birli\u011fi protokol\u00fc imzaland\u0131. 9-12 Aral\u0131k tarihleri aras\u0131nda devam edecek olan kongrede ticaret masalar\u0131, stant imk\u00e2nlar\u0131, firma ve birlik tan\u0131t\u0131mlar\u0131 ile g\u00fcncel konulara dair panel ve konferanslar d\u00fczenlenecek.<\/p>\n\n\n\n<p>Antalya Valili\u011fi \/ B\u00fclten<\/p>\n","protected":false},"excerpt":{"rendered":"<p>Tohumculuk sekt\u00f6r\u00fcn\u00fcn gelece\u011fine y\u00f6n verecek olan \u20188. Uluslararas\u0131 Tohumculuk Kongresi\u2019, Tar\u0131m ve Orman Bakan\u0131 Say\u0131n \u0130brahim Yumakl\u0131\u2019n\u0131n kat\u0131l\u0131m\u0131yla Antalya\u2019da ger\u00e7ekle\u015ftirildi.Tar\u0131m ve Orman Bakanl\u0131\u011f\u0131 himayelerinde, T\u00fcrkiye <a href=\"https:\/\/akdenizhaber.com.tr\/index.php\/2024\/12\/12\/tarimin-merkezi-antalyada-gelecegin-tohumlari-ekildi\/\" class=\"read-more-link\">[more&#8230;]<\/a><\/p>\n","protected":false},"author":2,"featured_media":26829,"comment_status":"open","ping_status":"open","sticky":false,"template":"","format":"standard","meta":{"footnotes":""},"categories":[2],"tags":[],"class_list":["post-26828","post","type-post","status-publish","format-standard","has-post-thumbnail","hentry","category-gundem"],"_links":{"self":[{"href":"https:\/\/akdenizhaber.com.tr\/index.php\/wp-json\/wp\/v2\/posts\/26828","targetHints":{"allow":["GET"]}}],"collection":[{"href":"https:\/\/akdenizhaber.com.tr\/index.php\/wp-json\/wp\/v2\/posts"}],"about":[{"href":"https:\/\/akdenizhaber.com.tr\/index.php\/wp-json\/wp\/v2\/types\/post"}],"author":[{"embeddable":true,"href":"https:\/\/akdenizhaber.com.tr\/index.php\/wp-json\/wp\/v2\/users\/2"}],"replies":[{"embeddable":true,"href":"https:\/\/akdenizhaber.com.tr\/index.php\/wp-json\/wp\/v2\/comments?post=26828"}],"version-history":[{"count":1,"href":"https:\/\/akdenizhaber.com.tr\/index.php\/wp-json\/wp\/v2\/posts\/26828\/revisions"}],"predecessor-version":[{"id":26830,"href":"https:\/\/akdenizhaber.com.tr\/index.php\/wp-json\/wp\/v2\/posts\/26828\/revisions\/26830"}],"wp:featuredmedia":[{"embeddable":true,"href":"https:\/\/akdenizhaber.com.tr\/index.php\/wp-json\/wp\/v2\/media\/26829"}],"wp:attachment":[{"href":"https:\/\/akdenizhaber.com.tr\/index.php\/wp-json\/wp\/v2\/media?parent=26828"}],"wp:term":[{"taxonomy":"category","embeddable":true,"href":"https:\/\/akdenizhaber.com.tr\/index.php\/wp-json\/wp\/v2\/categories?post=26828"},{"taxonomy":"post_tag","embeddable":true,"href":"https:\/\/akdenizhaber.com.tr\/index.php\/wp-json\/wp\/v2\/tags?post=26828"}],"curies":[{"name":"wp","href":"https:\/\/api.w.org\/{rel}","templated":true}]}}