{"id":26811,"date":"2024-12-10T10:04:34","date_gmt":"2024-12-10T07:04:34","guid":{"rendered":"https:\/\/akdenizhaber.com.tr\/?p=26811"},"modified":"2024-12-10T10:04:35","modified_gmt":"2024-12-10T07:04:35","slug":"ispartada-askeri-helikopter-kazasi","status":"publish","type":"post","link":"https:\/\/akdenizhaber.com.tr\/index.php\/2024\/12\/10\/ispartada-askeri-helikopter-kazasi\/","title":{"rendered":"Isparta&#8217;da Askeri Helikopter Kazas\u0131:"},"content":{"rendered":"\n<h2 class=\"wp-block-heading\">6 Askerimiz \u015eehit Oldu<\/h2>\n\n\n\n<p><strong>Isparta&#8217;n\u0131n Ke\u00e7iborlu il\u00e7esinde meydana gelen trajik olayda, e\u011fitim u\u00e7u\u015fu s\u0131ras\u0131nda bir askeri helikopter d\u00fc\u015ft\u00fc. Kazada, aralar\u0131nda Isparta Kara Havac\u0131l\u0131k Okul Komutan\u0131 Tu\u011fgeneral \u0130sa Baydilli&#8217;nin de bulundu\u011fu 6 askerimiz \u015fehit oldu.<\/strong><strong><\/strong><\/p>\n\n\n\n<p><strong>ARALARINDA TU\u011eGENERAL BAYD\u0130LL\u0130\u2019DE VAR<\/strong><\/p>\n\n\n\n<p><strong>Olay, il\u00e7enin merkezinde bir akaryak\u0131t istasyonunun yak\u0131nlar\u0131nda ger\u00e7ekle\u015fti.<\/strong> \u0130lk belirlemelere g\u00f6re, iki e\u011fitim helikopterinin \u00e7arp\u0131\u015fmas\u0131 sonucu bu ac\u0131 olay ya\u015fand\u0131. Olay yerine sevk edilen ambulans ve itfaiye ekipleri, yaral\u0131lara m\u00fcdahale etti ancak t\u00fcm \u00e7abalara ra\u011fmen \u015fehitlerimizi kurtarmak m\u00fcmk\u00fcn olmad\u0131.<\/p>\n\n\n\n<p><strong>Isparta Valisi Abdullah Erin taraf\u0131ndan yap\u0131lan a\u00e7\u0131klamada, kazan\u0131n e\u011fitim u\u00e7u\u015fu s\u0131ras\u0131nda meydana geldi\u011fi ve 6 askerimizin \u015fehit oldu\u011fu teyit edildi.<\/strong> Vali Erin, \u015fehitlerimizin ailelerine ve T\u00fcrk Silahl\u0131 Kuvvetleri&#8217;ne ba\u015fsa\u011fl\u0131\u011f\u0131 diledi.<\/p>\n\n\n\n<p><strong>Bu ac\u0131 kay\u0131p, t\u00fcm T\u00fcrkiye&#8217;yi yasa bo\u011fdu.<\/strong><\/p>\n\n\n\n<p>\u015eehitlerimizi rahmetle an\u0131yor, ailelerine ve milletimize ba\u015fsa\u011fl\u0131\u011f\u0131 diliyoruz.<\/p>\n","protected":false},"excerpt":{"rendered":"<p>6 Askerimiz \u015eehit Oldu Isparta&#8217;n\u0131n Ke\u00e7iborlu il\u00e7esinde meydana gelen trajik olayda, e\u011fitim u\u00e7u\u015fu s\u0131ras\u0131nda bir askeri helikopter d\u00fc\u015ft\u00fc. Kazada, aralar\u0131nda Isparta Kara Havac\u0131l\u0131k Okul Komutan\u0131 <a href=\"https:\/\/akdenizhaber.com.tr\/index.php\/2024\/12\/10\/ispartada-askeri-helikopter-kazasi\/\" class=\"read-more-link\">[more&#8230;]<\/a><\/p>\n","protected":false},"author":2,"featured_media":26812,"comment_status":"open","ping_status":"open","sticky":false,"template":"","format":"standard","meta":{"footnotes":""},"categories":[2],"tags":[],"class_list":["post-26811","post","type-post","status-publish","format-standard","has-post-thumbnail","hentry","category-gundem"],"_links":{"self":[{"href":"https:\/\/akdenizhaber.com.tr\/index.php\/wp-json\/wp\/v2\/posts\/26811","targetHints":{"allow":["GET"]}}],"collection":[{"href":"https:\/\/akdenizhaber.com.tr\/index.php\/wp-json\/wp\/v2\/posts"}],"about":[{"href":"https:\/\/akdenizhaber.com.tr\/index.php\/wp-json\/wp\/v2\/types\/post"}],"author":[{"embeddable":true,"href":"https:\/\/akdenizhaber.com.tr\/index.php\/wp-json\/wp\/v2\/users\/2"}],"replies":[{"embeddable":true,"href":"https:\/\/akdenizhaber.com.tr\/index.php\/wp-json\/wp\/v2\/comments?post=26811"}],"version-history":[{"count":1,"href":"https:\/\/akdenizhaber.com.tr\/index.php\/wp-json\/wp\/v2\/posts\/26811\/revisions"}],"predecessor-version":[{"id":26813,"href":"https:\/\/akdenizhaber.com.tr\/index.php\/wp-json\/wp\/v2\/posts\/26811\/revisions\/26813"}],"wp:featuredmedia":[{"embeddable":true,"href":"https:\/\/akdenizhaber.com.tr\/index.php\/wp-json\/wp\/v2\/media\/26812"}],"wp:attachment":[{"href":"https:\/\/akdenizhaber.com.tr\/index.php\/wp-json\/wp\/v2\/media?parent=26811"}],"wp:term":[{"taxonomy":"category","embeddable":true,"href":"https:\/\/akdenizhaber.com.tr\/index.php\/wp-json\/wp\/v2\/categories?post=26811"},{"taxonomy":"post_tag","embeddable":true,"href":"https:\/\/akdenizhaber.com.tr\/index.php\/wp-json\/wp\/v2\/tags?post=26811"}],"curies":[{"name":"wp","href":"https:\/\/api.w.org\/{rel}","templated":true}]}}