{"id":26783,"date":"2024-12-10T09:39:09","date_gmt":"2024-12-10T06:39:09","guid":{"rendered":"https:\/\/akdenizhaber.com.tr\/?p=26783"},"modified":"2024-12-10T09:39:09","modified_gmt":"2024-12-10T06:39:09","slug":"cok-sayida-ogretmene-sahip-manavgata-neden-ogretmenevi-yapilmiyor","status":"publish","type":"post","link":"https:\/\/akdenizhaber.com.tr\/index.php\/2024\/12\/10\/cok-sayida-ogretmene-sahip-manavgata-neden-ogretmenevi-yapilmiyor\/","title":{"rendered":"\u00c7OK SAYIDA \u00d6\u011eRETMENE SAH\u0130P MANAVGAT\u2019A NEDEN \u00d6\u011eRETMENEV\u0130 YAPILMIYOR?"},"content":{"rendered":"\n<p>CHP\u2019li Co\u015far,Manavgat\u2019\u0131n t\u00fcm kom\u015fu il\u00e7elerinde \u00f6\u011fretmenevi olmas\u0131na ra\u011fmen, \u00e7ok say\u0131da \u00f6\u011fretmenin g\u00f6rev yapt\u0131\u011f\u0131 ve ya\u015fad\u0131\u011f\u0131 Manavgat\u2019ta \u00f6\u011fretmenevi bulunmamas\u0131na dikkat \u00e7ekti. \u0130l\u00e7eye yeni tayin olan \u00f6\u011fretmenlerin ev tutana kadar kalacaklar\u0131 ya da g\u00f6revlendirme ile gelenlerin k\u0131sa s\u00fcrelerde konaklayaca\u011f\u0131 \u00f6\u011fretmenevi eksikli\u011finin y\u0131llard\u0131r giderilememesi ve bu eksikli\u011fin bakanl\u0131k taraf\u0131ndan d\u00fc\u015f\u00fcn\u00fclmemesini, AKP iktidar\u0131n\u0131n e\u011fitim emek\u00e7ilerine bak\u0131\u015f a\u00e7\u0131s\u0131n\u0131n bir \u00f6rne\u011fi oldu\u011funu ifade eden Co\u015far verdi\u011fi soru \u00f6nergesi sonras\u0131 yapt\u0131\u011f\u0131 a\u00e7\u0131klamada \u015fu ifadeleri kulland\u0131;<\/p>\n\n\n\n<p><strong>BAKANLI\u011eIN \u00d6\u011eRETMENEV\u0130 A\u00c7MA KO\u015eULLARI NED\u0130R?<\/strong><\/p>\n\n\n\n<p>\u201c29 Nisan 2021 tarihli 31469 say\u0131l\u0131 Resmi Gazete yay\u0131nlanan Mill\u00ee E\u011fitim Bakanl\u0131\u011f\u0131 \u00d6\u011fretmenevi, \u00d6\u011fretmenevi ve Ak\u015fam Sanat Okullar\u0131 Y\u00f6netmeli\u011finde, Kurumun amac\u0131;<em> \u201cmisafirlerinin \u00f6ncelikle konaklama ihtiyac\u0131 ile birlikte yiyecek, i\u00e7ecek, toplant\u0131, organizasyon ve di\u011fer sosyal, k\u00fclt\u00fcrel ihtiya\u00e7lar\u0131n\u0131 kar\u015f\u0131lamak, mevzuat\u0131 \u00e7er\u00e7evesinde mesleki ve teknik orta\u00f6\u011fretim kurumlar\u0131 ile y\u00fcksek\u00f6\u011fretim kurumlar\u0131 \u00f6\u011frencilerinin mesleki e\u011fitim ve staj \u00e7al\u0131\u015fmas\u0131 yapmalar\u0131na ve \u00e7\u0131rak \u00f6\u011frencilerin beceri e\u011fitimine imk\u00e2n sa\u011flamakt\u0131r.\u201d <\/em>ifadeleri yer almaktad\u0131r.<\/p>\n\n\n\n<p>Antalya\u2019n\u0131n do\u011fu il\u00e7elerinden olan Manavgat il\u00e7esi 106 mahalleden olu\u015fan 258367 n\u00fcfuslu bir il\u00e7edir. \u0130l\u00e7ede MEB\u2019na ba\u011fl\u0131 136 devlet, 35 tanesi \u00f6zel olmak \u00fczere toplam 171 adet okul ve 2334 MEB \u00f6\u011fretmen, 568 \u00f6zel okulda \u00e7al\u0131\u015fan \u00f6\u011fretmenleri de ekledi\u011fimizde toplam 2902 \u00f6\u011fretmenimiz Manavgat il\u00e7esinde ya\u015famaktad\u0131r. \u0130l\u00e7ede bulunan 1 adet y\u00fcksekokul ve 2 adet fak\u00fcltedeki akademisyenlerimizi de ekledi\u011fimizde il\u00e7ede yakla\u015f\u0131k 3500 \u00f6\u011fretmen ya\u015famlar\u0131n\u0131 s\u00fcrd\u00fcrmektedir. T\u00fcm bu verilere ra\u011fmen Manavgat\u2019ta \u00f6\u011fretmenevi eksikli\u011fi g\u00f6r\u00fclebilmektedir. Ancak \u00f6\u011fretmenlerimizin kullanaca\u011f\u0131 \u00f6\u011fretmenevinin yap\u0131m\u0131na dair herhangi bir \u00e7al\u0131\u015fma bakanl\u0131k nezdinde yoktur.\u201d<\/p>\n\n\n\n<p><strong>\u00d6\u011eRETMENLER\u0130N B\u0130R\u00c7OK HAKLI TALEB\u0130N\u0130 YOK SAYAN AKP \u0130KT\u0130DARI,<\/strong><\/p>\n\n\n\n<p><strong>SOSYAL TES\u0130S TALEB\u0130N\u0130DE SAYMAKTADIR<\/strong><\/p>\n\n\n\n<p>\u201cAKP iktidar\u0131nda \u00f6\u011fretmenlerimiz ve e\u011fitim emek\u00e7ilerimiz ba\u015fta ekonomik zorluklar, idari ve siyasi bask\u0131larla kar\u015f\u0131 kar\u015f\u0131yad\u0131r. T\u00fcm bu bask\u0131lara ra\u011fmen bilimsel ve \u00e7a\u011fda\u015f e\u011fitim i\u00e7in fedak\u00e2rca \u00e7al\u0131\u015fan \u00f6\u011fretmenlerimizin yararlanaca\u011f\u0131 \u00f6\u011fretmenevi gibi sosyal bir tesisten mahrum b\u0131rak\u0131lmalar\u0131 kabul edilemez.\u201d<\/p>\n\n\n\n<p>CHP\u2019li Co\u015far verdi\u011fi \u00f6nergede \u015fu sorulara yer verdi;<\/p>\n\n\n\n<ul class=\"wp-block-list\">\n<li>Bu kadar yo\u011fun n\u00fcfusa ve \u00f6\u011fretmen say\u0131s\u0131na sahip ve t\u00fcm kom\u015fu il\u00e7elerinde \u00f6\u011fretmenevi olmas\u0131na ra\u011fmen Manavgat il\u00e7emize bu zamana kadar bir \u00f6\u011fretmenevinin kazand\u0131r\u0131lmamas\u0131n\u0131n nedeni nedir?<\/li>\n\n\n\n<li>Kurum a\u00e7ma esaslar\u0131na g\u00f6re; Milli E\u011fitim M\u00fcd\u00fcrl\u00fc\u011f\u00fcn\u00fcn teklifi ve Valili\u011fin uygun g\u00f6r\u00fc\u015f\u00fc \u00fczerine Bakanl\u0131\u011f\u0131n\u0131z \u00d6\u011fretmenevi a\u00e7\u0131lmas\u0131na karar verir.<\/li>\n<\/ul>\n\n\n\n<p>\u0130l\u00e7e Milli E\u011fitim M\u00fcd\u00fcrl\u00fc\u011f\u00fc\u2019 n\u00fcn Valili\u011fe talebi \u00fczerine Antalya Valili\u011fince Mill\u00ee E\u011fitim Bakanl\u0131\u011f\u0131\u2019n\u0131za, Manavgat il\u00e7esine \u00d6\u011fretmenevi yap\u0131lmas\u0131 veya a\u00e7\u0131lmas\u0131 y\u00f6n\u00fcnde bir talep oldu mu?<\/p>\n\n\n\n<ul class=\"wp-block-list\">\n<li>Manavgat \u0130l\u00e7e Milli E\u011fitim M\u00fcd\u00fcrl\u00fc\u011f\u00fc\u2019nce veya Antalya Valili\u011fi\u2019nce Manavgat\u2019ta a\u00e7\u0131lmas\u0131 planlanan \u00d6\u011fretmenevi projesi var m\u0131d\u0131r? Varsa bu proje valilik\u00e7e ne zaman talep edilmi\u015f ve proje ne zaman uygulanmaya konulacakt\u0131r?<\/li>\n\n\n\n<li>Bakanl\u0131\u011f\u0131n\u0131za g\u00f6re bir ile veya il\u00e7eye \u00d6\u011fretmenevinin yap\u0131lma ko\u015fullar\u0131 nelerdir?<\/li>\n<\/ul>\n","protected":false},"excerpt":{"rendered":"<p>CHP\u2019li Co\u015far,Manavgat\u2019\u0131n t\u00fcm kom\u015fu il\u00e7elerinde \u00f6\u011fretmenevi olmas\u0131na ra\u011fmen, \u00e7ok say\u0131da \u00f6\u011fretmenin g\u00f6rev yapt\u0131\u011f\u0131 ve ya\u015fad\u0131\u011f\u0131 Manavgat\u2019ta \u00f6\u011fretmenevi bulunmamas\u0131na dikkat \u00e7ekti. \u0130l\u00e7eye yeni tayin olan \u00f6\u011fretmenlerin <a href=\"https:\/\/akdenizhaber.com.tr\/index.php\/2024\/12\/10\/cok-sayida-ogretmene-sahip-manavgata-neden-ogretmenevi-yapilmiyor\/\" class=\"read-more-link\">[more&#8230;]<\/a><\/p>\n","protected":false},"author":2,"featured_media":26784,"comment_status":"open","ping_status":"open","sticky":false,"template":"","format":"standard","meta":{"footnotes":""},"categories":[2],"tags":[],"class_list":["post-26783","post","type-post","status-publish","format-standard","has-post-thumbnail","hentry","category-gundem"],"_links":{"self":[{"href":"https:\/\/akdenizhaber.com.tr\/index.php\/wp-json\/wp\/v2\/posts\/26783","targetHints":{"allow":["GET"]}}],"collection":[{"href":"https:\/\/akdenizhaber.com.tr\/index.php\/wp-json\/wp\/v2\/posts"}],"about":[{"href":"https:\/\/akdenizhaber.com.tr\/index.php\/wp-json\/wp\/v2\/types\/post"}],"author":[{"embeddable":true,"href":"https:\/\/akdenizhaber.com.tr\/index.php\/wp-json\/wp\/v2\/users\/2"}],"replies":[{"embeddable":true,"href":"https:\/\/akdenizhaber.com.tr\/index.php\/wp-json\/wp\/v2\/comments?post=26783"}],"version-history":[{"count":1,"href":"https:\/\/akdenizhaber.com.tr\/index.php\/wp-json\/wp\/v2\/posts\/26783\/revisions"}],"predecessor-version":[{"id":26785,"href":"https:\/\/akdenizhaber.com.tr\/index.php\/wp-json\/wp\/v2\/posts\/26783\/revisions\/26785"}],"wp:featuredmedia":[{"embeddable":true,"href":"https:\/\/akdenizhaber.com.tr\/index.php\/wp-json\/wp\/v2\/media\/26784"}],"wp:attachment":[{"href":"https:\/\/akdenizhaber.com.tr\/index.php\/wp-json\/wp\/v2\/media?parent=26783"}],"wp:term":[{"taxonomy":"category","embeddable":true,"href":"https:\/\/akdenizhaber.com.tr\/index.php\/wp-json\/wp\/v2\/categories?post=26783"},{"taxonomy":"post_tag","embeddable":true,"href":"https:\/\/akdenizhaber.com.tr\/index.php\/wp-json\/wp\/v2\/tags?post=26783"}],"curies":[{"name":"wp","href":"https:\/\/api.w.org\/{rel}","templated":true}]}}