{"id":26767,"date":"2024-12-05T15:18:53","date_gmt":"2024-12-05T12:18:53","guid":{"rendered":"https:\/\/akdenizhaber.com.tr\/?p=26767"},"modified":"2024-12-05T15:19:02","modified_gmt":"2024-12-05T12:19:02","slug":"teknik-direktoru-mustafa-akhanim-galibiyete-kenetlendik","status":"publish","type":"post","link":"https:\/\/akdenizhaber.com.tr\/index.php\/2024\/12\/05\/teknik-direktoru-mustafa-akhanim-galibiyete-kenetlendik\/","title":{"rendered":"Teknik Direkt\u00f6r\u00fc Mustafa Akhan\u0131m; \u201cGalibiyete Kenetlendik\u201d"},"content":{"rendered":"\n<p><\/p>\n\n\n\n<p>8 Aral\u0131k 2024 Pazar g\u00fcn\u00fc kendi sha ve seyircisi \u00f6n\u00fcnde Mezitli 33 Sporu konuk edecek olan Manavgat Belediyespor t\u00fcm haz\u0131rl\u0131klar\u0131n\u0131 tamamlad\u0131.<\/p>\n\n\n\n<p>&nbsp;Ge\u00e7ti\u011fimiz hafta Ak\u015fehirspor kar\u015f\u0131s\u0131nda al\u0131nan ma\u011flubiyet sonras\u0131 liderli\u011fi Eski\u015fehirspor\u2019a devreden ekibimiz bu haftaki kar\u015f\u0131la\u015fmadan da mutlak 3 puan almak i\u00e7in sahaya \u00e7\u0131kacak.<\/p>\n\n\n\n<p>Manavgat Belediyespor Teknik Direkt\u00f6r\u00fc Mustafa Akhan\u0131m, Ak\u015fehir deplasman\u0131nda al\u0131nan ma\u011flubiyet sonras\u0131 bu hafta kendi saha ve seyircisi \u00f6n\u00fcndeki Mezitli 33 kar\u015f\u0131la\u015fmas\u0131na 3 puan parolas\u0131 ile haz\u0131rland\u0131klar\u0131n\u0131 s\u00f6yledi.<\/p>\n\n\n\n<p>Bal ligi 6.grupta 16 puanla 4. S\u0131rada bulunan Mezitli 33 sporu puans\u0131z g\u00f6ndererek zirvedeki yar\u0131\u015fa devam edeceklerini ifade eden teknik direkt\u00f6r Mustafa Akhan\u0131m Pazar g\u00fcn\u00fc t\u00fcm taraftarlar\u0131 kar\u015f\u0131la\u015fmaya davet etti.<\/p>\n\n\n\n<p>Mezitli 33 spor ile \u00f6nemli bir kar\u015f\u0131la\u015fmaya \u00e7\u0131kacaklar\u0131na dikkat \u00e7eken teknik direkt\u00f6r Mustafa Akhan\u0131m&nbsp; &#8221; Ligde kolay m\u00fcsabaka yok, her m\u00fcsabakan\u0131n zor oldu\u011funu biliyoruz. Ge\u00e7ti\u011fimiz haftaki ma\u011flubiyet geride kald\u0131 \u015fimdi \u00f6n\u00fcm\u00fczdeki ma\u00e7lara bak\u0131yoruz, bizim i\u00e7in her ma\u00e7 final havas\u0131ndad\u0131r. Bu ma\u00e7\u0131 da alarak \u015fampiyonluk yar\u0131\u015f\u0131ndan kopmadan Eski\u015fehirspor deplasman\u0131na \u00e7\u0131kaca\u011f\u0131z. D\u00fc\u011f\u00fcm Eski\u015fehirspor ma\u00e7\u0131nda \u00e7\u00f6z\u00fclecek tak\u0131m\u0131ma g\u00fcvenim sonsuz bu sene tek hedefimiz var \u015fampiyonluk. Taraftarlar\u0131m\u0131zda bize g\u00fcvensin ve desteklerini esirgemesin Pazar g\u00fcn\u00fc t\u00fcm taraftarlar\u0131m\u0131z\u0131 ma\u00e7a bekliyoruz\u201d dedi.<\/p>\n\n\n\n<p>Manavgat Belediyespor 8 Aral\u0131k 2024 Pazar g\u00fcn\u00fc saat 14.00 il\u00e7emiz Atat\u00fcrk stad\u0131nda Mezitlisporu konuk edecek.<\/p>\n\n\n\n<p>B\u00fc\u015fra Deveci \/ Haber<\/p>\n","protected":false},"excerpt":{"rendered":"<p>8 Aral\u0131k 2024 Pazar g\u00fcn\u00fc kendi sha ve seyircisi \u00f6n\u00fcnde Mezitli 33 Sporu konuk edecek olan Manavgat Belediyespor t\u00fcm haz\u0131rl\u0131klar\u0131n\u0131 tamamlad\u0131. &nbsp;Ge\u00e7ti\u011fimiz hafta Ak\u015fehirspor kar\u015f\u0131s\u0131nda <a href=\"https:\/\/akdenizhaber.com.tr\/index.php\/2024\/12\/05\/teknik-direktoru-mustafa-akhanim-galibiyete-kenetlendik\/\" class=\"read-more-link\">[more&#8230;]<\/a><\/p>\n","protected":false},"author":2,"featured_media":26768,"comment_status":"open","ping_status":"open","sticky":false,"template":"","format":"standard","meta":{"footnotes":""},"categories":[2],"tags":[],"class_list":["post-26767","post","type-post","status-publish","format-standard","has-post-thumbnail","hentry","category-gundem"],"_links":{"self":[{"href":"https:\/\/akdenizhaber.com.tr\/index.php\/wp-json\/wp\/v2\/posts\/26767","targetHints":{"allow":["GET"]}}],"collection":[{"href":"https:\/\/akdenizhaber.com.tr\/index.php\/wp-json\/wp\/v2\/posts"}],"about":[{"href":"https:\/\/akdenizhaber.com.tr\/index.php\/wp-json\/wp\/v2\/types\/post"}],"author":[{"embeddable":true,"href":"https:\/\/akdenizhaber.com.tr\/index.php\/wp-json\/wp\/v2\/users\/2"}],"replies":[{"embeddable":true,"href":"https:\/\/akdenizhaber.com.tr\/index.php\/wp-json\/wp\/v2\/comments?post=26767"}],"version-history":[{"count":1,"href":"https:\/\/akdenizhaber.com.tr\/index.php\/wp-json\/wp\/v2\/posts\/26767\/revisions"}],"predecessor-version":[{"id":26769,"href":"https:\/\/akdenizhaber.com.tr\/index.php\/wp-json\/wp\/v2\/posts\/26767\/revisions\/26769"}],"wp:featuredmedia":[{"embeddable":true,"href":"https:\/\/akdenizhaber.com.tr\/index.php\/wp-json\/wp\/v2\/media\/26768"}],"wp:attachment":[{"href":"https:\/\/akdenizhaber.com.tr\/index.php\/wp-json\/wp\/v2\/media?parent=26767"}],"wp:term":[{"taxonomy":"category","embeddable":true,"href":"https:\/\/akdenizhaber.com.tr\/index.php\/wp-json\/wp\/v2\/categories?post=26767"},{"taxonomy":"post_tag","embeddable":true,"href":"https:\/\/akdenizhaber.com.tr\/index.php\/wp-json\/wp\/v2\/tags?post=26767"}],"curies":[{"name":"wp","href":"https:\/\/api.w.org\/{rel}","templated":true}]}}