{"id":26760,"date":"2024-12-05T15:15:00","date_gmt":"2024-12-05T12:15:00","guid":{"rendered":"https:\/\/akdenizhaber.com.tr\/?p=26760"},"modified":"2024-12-05T15:15:01","modified_gmt":"2024-12-05T12:15:01","slug":"dr-er-3-aralikta-farkindaliga-dikkat-cekti","status":"publish","type":"post","link":"https:\/\/akdenizhaber.com.tr\/index.php\/2024\/12\/05\/dr-er-3-aralikta-farkindaliga-dikkat-cekti\/","title":{"rendered":"Dr. Er, 3 Aral\u0131k\u2019ta Fark\u0131ndal\u0131\u011fa dikkat \u00e7ekti"},"content":{"rendered":"\n<p>&nbsp;&nbsp; Manavgat \u0130l\u00e7e Sa\u011fl\u0131k M\u00fcd\u00fcr\u00fc Dr. Mustafa Er, 3 Aral\u0131k D\u00fcnya Engelliler G\u00fcn\u00fc&#8217;nde, fark\u0131ndal\u0131\u011f\u0131 ve bilinci y\u00fcksek bir toplum olu\u015fturma y\u00f6n\u00fcnde at\u0131lacak ad\u0131mlar\u0131n \u00f6nemli oldu\u011fu vurgulad\u0131.<\/p>\n\n\n\n<p>&nbsp;3 Aral\u0131k (D\u00fcnya Engelliler G\u00fcn\u00fc), Birle\u015fmi\u015f Milletler taraf\u0131ndan 1992&#8217;den bu yana desteklenen bir g\u00fcnd\u00fcr ve k\u00fcresel \u00e7apta fark\u0131ndal\u0131klar olu\u015fturulmaktad\u0131r. 3 Aral\u0131k Engelliler G\u00fcn\u00fc&#8217;n\u00fcn amac\u0131, engelli bireylerin toplumsal fark\u0131ndal\u0131\u011f\u0131n\u0131 art\u0131rmak, haklar\u0131n\u0131 savunmak ve toplumsal e\u015fitli\u011fi te\u015fvik etmektir. 2007 y\u0131l\u0131na kadar &#8220;Uluslararas\u0131 Engelliler G\u00fcn\u00fc&#8221; olarak an\u0131lan bug\u00fcn, o tarihten sonra her y\u0131l farkl\u0131 bir tema ile fark\u0131ndal\u0131klar olu\u015fturulmaktad\u0131r.&nbsp;<\/p>\n\n\n\n<p>&nbsp;&nbsp;&nbsp;&nbsp;&nbsp;&nbsp;&nbsp;&nbsp; D\u00fcnya n\u00fcfusunun yakla\u015f\u0131k y\u00fczde 15\u2019i, yani 1 milyardan fazla ki\u015fi \u00e7e\u015fitli yeti yitimi (Engellilik) durumuna sahiptir. Engellilik olduk\u00e7a \u00e7e\u015fitlilik g\u00f6stermekte, n\u00fcfusun ya\u015flanmas\u0131 ve kronik hastal\u0131klardaki art\u0131\u015f nedeni ile engelli say\u0131s\u0131 da artmaktad\u0131r.<\/p>\n\n\n\n<p>&nbsp;&nbsp;&nbsp;&nbsp;&nbsp;&nbsp;&nbsp;&nbsp;&nbsp;&nbsp;&nbsp;&nbsp; Birle\u015fmi\u015f Milletler, her y\u0131l belirledi\u011fi tema ile \u00f6zel e\u011fitim ihtiyac\u0131 olan bireylerin daha eri\u015filebilir ve e\u015fit f\u0131rsatlar sunulan bir toplumda ya\u015famalar\u0131n\u0131 te\u015fvik etmektedir. 2024 y\u0131l\u0131 i\u00e7in belirlenen tema, &#8220;Kapsay\u0131c\u0131 ve s\u00fcrd\u00fcr\u00fclebilir bir gelecek i\u00e7in engelli bireylerin liderli\u011fini g\u00fc\u00e7lendirmek&#8221; olarak a\u00e7\u0131klanm\u0131\u015ft\u0131r. Bu tema, \u00f6zel e\u011fitim ihtiyac\u0131 olan bireylerin toplumda etkin olarak yer almalar\u0131n\u0131, kendi potansiyellerini ger\u00e7ekle\u015ftirmelerini ve sosyal hayatta aktif bir rol \u00fcstlenmelerini vurgulamaktad\u0131r.&nbsp;&nbsp;<\/p>\n\n\n\n<p>&nbsp;3 Aral\u0131k D\u00fcnya Engelliler G\u00fcn\u00fc&#8217;nde, fark\u0131ndal\u0131\u011f\u0131 ve bilinci y\u00fcksek bir toplum olu\u015fturma y\u00f6n\u00fcnde at\u0131lacak ad\u0131mlar\u0131n \u00f6nemli oldu\u011fu vurgulanmakta, \u00f6zel e\u011fitim ihtiyac\u0131 olan bireylerin g\u00fc\u00e7l\u00fc y\u00f6nlerini \u00f6n plana \u00e7\u0131karmaya y\u00f6nelik \u00e7al\u0131\u015fmalar yap\u0131lmaktad\u0131r.&nbsp;&nbsp;&nbsp;&nbsp;&nbsp;&nbsp;&nbsp;&nbsp;&nbsp;&nbsp;&nbsp;&nbsp;&nbsp;&nbsp;&nbsp;&nbsp;&nbsp;&nbsp;&nbsp;&nbsp;&nbsp;&nbsp;&nbsp;&nbsp;&nbsp;&nbsp;&nbsp;&nbsp;&nbsp;&nbsp;&nbsp;&nbsp;&nbsp;&nbsp;&nbsp;&nbsp;&nbsp;&nbsp;&nbsp;&nbsp;&nbsp;&nbsp;&nbsp;&nbsp;&nbsp;&nbsp;&nbsp;&nbsp;&nbsp;&nbsp;&nbsp;&nbsp;&nbsp;&nbsp;&nbsp;&nbsp;&nbsp;&nbsp;&nbsp;&nbsp;&nbsp;&nbsp;&nbsp;&nbsp;&nbsp;&nbsp;&nbsp;&nbsp;&nbsp;&nbsp;&nbsp;&nbsp;&nbsp;&nbsp;&nbsp;&nbsp;&nbsp;&nbsp;&nbsp;&nbsp;&nbsp;&nbsp;&nbsp;&nbsp;&nbsp;&nbsp;&nbsp;&nbsp;&nbsp;&nbsp;&nbsp;&nbsp;&nbsp;&nbsp;&nbsp;&nbsp;&nbsp; &nbsp;&nbsp;<\/p>\n\n\n\n<p>&nbsp;&nbsp;&nbsp;&nbsp;&nbsp;&nbsp;&nbsp;&nbsp;&nbsp;&nbsp; Toplum i\u00e7inde engelli bireylerimizin sorunlar\u0131na sahip \u00e7\u0131kmak, kal\u0131c\u0131 \u00e7\u00f6z\u00fcmler \u00fcretmek i\u00e7in \u00e7aba g\u00f6stermek ve onlar\u0131n ya\u015fama sevin\u00e7lerini yitirmeden, mutlu bir hayat s\u00fcrd\u00fcrmelerine imkan sa\u011flamak, sadece bir g\u00f6rev de\u011fil, ayn\u0131 zamanda insani bir zorunluluktur. T\u00fcm zorluklara meydan okuyarak, spordan sanata, edebiyattan siyasete, e\u011fitimden \u00e7al\u0131\u015fma hayat\u0131na kadar her alanda \u00f6nemli ba\u015far\u0131lara imza atan engelli bireylerimiz, hepimizin gurur kayna\u011f\u0131d\u0131r.&nbsp;&nbsp;&nbsp;&nbsp;&nbsp;&nbsp;&nbsp;&nbsp;&nbsp;&nbsp;&nbsp;&nbsp;&nbsp;&nbsp;&nbsp;<\/p>\n\n\n\n<p>&nbsp;&nbsp;&nbsp;&nbsp;&nbsp;&nbsp; Engellilerin E\u011fitimi: Engellilerin e\u011fitimi denilince daha \u00e7ok \u00f6z\u00fcrl\u00fc (sakat) \u00e7ocuklar akla gelir. Yurdumuzda; g\u00f6rmeyen, i\u015fitmeyen, hareket edemeyen, zihinsel, ruhsal dengesi bozuk 4.500.000 yurtta\u015f\u0131m\u0131z var. Bu say\u0131n\u0131n 1.400.000 kadar\u0131 \u00e7ocuktur. Sakat \u00e7ocuklar\u0131m\u0131zdan; g\u00f6rmeyenler i\u00e7in , i\u015fitmeyenler i\u00e7in , ortopedik \u00f6z\u00fcrl\u00fcler i\u00e7in &nbsp;okullar a\u00e7\u0131lm\u0131\u015ft\u0131r. Zihinsel ve ruhsal \u00f6z\u00fcrl\u00fcler ise belirli okullarda \u00f6zel dershanelerde \u00f6\u011frenim g\u00f6rmektedir.<\/p>\n\n\n\n<p>&nbsp;&nbsp;&nbsp;&nbsp;&nbsp;&nbsp; Engelliler de ya\u015famlar\u0131n\u0131 s\u00fcrd\u00fcrmek i\u00e7in \u00e7al\u0131\u015fmak ve gelir sa\u011flamak zorundad\u0131r. \u00c7al\u0131\u015fmak, severek \u00e7al\u0131\u015fmak ya\u015fam\u0131 g\u00fczelle\u015ftirir, insan\u0131 mutlu eder.<\/p>\n\n\n\n<p>&nbsp;&nbsp;&nbsp;&nbsp;&nbsp;&nbsp; Engellilere ac\u0131mak, onlara bakarak duygulanmak soruna \u00e7\u00f6z\u00fcm getirmez. Engellilerin de yapabilece\u011fi i\u015fler vard\u0131r. Onlara \u00e7al\u0131\u015fabilecekleri alanlarda i\u015f vermek gerekir. Yasalar\u0131m\u0131z her y\u00fcz i\u015f\u00e7i \u00e7al\u0131\u015ft\u0131ran i\u015fyerinin iki \u00f6z\u00fcrl\u00fc i\u015f\u00e7i \u00e7al\u0131\u015ft\u0131rmas\u0131 zorunlulu\u011funu getirmi\u015ftir.&nbsp;&nbsp;&nbsp;&nbsp;&nbsp;&nbsp;<\/p>\n\n\n\n<p>Engelli Bireylerin Sa\u011fl\u0131k Hizmetine Eri\u015fiminin Kolayla\u015ft\u0131r\u0131lmas\u0131:<\/p>\n\n\n\n<p>&nbsp;Sa\u011fl\u0131k kurulu\u015flar\u0131nda engelli ve ya\u015fl\u0131 hastalara hizmet al\u0131mlar\u0131n\u0131 kolayla\u015ft\u0131racak, i\u015flemlerinde yard\u0131mc\u0131 olacak refakat\u00e7i personel (hostes hizmeti) temin edilmesi, &nbsp;<\/p>\n\n\n\n<p>&nbsp;\u0130\u015fitme engelli hastalarla ileti\u015fimi sa\u011flamak \u00fczere hastanelerimizde sa\u011fl\u0131k personeline i\u015faret dili e\u011fitimleri verilmekte, &nbsp;<\/p>\n\n\n\n<p>&nbsp;&nbsp;&nbsp;&nbsp; Poliklinik hizmetlerinde \u00f6ncelik s\u0131ras\u0131na uygun hareket edilmekte, Engelli vatanda\u015flar\u0131m\u0131z\u0131n sa\u011fl\u0131k kurulu\u015flar\u0131na kay\u0131t ve kabul i\u015flemleri yap\u0131l\u0131rken \u00f6zel durumuna uygun \u015fekilde gerekiyorsa oturmas\u0131 sa\u011flanarak i\u015flemleri yap\u0131lmakta,&nbsp; &nbsp;<\/p>\n\n\n\n<p>&nbsp;&nbsp;&nbsp;&nbsp; Engelli ve kimsesiz hastalar\u0131n ba\u015fvurduklar\u0131 sa\u011fl\u0131k kurulu\u015fundan ba\u015fka bir sa\u011fl\u0131k kurulu\u015funa nakli gerekti\u011finde, imkanlar \u00f6l\u00e7\u00fcs\u00fcnde transferi sa\u011flanmakta, &nbsp;<\/p>\n\n\n\n<p>T\u00fcrkiye Kamu Hastaneleri Kurumu taraf\u0131ndan Hasta haklar\u0131 uygulamalar\u0131n\u0131n engellilere taraf\u0131ndan da anla\u015f\u0131lmas\u0131na y\u00f6nelik olarak sesli ve braille alfabesi ile haz\u0131rlanm\u0131\u015f hasta haklar\u0131 dok\u00fcmanlar\u0131 t\u00fcm hastanelerin hasta haklar\u0131 birimlerinde halk\u0131m\u0131z\u0131n kullan\u0131m\u0131na sunulmu\u015ftur.<\/p>\n\n\n\n<p>&nbsp;&nbsp;&nbsp; Engelli bireylere sa\u011fl\u0131k hizmet sunum konusunda ilgili personel hizmet i\u00e7i e\u011fitim programlar\u0131na al\u0131nmas\u0131 ve e\u011fitimlerinin s\u00fcreklili\u011fi sa\u011flanmaktad\u0131r.&nbsp;&nbsp;&nbsp;&nbsp;&nbsp;&nbsp;&nbsp;<\/p>\n\n\n\n<p>&nbsp;&nbsp;&nbsp;&nbsp; Herkesin bir engelli aday\u0131 olabilece\u011fini unutmadan, insanl\u0131k onuruna e\u015fitli\u011fine sayg\u0131l\u0131,sa\u011fl\u0131kl\u0131 bir toplum ve yeni nesil hepimizin hedefidir.<\/p>\n\n\n\n<p>B\u00fc\u015fra Deveci \/ Haber<\/p>\n","protected":false},"excerpt":{"rendered":"<p>&nbsp;&nbsp; Manavgat \u0130l\u00e7e Sa\u011fl\u0131k M\u00fcd\u00fcr\u00fc Dr. Mustafa Er, 3 Aral\u0131k D\u00fcnya Engelliler G\u00fcn\u00fc&#8217;nde, fark\u0131ndal\u0131\u011f\u0131 ve bilinci y\u00fcksek bir toplum olu\u015fturma y\u00f6n\u00fcnde at\u0131lacak ad\u0131mlar\u0131n \u00f6nemli oldu\u011fu <a href=\"https:\/\/akdenizhaber.com.tr\/index.php\/2024\/12\/05\/dr-er-3-aralikta-farkindaliga-dikkat-cekti\/\" class=\"read-more-link\">[more&#8230;]<\/a><\/p>\n","protected":false},"author":2,"featured_media":26761,"comment_status":"open","ping_status":"open","sticky":false,"template":"","format":"standard","meta":{"footnotes":""},"categories":[2],"tags":[],"class_list":["post-26760","post","type-post","status-publish","format-standard","has-post-thumbnail","hentry","category-gundem"],"_links":{"self":[{"href":"https:\/\/akdenizhaber.com.tr\/index.php\/wp-json\/wp\/v2\/posts\/26760","targetHints":{"allow":["GET"]}}],"collection":[{"href":"https:\/\/akdenizhaber.com.tr\/index.php\/wp-json\/wp\/v2\/posts"}],"about":[{"href":"https:\/\/akdenizhaber.com.tr\/index.php\/wp-json\/wp\/v2\/types\/post"}],"author":[{"embeddable":true,"href":"https:\/\/akdenizhaber.com.tr\/index.php\/wp-json\/wp\/v2\/users\/2"}],"replies":[{"embeddable":true,"href":"https:\/\/akdenizhaber.com.tr\/index.php\/wp-json\/wp\/v2\/comments?post=26760"}],"version-history":[{"count":1,"href":"https:\/\/akdenizhaber.com.tr\/index.php\/wp-json\/wp\/v2\/posts\/26760\/revisions"}],"predecessor-version":[{"id":26762,"href":"https:\/\/akdenizhaber.com.tr\/index.php\/wp-json\/wp\/v2\/posts\/26760\/revisions\/26762"}],"wp:featuredmedia":[{"embeddable":true,"href":"https:\/\/akdenizhaber.com.tr\/index.php\/wp-json\/wp\/v2\/media\/26761"}],"wp:attachment":[{"href":"https:\/\/akdenizhaber.com.tr\/index.php\/wp-json\/wp\/v2\/media?parent=26760"}],"wp:term":[{"taxonomy":"category","embeddable":true,"href":"https:\/\/akdenizhaber.com.tr\/index.php\/wp-json\/wp\/v2\/categories?post=26760"},{"taxonomy":"post_tag","embeddable":true,"href":"https:\/\/akdenizhaber.com.tr\/index.php\/wp-json\/wp\/v2\/tags?post=26760"}],"curies":[{"name":"wp","href":"https:\/\/api.w.org\/{rel}","templated":true}]}}