{"id":26757,"date":"2024-12-05T15:13:32","date_gmt":"2024-12-05T12:13:32","guid":{"rendered":"https:\/\/akdenizhaber.com.tr\/?p=26757"},"modified":"2024-12-05T15:13:32","modified_gmt":"2024-12-05T12:13:32","slug":"akdeniz-universitesinde-turk-hava-yollari-kariyer-soylesisi-gerceklesti","status":"publish","type":"post","link":"https:\/\/akdenizhaber.com.tr\/index.php\/2024\/12\/05\/akdeniz-universitesinde-turk-hava-yollari-kariyer-soylesisi-gerceklesti\/","title":{"rendered":"Akdeniz \u00dcniversitesi\u2019nde T\u00fcrk Hava Yollar\u0131 Kariyer S\u00f6yle\u015fisi ger\u00e7ekle\u015fti"},"content":{"rendered":"\n<p>Akdeniz \u00dcniversitesi Sa\u011fl\u0131k, K\u00fclt\u00fcr ve Spor Dairesi Ba\u015fkanl\u0131\u011f\u0131 taraf\u0131ndan d\u00fczenlenen T\u00fcrk Hava Yollar\u0131 Kariyer S\u00f6yle\u015fisi, T\u00fcrk Hava Yollar\u0131 Genel M\u00fcd\u00fcr Yard\u0131mc\u0131s\u0131 Abdulkerim \u00c7ay\u2019\u0131n kat\u0131l\u0131m\u0131yla Atat\u00fcrk Konferans Salonu\u2019nda ger\u00e7ekle\u015ftirildi. \u00d6\u011frencilerin yo\u011fun ilgi g\u00f6sterdi\u011fi etkinlikte, T\u00fcrk Hava Yollar\u0131\u2019n\u0131n k\u00fcresel ba\u015far\u0131lar\u0131ndan, havac\u0131l\u0131k sekt\u00f6r\u00fcnde kariyer f\u0131rsatlar\u0131na kadar bir\u00e7ok \u00f6nemli konu konu\u015fuldu. \u00c7ay, ayn\u0131 zamanda T\u00fcrk Hava Yollar\u0131\u2019nda kariyer yapmak isteyen gen\u00e7ler i\u00e7in \u00f6nemli bilgiler payla\u015ft\u0131.<\/p>\n\n\n\n<p>T\u00dcRK BAYRA\u011eINI D\u00dcNYA\u2019YA TA\u015eIYORUZ<\/p>\n\n\n\n<p>T\u00fcrk Hava Yollar\u0131 Genel M\u00fcd\u00fcr Yard\u0131mc\u0131s\u0131 Abdulkerim \u00c7ay, T\u00fcrk Hava Yollar\u0131\u2019n\u0131n sadece T\u00fcrkiye\u2019de de\u011fil, t\u00fcm d\u00fcnyada b\u00fcy\u00fck bir marka haline geldi\u011fini vurgulad\u0131. \u00c7ay, \u201cT\u00fcrk Hava Yollar\u0131, d\u00fcnya \u00e7ap\u0131nda en \u00e7ok tercih edilen ikinci havayolu \u015firketi olman\u0131n gururunu ta\u015f\u0131yoruz. Logomuzda T\u00fcrk bayra\u011f\u0131n\u0131 ta\u015f\u0131yor olmam\u0131z da bizim i\u00e7in b\u00fcy\u00fck bir onur. Avustralya dahil t\u00fcm d\u00fcnyaya T\u00fcrk bayra\u011f\u0131n\u0131 ta\u015f\u0131yoruz. Bu sadece bayra\u011f\u0131m\u0131z\u0131 de\u011fil, k\u00fclt\u00fcr\u00fcm\u00fcz\u00fc, medeniyetimizi ve \u00fclkemizle ilgili her \u015feyi d\u00fcnyaya ta\u015f\u0131d\u0131\u011f\u0131m\u0131z bir misyondur.\u201d dedi. T\u00fcrk Hava Yollar\u0131\u2019n\u0131n k\u00fcresel ba\u015far\u0131lar\u0131n\u0131n ard\u0131nda sadece ticari bir hedef de\u011fil, ayn\u0131 zamanda \u00fclkemizin k\u00fclt\u00fcr\u00fcn\u00fc d\u00fcnyaya tan\u0131tma misyonunun da bulundu\u011funu belirten \u00c7ay, T\u00fcrk Hava Yollar\u0131\u2019n\u0131n hem ticari hem de k\u00fclt\u00fcrel anlamda \u00fclkemizi gururla temsil etti\u011fini ifade etti.<\/p>\n\n\n\n<p>T\u00dcRK HAVA YOLLARINDA KAR\u0130YER: GEN\u00c7LER \u0130\u00c7\u0130N E\u015eS\u0130Z FIRSATLAR<\/p>\n\n\n\n<p>Etkinlikte, T\u00fcrk Hava Yollar\u0131\u2019nda kariyer yapman\u0131n gen\u00e7ler i\u00e7in sundu\u011fu olanaklar da detayl\u0131 bir \u015fekilde ele al\u0131nd\u0131. Abdulkerim \u00c7ay, T\u00fcrk Hava Yollar\u0131\u2019nda y\u00f6netici pozisyonlar\u0131ndaki ya\u015f ortalamas\u0131n\u0131n di\u011fer \u015firketlere g\u00f6re daha gen\u00e7 oldu\u011funu vurgulad\u0131. \u201cT\u00fcrk Hava Yollar\u0131, gen\u00e7 y\u00f6neticilerin ba\u015far\u0131yla g\u00f6rev ald\u0131\u011f\u0131 bir \u015firket. Gen\u00e7 ya\u015fta y\u00f6netici olma f\u0131rsat\u0131 sunmak, bu \u015firketin en b\u00fcy\u00fck avantajlar\u0131ndan biri. Gen\u00e7lerin kariyer geli\u015fimi i\u00e7in b\u00fcy\u00fck f\u0131rsatlar sunuyoruz.\u201d diyen \u00c7ay, gen\u00e7lerin hem motivasyon a\u00e7\u0131s\u0131ndan hem de kariyer olanaklar\u0131 a\u00e7\u0131s\u0131ndan \u00e7ok fazla imkana sahip oldu\u011funu ifade etti.<\/p>\n\n\n\n<p>T\u00dcRK HAVA YOLLARINDAK\u0130 \u0130\u015e \u0130MKANLARI<\/p>\n\n\n\n<p>\u00c7ay, T\u00fcrk Hava Yollar\u0131\u2019ndaki i\u015f imkanlar\u0131na da de\u011findi. \u00c7ay, \u201cT\u00fcrk Hava Yollar\u0131, \u00f6zellikle pilot ve kabin memuru al\u0131mlar\u0131na b\u00fcy\u00fck \u00f6nem veriyor. Ancak bunun d\u0131\u015f\u0131nda da bir\u00e7ok farkl\u0131 alanda i\u015f f\u0131rsatlar\u0131m\u0131z mevcut. \u0130yi bir \u0130ngilizce bilgisi, \u00f6zellikle havac\u0131l\u0131k sekt\u00f6r\u00fcnde kariyer yapmak isteyenler i\u00e7in \u00f6nemli bir gereklilik. Bunun yan\u0131nda, sa\u011fl\u0131k ko\u015fullar\u0131 da bizim i\u00e7in \u00e7ok \u00f6nemli. Kabin memuru al\u0131mlar\u0131nda boy ve kilo gibi fiziksel \u015fartlar da dikkate al\u0131n\u0131yor. Ancak di\u011fer pozisyonlar i\u00e7in her b\u00f6l\u00fcmden mezun olan adaylar da de\u011ferlendirilmekte. Kendini geli\u015ftiren, iyi ileti\u015fim becerilerine sahip ve topluluk y\u00f6netiminde deneyimi olan ki\u015filer bizim i\u00e7in de\u011ferli adaylard\u0131r.\u201d diye belirtti. T\u00fcrk Hava Yollar\u0131\u2019n\u0131n sundu\u011fu kariyer imkanlar\u0131n\u0131n \u00e7e\u015fitlili\u011fi hakk\u0131nda bilgi veren \u00c7ay, gen\u00e7lerin bu f\u0131rsatlardan yararlanmak i\u00e7in kendilerini s\u00fcrekli geli\u015ftirmeleri gerekti\u011fini vurgulad\u0131.<\/p>\n\n\n\n<p>\u00d6\u011eRENC\u0130LERE KAR\u0130YER TAVS\u0130YELER\u0130<\/p>\n\n\n\n<p>\u00c7ay, \u00f6\u011frencilere kariyer tavsiyelerinde de bulundu. \u00c7ay, \u201c\u0130yi bir \u0130ngilizce bilgisi, havac\u0131l\u0131k sekt\u00f6r\u00fcnde kariyer yapmak i\u00e7in b\u00fcy\u00fck bir avantaj. Ancak sadece dil bilgisiyle yetinmek yeterli de\u011fil, ayn\u0131 zamanda deneyim de \u00e7ok \u00f6nemli. Staj yaparak sekt\u00f6rdeki geli\u015fmeleri yak\u0131ndan takip edebilir ve deneyim kazanabilirsiniz. Yaz d\u00f6nemlerinizi bo\u015fa ge\u00e7irmeyin, her f\u0131rsat\u0131 de\u011ferlendirin. Yurt d\u0131\u015f\u0131na \u00e7\u0131kmak ve farkl\u0131 k\u00fclt\u00fcrlerle tan\u0131\u015fmak da kariyerinize b\u00fcy\u00fck katk\u0131 sa\u011flar. Havac\u0131l\u0131k sekt\u00f6r\u00fc gibi dinamik ve h\u0131zla de\u011fi\u015fen bir alanda, sa\u011fl\u0131k ve fiziki kondisyon da \u00e7ok \u00f6nemli. Pilot ve kabin memuru al\u0131mlar\u0131nda boy, kilo ve sa\u011fl\u0131k ko\u015fullar\u0131 da dikkat edilen kriterler aras\u0131nda yer al\u0131yor.\u201d dedi. \u00c7ay, gen\u00e7lerin her f\u0131rsattan yararlanarak kendilerini geli\u015ftirmelerini \u00f6nerdi.<\/p>\n\n\n\n<p>HED\u0130YELER \u00c7EK\u0130L\u0130\u015eLE SAH\u0130PLER\u0130N\u0130 BULDU<\/p>\n\n\n\n<p>S\u00f6yle\u015fi kat\u0131l\u0131mc\u0131lar\u0131n sorular\u0131n\u0131 yan\u0131tlayan Abdulkerim \u00c7ay\u2019\u0131n konu\u015fmas\u0131yla sona erdi. \u00d6\u011frenciler, T\u00fcrk Hava Yollar\u0131\u2019nda kariyer yapmaya dair merak ettikleri sorular\u0131 sorarak de\u011ferli bilgiler ald\u0131. Etkinlik sonunda, kat\u0131l\u0131mc\u0131lara \u00e7ekili\u015fle 3 adet yurti\u00e7i gidi\u015f-d\u00f6n\u00fc\u015f bileti ve 3 adet T\u00fcrk Hava Yollar\u0131 u\u00e7ak maketi hediye edildi.<\/p>\n\n\n\n<p>Akdeniz \u00dcniversitesi Rekt\u00f6rl\u00fc\u011f\u00fc \/ B\u00fclten<\/p>\n","protected":false},"excerpt":{"rendered":"<p>Akdeniz \u00dcniversitesi Sa\u011fl\u0131k, K\u00fclt\u00fcr ve Spor Dairesi Ba\u015fkanl\u0131\u011f\u0131 taraf\u0131ndan d\u00fczenlenen T\u00fcrk Hava Yollar\u0131 Kariyer S\u00f6yle\u015fisi, T\u00fcrk Hava Yollar\u0131 Genel M\u00fcd\u00fcr Yard\u0131mc\u0131s\u0131 Abdulkerim \u00c7ay\u2019\u0131n kat\u0131l\u0131m\u0131yla Atat\u00fcrk <a href=\"https:\/\/akdenizhaber.com.tr\/index.php\/2024\/12\/05\/akdeniz-universitesinde-turk-hava-yollari-kariyer-soylesisi-gerceklesti\/\" class=\"read-more-link\">[more&#8230;]<\/a><\/p>\n","protected":false},"author":2,"featured_media":26758,"comment_status":"open","ping_status":"open","sticky":false,"template":"","format":"standard","meta":{"footnotes":""},"categories":[2],"tags":[],"class_list":["post-26757","post","type-post","status-publish","format-standard","has-post-thumbnail","hentry","category-gundem"],"_links":{"self":[{"href":"https:\/\/akdenizhaber.com.tr\/index.php\/wp-json\/wp\/v2\/posts\/26757","targetHints":{"allow":["GET"]}}],"collection":[{"href":"https:\/\/akdenizhaber.com.tr\/index.php\/wp-json\/wp\/v2\/posts"}],"about":[{"href":"https:\/\/akdenizhaber.com.tr\/index.php\/wp-json\/wp\/v2\/types\/post"}],"author":[{"embeddable":true,"href":"https:\/\/akdenizhaber.com.tr\/index.php\/wp-json\/wp\/v2\/users\/2"}],"replies":[{"embeddable":true,"href":"https:\/\/akdenizhaber.com.tr\/index.php\/wp-json\/wp\/v2\/comments?post=26757"}],"version-history":[{"count":1,"href":"https:\/\/akdenizhaber.com.tr\/index.php\/wp-json\/wp\/v2\/posts\/26757\/revisions"}],"predecessor-version":[{"id":26759,"href":"https:\/\/akdenizhaber.com.tr\/index.php\/wp-json\/wp\/v2\/posts\/26757\/revisions\/26759"}],"wp:featuredmedia":[{"embeddable":true,"href":"https:\/\/akdenizhaber.com.tr\/index.php\/wp-json\/wp\/v2\/media\/26758"}],"wp:attachment":[{"href":"https:\/\/akdenizhaber.com.tr\/index.php\/wp-json\/wp\/v2\/media?parent=26757"}],"wp:term":[{"taxonomy":"category","embeddable":true,"href":"https:\/\/akdenizhaber.com.tr\/index.php\/wp-json\/wp\/v2\/categories?post=26757"},{"taxonomy":"post_tag","embeddable":true,"href":"https:\/\/akdenizhaber.com.tr\/index.php\/wp-json\/wp\/v2\/tags?post=26757"}],"curies":[{"name":"wp","href":"https:\/\/api.w.org\/{rel}","templated":true}]}}