{"id":26751,"date":"2024-12-05T15:11:49","date_gmt":"2024-12-05T12:11:49","guid":{"rendered":"https:\/\/akdenizhaber.com.tr\/?p=26751"},"modified":"2024-12-05T15:11:49","modified_gmt":"2024-12-05T12:11:49","slug":"rektor-ozkan-engelli-calisanlarla-bir-araya-geldi","status":"publish","type":"post","link":"https:\/\/akdenizhaber.com.tr\/index.php\/2024\/12\/05\/rektor-ozkan-engelli-calisanlarla-bir-araya-geldi\/","title":{"rendered":"Rekt\u00f6r \u00d6zkan engelli \u00e7al\u0131\u015fanlarla bir araya geldi"},"content":{"rendered":"\n<p>Akdeniz \u00dcniversitesi Rekt\u00f6r\u00fc Prof. Dr. \u00d6zlenen \u00d6zkan, 3 Aral\u0131k D\u00fcnya Engelliler G\u00fcn\u00fc vesilesiyle Akdeniz \u00dcniversitesi Hastanesi\u2019nde \u00e7al\u0131\u015fanlarla bir araya geldi.<\/p>\n\n\n\n<p>Akdeniz \u00dcniversitesi Hastanesi A Blok Kokteyl Salonunda engelli \u00e7al\u0131\u015fanlarla bir araya gelen Rekt\u00f6r Prof. Dr. \u00d6zlenen \u00d6zkan\u2019a Rekt\u00f6r Yard\u0131mc\u0131s\u0131 Prof. Dr. Ay\u015fe G\u00fclbin Ar\u0131c\u0131, Hastane Ba\u015fhekimi Prof. Dr. Y\u0131ld\u0131ray \u00c7ete, Ba\u015fhekim Yard\u0131mc\u0131lar\u0131 Prof. Dr. Derya Mutlu, Do\u00e7. Dr. Murat U\u00e7ar, Do\u00e7. Dr. Volkan Do\u011fru, Dr. \u00d6\u011fr. \u00dcyesi Ali \u00dcnal, Hastane Ba\u015fm\u00fcd\u00fcr\u00fc \u00d6\u011fr. G\u00f6r. Hatice Yavuz Y\u00fcce, akademisyenler ve hastane \u00e7al\u0131\u015fanlar\u0131 kat\u0131ld\u0131.<\/p>\n\n\n\n<p>EN \u00d6NEML\u0130 \u0130\u015e\u0130M\u0130Z HAYATINIZI YA\u015eANAB\u0130L\u0130R KILMAK<\/p>\n\n\n\n<p>Etkinli\u011fe kat\u0131lmak i\u00e7in ameliyathaneden \u00e7\u0131k\u0131p geldi\u011fini ifade eden Akdeniz \u00dcniversitesi Rekt\u00f6r\u00fc Prof. Dr. \u00d6zlenen \u00d6zkan, \u201cAmeliyattan \u00e7\u0131kt\u0131m buraya ko\u015farak geldim, sizlerle birlikte olmak i\u00e7in. Bizim i\u015fimizde genel de uzvu olmayan insanlar\u0131 tedavi etmek. Bu anlamda sizlerin de az \u00e7ok neler ya\u015fad\u0131\u011f\u0131n\u0131 biliyorum ve sizle empati yapmaya \u00e7al\u0131\u015f\u0131yorum. Y\u00f6netici olarak da bizim en \u00f6nemli i\u015fimiz sizlerin hayat\u0131n\u0131 daha ya\u015fanabilir k\u0131lmak, di\u011fer insanlarla daha e\u015fit bir d\u00fcnya yaratmak.\u201d dedi.<\/p>\n\n\n\n<p>\u00d6NEML\u0130 OLAN G\u00d6N\u00dcLDEN G\u00d6N\u00dcLE K\u00d6PR\u00dcLER KURAB\u0130LMEK<\/p>\n\n\n\n<p>G\u00f6reve geldikleri g\u00fcnden beri kamp\u00fcs\u00fc ve hastaneyi engelliler i\u00e7in daha ya\u015fan\u0131labilir k\u0131lmaya \u00e7al\u0131\u015ft\u0131\u011f\u0131n\u0131 ifade eden Rekt\u00f6r \u00d6zkan, \u201cBurada \u00f6nemli olan g\u00f6n\u00fclden g\u00f6n\u00fcle k\u00f6pr\u00fcler kurabilmek. Umar\u0131m o k\u00f6pr\u00fcleri kurabilirmi\u015fizdir. Bundan sonraki s\u00fcre\u00e7te de ihtiyac\u0131n\u0131z ne varsa her zaman ileti\u015fimde kalmak bizim i\u00e7in \u00e7ok k\u0131ymetli. \u00d6nemli olan d\u00fcnyan\u0131n herkes ad\u0131na daha e\u015fit, daha g\u00fczel olmas\u0131. \u0130yi ki vars\u0131n\u0131z. Neye ihtiyac\u0131n\u0131z olursa bunlar\u0131 kolayla\u015ft\u0131rmakla y\u00fck\u00fcml\u00fcy\u00fcz. Yeter ki g\u00f6n\u00fcl engeli olmas\u0131n, fiziksel engeller bir \u015fekilde y\u0131k\u0131l\u0131yor. Umar\u0131m d\u00fcnya daha e\u015fit, daha g\u00fczel, daha sa\u011fl\u0131kl\u0131 ve daha mutlu olur.\u201d \u015feklinde konu\u015ftu.<\/p>\n\n\n\n<p>B\u00dcT\u00dcN \u00c7ALI\u015eANLARIMIZ \u00c7OK \u00d6NEML\u0130 ROL ALIYORLAR<\/p>\n\n\n\n<p>Uzun zamand\u0131r b\u00f6yle etkinliklerle bir araya gelmek istediklerini vurgulayan Hastane Ba\u015fhekimi Prof. Dr. Y\u0131ld\u0131ray \u00c7ete ise \u201cHasta bak\u0131m\u0131n\u0131n t\u00fcm\u00fc, b\u00fct\u00fcn \u00e7al\u0131\u015fanlarla burada ger\u00e7ekle\u015fen bir i\u015f. Hastan\u0131n kamp\u00fcse girmesiyle ba\u015flay\u0131p hastan\u0131n buradan taburculu\u011fuyla biten bir s\u00fcre\u00e7. B\u00fct\u00fcn bu s\u00fcre\u00e7 i\u00e7erisinde sizler, b\u00fct\u00fcn \u00e7al\u0131\u015fanlar\u0131m\u0131z \u00e7ok \u00f6nemli rol al\u0131yorlar. Sizlerle birlikte olabilece\u011fimiz her t\u00fcrl\u00fc f\u0131rsat\u0131 de\u011ferlendirmek istiyoruz. Bu y\u00fczden \u00f6n\u00fcm\u00fczdeki d\u00f6nemde de bu tarz etkileri daha s\u0131k yapmay\u0131 planl\u0131yoruz.\u201d dedi.<\/p>\n\n\n\n<p>Rekt\u00f6r \u00d6zkan, hastane \u00e7al\u0131\u015fan\u0131 Necibe Evrim Tong\u00fcl\u2019e g\u00fcn\u00fcn an\u0131s\u0131na \u00e7i\u00e7ek takdim etti. Rekt\u00f6r \u00d6zkan daha sonra kat\u0131l\u0131mc\u0131larla bir s\u00fcre sohbet etti.<\/p>\n\n\n\n<p>Akdeniz \u00dcniversitesi Rekt\u00f6rl\u00fc\u011f\u00fc \/ B\u00fclten<\/p>\n","protected":false},"excerpt":{"rendered":"<p>Akdeniz \u00dcniversitesi Rekt\u00f6r\u00fc Prof. Dr. \u00d6zlenen \u00d6zkan, 3 Aral\u0131k D\u00fcnya Engelliler G\u00fcn\u00fc vesilesiyle Akdeniz \u00dcniversitesi Hastanesi\u2019nde \u00e7al\u0131\u015fanlarla bir araya geldi. Akdeniz \u00dcniversitesi Hastanesi A Blok <a href=\"https:\/\/akdenizhaber.com.tr\/index.php\/2024\/12\/05\/rektor-ozkan-engelli-calisanlarla-bir-araya-geldi\/\" class=\"read-more-link\">[more&#8230;]<\/a><\/p>\n","protected":false},"author":2,"featured_media":26752,"comment_status":"open","ping_status":"open","sticky":false,"template":"","format":"standard","meta":{"footnotes":""},"categories":[2],"tags":[],"class_list":["post-26751","post","type-post","status-publish","format-standard","has-post-thumbnail","hentry","category-gundem"],"_links":{"self":[{"href":"https:\/\/akdenizhaber.com.tr\/index.php\/wp-json\/wp\/v2\/posts\/26751","targetHints":{"allow":["GET"]}}],"collection":[{"href":"https:\/\/akdenizhaber.com.tr\/index.php\/wp-json\/wp\/v2\/posts"}],"about":[{"href":"https:\/\/akdenizhaber.com.tr\/index.php\/wp-json\/wp\/v2\/types\/post"}],"author":[{"embeddable":true,"href":"https:\/\/akdenizhaber.com.tr\/index.php\/wp-json\/wp\/v2\/users\/2"}],"replies":[{"embeddable":true,"href":"https:\/\/akdenizhaber.com.tr\/index.php\/wp-json\/wp\/v2\/comments?post=26751"}],"version-history":[{"count":1,"href":"https:\/\/akdenizhaber.com.tr\/index.php\/wp-json\/wp\/v2\/posts\/26751\/revisions"}],"predecessor-version":[{"id":26753,"href":"https:\/\/akdenizhaber.com.tr\/index.php\/wp-json\/wp\/v2\/posts\/26751\/revisions\/26753"}],"wp:featuredmedia":[{"embeddable":true,"href":"https:\/\/akdenizhaber.com.tr\/index.php\/wp-json\/wp\/v2\/media\/26752"}],"wp:attachment":[{"href":"https:\/\/akdenizhaber.com.tr\/index.php\/wp-json\/wp\/v2\/media?parent=26751"}],"wp:term":[{"taxonomy":"category","embeddable":true,"href":"https:\/\/akdenizhaber.com.tr\/index.php\/wp-json\/wp\/v2\/categories?post=26751"},{"taxonomy":"post_tag","embeddable":true,"href":"https:\/\/akdenizhaber.com.tr\/index.php\/wp-json\/wp\/v2\/tags?post=26751"}],"curies":[{"name":"wp","href":"https:\/\/api.w.org\/{rel}","templated":true}]}}