{"id":26748,"date":"2024-12-05T15:08:50","date_gmt":"2024-12-05T12:08:50","guid":{"rendered":"https:\/\/akdenizhaber.com.tr\/?p=26748"},"modified":"2024-12-05T15:08:50","modified_gmt":"2024-12-05T12:08:50","slug":"bocek-engelsiz-bir-antalya-icin-calisiyoruz","status":"publish","type":"post","link":"https:\/\/akdenizhaber.com.tr\/index.php\/2024\/12\/05\/bocek-engelsiz-bir-antalya-icin-calisiyoruz\/","title":{"rendered":"B\u00f6cek; \u201cEngelsiz bir Antalya i\u00e7in \u00e7al\u0131\u015f\u0131yoruz\u2019"},"content":{"rendered":"\n<p>Antalya B\u00fcy\u00fck\u015fehir Belediye Ba\u015fkan\u0131 Muhittin B\u00f6cek, 3 Aral\u0131k D\u00fcnya Engelliler G\u00fcn\u00fc etkinlikleri kapsam\u0131nda, Sivil Toplum Kurulu\u015flar\u0131 temsilcileri ve engelli bireyler ile bir araya geldi. \u201cAram\u0131zda hi\u00e7bir zaman engeller olmad\u0131 ve olmayacak\u201d diyen Ba\u015fkan Muhittin B\u00f6cek, \u201cAs\u0131l engel sevgisizliktir,&nbsp; ho\u015fg\u00f6r\u00fcs\u00fczl\u00fckt\u00fcr. Engelsiz bir Antalya i\u00e7in \u00e7al\u0131\u015f\u0131yoruz\u201d dedi.<\/p>\n\n\n\n<p><a><\/a>Antalya B\u00fcy\u00fck\u015fehir Belediyesi, 3 Aral\u0131k D\u00fcnya Engelliler G\u00fcn\u00fc\u2019n\u00fc B\u00fcy\u00fck\u015fehir \u00d6zel E\u011fitim Okulu ve Rehabilitasyon Merkezi\u2019nde bir dizi etkinlikle kutlad\u0131. Etkinliklere B\u00fcy\u00fck\u015fehir Belediye Ba\u015fkan\u0131 Muhittin B\u00f6cek, D\u00f6\u015femealt\u0131 Belediye Ba\u015fkan\u0131 Menderes Dal, Sivil Toplum Kurulu\u015flar\u0131 temsilcileri, engelli dernekleri, engelli bireyler ve aileleri kat\u0131ld\u0131. Sayg\u0131 duru\u015fu ve \u0130stiklal Mar\u015f\u0131\u2019n\u0131n okunmas\u0131ndan sonra etkinlik halk oyunlar\u0131 g\u00f6sterisiyle ba\u015flad\u0131.<\/p>\n\n\n\n<p>D\u00dcNYA STANDARTLARINDA E\u011e\u0130T\u0130M VER\u0130YORUZ<\/p>\n\n\n\n<p>T\u00f6renin a\u00e7\u0131l\u0131\u015f\u0131nda bir konu\u015fma yapan Ba\u015fkan Muhittin B\u00f6cek, 3 Aral\u0131k D\u00fcnya Engelliler G\u00fcn\u00fc\u2019n\u00fcn toplumsal duyarl\u0131l\u0131\u011f\u0131n olu\u015fturulmas\u0131 a\u00e7\u0131s\u0131ndan \u00f6nemli bir g\u00fcn oldu\u011funa dikkat \u00e7ekti. \u201cEngelsiz bir d\u00fcnya i\u00e7in t\u00fcm engelleri hep beraber a\u015fmakta kararl\u0131y\u0131z\u201d diyen Ba\u015fkan Muhittin B\u00f6cek, \u201cBu tesisimizde 500\u2019\u00fcn \u00fczerinde \u00f6zel gereksinimli bireye d\u00fcnya standartlar\u0131nda rehabilitasyon ve e\u011fitim hizmeti vermekteyiz.&nbsp;Bu sosyal tesisin yap\u0131m\u0131n\u0131 ba\u015flatan Menderes T\u00fcrel ve Mustafa Akayd\u0131n hocam olmak \u00fczere eme\u011fi ge\u00e7en herkese te\u015fekk\u00fcr ederim\u201d dedi.<\/p>\n\n\n\n<p>ENGELS\u0130Z B\u0130R ANTALYA<\/p>\n\n\n\n<p>B\u00fcy\u00fck\u015fehir Belediyesi\u2019nin engelli bireylere y\u00f6nelik \u00e7al\u0131\u015fmalar\u0131n\u0131 anlatan Muhittin B\u00f6cek, \u201cAntalya merkez ve il\u00e7elerimizde bulunan engelli hizmet merkezlerimizle engellilerin sorunlar\u0131na daha kolay ve daha h\u0131zl\u0131 \u00e7\u00f6z\u00fcm konusunda her zaman yanlar\u0131nday\u0131z. \u015eehrimizde ya\u015fayan ve ziyarete gelen y\u0131ll\u0131k yakla\u015f\u0131k 55 bin engelli vatanda\u015flar\u0131m\u0131z i\u00e7in, engelsiz plajlar\u0131m\u0131zla bir\u00e7ok hizmetleri \u00fccretsiz olarak vermekteyiz. Engelli bireylerin ya\u015famalar\u0131n\u0131 kolayla\u015ft\u0131r\u0131c\u0131 rampa, e\u015fik d\u00fczenlemeleri, tutunma barlar\u0131 gibi ya\u015fam\u0131 kolayla\u015ft\u0131r\u0131c\u0131 hizmetlerimiz devam etmektedir. Aram\u0131zda hi\u00e7bir zaman engeller olmad\u0131 ve hi\u00e7bir zaman engeller olmayacak. As\u0131l engel sevgisizliktir,&nbsp; ho\u015fg\u00f6r\u00fcs\u00fczl\u00fckt\u00fcr. Engelsiz bir Antalya i\u00e7in \u00e7al\u0131\u015fmalar\u0131m\u0131z\u0131 s\u00fcrd\u00fcr\u00fcyoruz\u201d diye konu\u015ftu.<\/p>\n\n\n\n<p>ENGELL\u0130 B\u0130REYLER G\u00d6N\u00dcLLER\u0130NCE E\u011eLEND\u0130<\/p>\n\n\n\n<p>Daha sonra \u00f6zel gereksinimli bireyler Ba\u015fkan Muhittin B\u00f6cek\u2019e g\u00fcn\u00fcn an\u0131s\u0131na \u00e7i\u00e7ek takdim etti. Engelli bireyler Ba\u015fkan B\u00f6cek\u2019e yo\u011fun sevgi g\u00f6sterisinde bulunurken, bol bol foto\u011fraf \u00e7ektirdi. B\u00fcy\u00fck\u015fehir Belediyesi \u00d6zel E\u011fitim Okulu ve Rehabilitasyon Merkezi \u00f6\u011frencilerinin haz\u0131rlad\u0131\u011f\u0131 m\u00fczik g\u00f6steri ise b\u00fcy\u00fck be\u011feni toplad\u0131. Engelli bireyler \u00e7alan m\u00fczikler e\u015fli\u011finde dans ederek ve oynayarak g\u00f6n\u00fcllerince e\u011fledi. B\u00fcy\u00fck\u015fehir Belediyesi \u0130smail Baha S\u00fcrelsan Konservatuvar\u0131 orkestras\u0131 da mini bir konser verdi. \u00d6zel \u00f6\u011frenciler konserde bol bol oynad\u0131. Etkinliklerin sonunda ise Ba\u015fkan Muhittin B\u00f6cek, STK temsilcileriyle toplant\u0131 yaparak, sorunlar\u0131 dinledi. Ba\u015fkan B\u00f6cek, son olarak \u00f6zel bireylere, spor malzemeleri da\u011f\u0131tt\u0131.<\/p>\n\n\n\n<p>ENGELL\u0130 B\u0130REYLER SERG\u0130 A\u00c7TI<\/p>\n\n\n\n<p>3 Aral\u0131k D\u00fcnya Engelliler G\u00fcn\u00fc\u2019nde Antalya B\u00fcy\u00fck\u015fehir Belediyesi Hizmet Binas\u0131 Fuaye Alan\u0131\u2019nda, Rehabilitasyon Merkezi \u00f6\u011frencilerinin eserlerinden olu\u015fan karma sergi de a\u00e7\u0131ld\u0131. Sergide, B\u00fcy\u00fck\u015fehir Belediyesi \u00d6zel E\u011fitim Okulu ve Rehabilitasyon Merkezi\u2019nde hizmet alan bireylerin ve \u00f6\u011fretmenlerin ortakla\u015fa haz\u0131rlam\u0131\u015f olduklar\u0131 resim ve at\u00f6lye \u00e7al\u0131\u015fmalar\u0131 yer ald\u0131. Sergi, 7 Aral\u0131k tarihlerine kadar B\u00fcy\u00fck\u015fehir Belediyesi Hizmet Binas\u0131 Fuaye Alan\u0131\u2019nda ziyarete a\u00e7\u0131k olacak.<\/p>\n\n\n\n<p>Antalya B\u00fcy\u00fck\u015fehir Belediyesi \/ B\u00fclten<\/p>\n","protected":false},"excerpt":{"rendered":"<p>Antalya B\u00fcy\u00fck\u015fehir Belediye Ba\u015fkan\u0131 Muhittin B\u00f6cek, 3 Aral\u0131k D\u00fcnya Engelliler G\u00fcn\u00fc etkinlikleri kapsam\u0131nda, Sivil Toplum Kurulu\u015flar\u0131 temsilcileri ve engelli bireyler ile bir araya geldi. \u201cAram\u0131zda <a href=\"https:\/\/akdenizhaber.com.tr\/index.php\/2024\/12\/05\/bocek-engelsiz-bir-antalya-icin-calisiyoruz\/\" class=\"read-more-link\">[more&#8230;]<\/a><\/p>\n","protected":false},"author":2,"featured_media":26749,"comment_status":"open","ping_status":"open","sticky":false,"template":"","format":"standard","meta":{"footnotes":""},"categories":[2],"tags":[],"class_list":["post-26748","post","type-post","status-publish","format-standard","has-post-thumbnail","hentry","category-gundem"],"_links":{"self":[{"href":"https:\/\/akdenizhaber.com.tr\/index.php\/wp-json\/wp\/v2\/posts\/26748","targetHints":{"allow":["GET"]}}],"collection":[{"href":"https:\/\/akdenizhaber.com.tr\/index.php\/wp-json\/wp\/v2\/posts"}],"about":[{"href":"https:\/\/akdenizhaber.com.tr\/index.php\/wp-json\/wp\/v2\/types\/post"}],"author":[{"embeddable":true,"href":"https:\/\/akdenizhaber.com.tr\/index.php\/wp-json\/wp\/v2\/users\/2"}],"replies":[{"embeddable":true,"href":"https:\/\/akdenizhaber.com.tr\/index.php\/wp-json\/wp\/v2\/comments?post=26748"}],"version-history":[{"count":1,"href":"https:\/\/akdenizhaber.com.tr\/index.php\/wp-json\/wp\/v2\/posts\/26748\/revisions"}],"predecessor-version":[{"id":26750,"href":"https:\/\/akdenizhaber.com.tr\/index.php\/wp-json\/wp\/v2\/posts\/26748\/revisions\/26750"}],"wp:featuredmedia":[{"embeddable":true,"href":"https:\/\/akdenizhaber.com.tr\/index.php\/wp-json\/wp\/v2\/media\/26749"}],"wp:attachment":[{"href":"https:\/\/akdenizhaber.com.tr\/index.php\/wp-json\/wp\/v2\/media?parent=26748"}],"wp:term":[{"taxonomy":"category","embeddable":true,"href":"https:\/\/akdenizhaber.com.tr\/index.php\/wp-json\/wp\/v2\/categories?post=26748"},{"taxonomy":"post_tag","embeddable":true,"href":"https:\/\/akdenizhaber.com.tr\/index.php\/wp-json\/wp\/v2\/tags?post=26748"}],"curies":[{"name":"wp","href":"https:\/\/api.w.org\/{rel}","templated":true}]}}