{"id":26739,"date":"2024-12-05T14:44:52","date_gmt":"2024-12-05T11:44:52","guid":{"rendered":"https:\/\/akdenizhaber.com.tr\/?p=26739"},"modified":"2024-12-05T14:46:51","modified_gmt":"2024-12-05T11:46:51","slug":"piyano-festivalinin-gise-biletlerinin-satisi-basladi","status":"publish","type":"post","link":"https:\/\/akdenizhaber.com.tr\/index.php\/2024\/12\/05\/piyano-festivalinin-gise-biletlerinin-satisi-basladi\/","title":{"rendered":"Piyano Festivali\u2019nin gi\u015fe biletlerinin sat\u0131\u015f\u0131 ba\u015flad\u0131"},"content":{"rendered":"\n<p>Antalya B\u00fcy\u00fck\u015fehir Belediyesi\u2019nin \u015fehirdeki en \u00f6nemli sanat etkinliklerinden olan 24\u2019\u00fcnc\u00fc Uluslararas\u0131 Antalya Piyano Festivali\u2019nin gi\u015fe biletleri AKM\u2019de sat\u0131\u015fa \u00e7\u0131kt\u0131.<\/p>\n\n\n\n<p>Antalya B\u00fcy\u00fck\u015fehir Belediyesi\u2019nin ev sahipli\u011finde bu y\u0131l 24\u2019\u00fcnc\u00fcs\u00fc d\u00fczenlenen Uluslararas\u0131 Antalya Piyano Festivali\u2019nde geri say\u0131m ba\u015flad\u0131. 7-20 Aral\u0131k tarihleri aras\u0131nda Atat\u00fcrk K\u00fclt\u00fcr Merkezi\u2019nde T\u00fcrkiye ve d\u00fcnyadan bir\u00e7ok y\u0131ld\u0131z\u0131 m\u00fczikseverlerle bulu\u015fturacak festivalin gi\u015fe biletleri Atat\u00fcrk K\u00fclt\u00fcr Merkezi (AKM) gi\u015felerinde sat\u0131\u015fa \u00e7\u0131kt\u0131. Festivalin internet bilet sat\u0131\u015f\u0131 ge\u00e7ti\u011fimiz g\u00fcnlerde ba\u015flam\u0131\u015f, dakikalar i\u00e7inde t\u00fckenmi\u015fti. Uluslararas\u0131 Antalya Piyano Festivali kapsam\u0131nda d\u00fcnyaca \u00fcnl\u00fc sanat\u00e7\u0131 ve gruplar\u0131n konser biletlerini alabilmek i\u00e7in sabah\u0131n erken saatlerinde AKM gi\u015felerinde s\u0131raya giren vatanda\u015flar uzun kuyruklar olu\u015fturdu. Antalyal\u0131lar, bu sanat ve m\u00fczik dolu festivali sab\u0131rs\u0131zl\u0131kla bekledi\u011fini belirtti. Sat\u0131\u015flar, resmi olarak 20 Aral\u0131k\u2019a kadar s\u00fcrecek olsa da yo\u011funluk sebebiyle k\u0131sa s\u00fcre i\u00e7erisinde t\u00fckenmesi bekleniyor. Sanat\u00e7\u0131 Karsu\u2019nun biletleriyse daha ilk g\u00fcnden t\u00fckendi.<\/p>\n\n\n\n<p>M\u00dcZ\u0130K Z\u0130FAYET\u0130 SUNUYOR<\/p>\n\n\n\n<p>Bilet almak sabah erkenden AKM gi\u015fesi \u00f6n\u00fcnde yerini alan m\u00fcziksever P\u0131r\u0131l Ayman, Antalya B\u00fcy\u00fck\u015fehir Belediyesi\u2019nin d\u00fczenlemi\u015f oldu\u011fu festivale uzun y\u0131llard\u0131r d\u00fczenli olarak kat\u0131l\u0131m sa\u011flad\u0131\u011f\u0131n\u0131 s\u00f6yledi. Ayman, \u201c Kerem G\u00f6rsev, Karsu ve daha bir\u00e7ok \u00f6nemli m\u00fczisyeni dinlemek i\u00e7in burada bilet s\u0131ras\u0131na geldim. Biletlerin k\u0131s\u0131tl\u0131 oldu\u011funu bildi\u011fim i\u00e7in \u00e7ok erken bir saatte geldim ve ilk s\u0131rada yerimi ald\u0131m. \u00d6nceki festivallerde \u00e7ok kaliteli m\u00fczisyenlerle \u00e7ok kaliteli zamanlar ge\u00e7irdim. Festival biz Antalyal\u0131lara m\u00fcthi\u015f bir m\u00fczik ziyafeti sunuyor\u201d dedi.<\/p>\n\n\n\n<p>D\u00dcNYACA \u00dcNL\u00dc SANAT\u00c7ILAR<\/p>\n\n\n\n<p>Klasik m\u00fczik, caz ve Flamenko\u2019da T\u00fcrkiye ve d\u00fcnyadan bir\u00e7ok y\u0131ld\u0131z\u0131 Antalyal\u0131larla bulu\u015fturacak olan festivalin a\u00e7\u0131l\u0131\u015f gecesinde \u00fcnl\u00fc sanat\u00e7\u0131 Karsu sahne alacak. Festival s\u00fcresince La Fortuna Tango, Agora Senfoni Orkestras\u0131,&nbsp; Kerem G\u00f6rsev Trio, Duendo Famenco Feat&nbsp; Maria Farelo &amp; Christian Perez ve Ferhan- Ferzan \u00d6nder gibi d\u00fcnyaca \u00fcnl\u00fc sanat\u00e7\u0131lar da Antalyal\u0131larla bulu\u015facak.<\/p>\n\n\n\n<p>Antalya B\u00fcy\u00fck\u015fehir Belediyesi \/ B\u00fclten<\/p>\n\n\n\n<p><\/p>\n","protected":false},"excerpt":{"rendered":"<p>Antalya B\u00fcy\u00fck\u015fehir Belediyesi\u2019nin \u015fehirdeki en \u00f6nemli sanat etkinliklerinden olan 24\u2019\u00fcnc\u00fc Uluslararas\u0131 Antalya Piyano Festivali\u2019nin gi\u015fe biletleri AKM\u2019de sat\u0131\u015fa \u00e7\u0131kt\u0131. Antalya B\u00fcy\u00fck\u015fehir Belediyesi\u2019nin ev sahipli\u011finde bu <a href=\"https:\/\/akdenizhaber.com.tr\/index.php\/2024\/12\/05\/piyano-festivalinin-gise-biletlerinin-satisi-basladi\/\" class=\"read-more-link\">[more&#8230;]<\/a><\/p>\n","protected":false},"author":2,"featured_media":26740,"comment_status":"open","ping_status":"open","sticky":false,"template":"","format":"standard","meta":{"footnotes":""},"categories":[2],"tags":[],"class_list":["post-26739","post","type-post","status-publish","format-standard","has-post-thumbnail","hentry","category-gundem"],"_links":{"self":[{"href":"https:\/\/akdenizhaber.com.tr\/index.php\/wp-json\/wp\/v2\/posts\/26739","targetHints":{"allow":["GET"]}}],"collection":[{"href":"https:\/\/akdenizhaber.com.tr\/index.php\/wp-json\/wp\/v2\/posts"}],"about":[{"href":"https:\/\/akdenizhaber.com.tr\/index.php\/wp-json\/wp\/v2\/types\/post"}],"author":[{"embeddable":true,"href":"https:\/\/akdenizhaber.com.tr\/index.php\/wp-json\/wp\/v2\/users\/2"}],"replies":[{"embeddable":true,"href":"https:\/\/akdenizhaber.com.tr\/index.php\/wp-json\/wp\/v2\/comments?post=26739"}],"version-history":[{"count":1,"href":"https:\/\/akdenizhaber.com.tr\/index.php\/wp-json\/wp\/v2\/posts\/26739\/revisions"}],"predecessor-version":[{"id":26741,"href":"https:\/\/akdenizhaber.com.tr\/index.php\/wp-json\/wp\/v2\/posts\/26739\/revisions\/26741"}],"wp:featuredmedia":[{"embeddable":true,"href":"https:\/\/akdenizhaber.com.tr\/index.php\/wp-json\/wp\/v2\/media\/26740"}],"wp:attachment":[{"href":"https:\/\/akdenizhaber.com.tr\/index.php\/wp-json\/wp\/v2\/media?parent=26739"}],"wp:term":[{"taxonomy":"category","embeddable":true,"href":"https:\/\/akdenizhaber.com.tr\/index.php\/wp-json\/wp\/v2\/categories?post=26739"},{"taxonomy":"post_tag","embeddable":true,"href":"https:\/\/akdenizhaber.com.tr\/index.php\/wp-json\/wp\/v2\/tags?post=26739"}],"curies":[{"name":"wp","href":"https:\/\/api.w.org\/{rel}","templated":true}]}}