{"id":26735,"date":"2024-12-02T16:46:04","date_gmt":"2024-12-02T13:46:04","guid":{"rendered":"https:\/\/akdenizhaber.com.tr\/?p=26735"},"modified":"2024-12-02T16:46:05","modified_gmt":"2024-12-02T13:46:05","slug":"butcede-vergide-adalet-yok-daha-onemlisi-adalet-saraylarinda-adalet-yok","status":"publish","type":"post","link":"https:\/\/akdenizhaber.com.tr\/index.php\/2024\/12\/02\/butcede-vergide-adalet-yok-daha-onemlisi-adalet-saraylarinda-adalet-yok\/","title":{"rendered":"B\u00dcT\u00c7EDE, VERG\u0130DE ADALET YOK, DAHA \u00d6NEML\u0130S\u0130 ADALET SARAYLARINDA ADALET YOK."},"content":{"rendered":"\n<p>AKP \u0130ktidar\u0131nda Ya\u015fad\u0131\u011f\u0131m\u0131z Durumun Ad\u0131 Kaostur!<\/p>\n\n\n\n<p>Cumhuriyet Halk Partisi Antalya Milletvekili Aliye Co\u015far, Adalet Bakanl\u0131\u011f\u0131\u2019n\u0131n 2025 y\u0131l\u0131 B\u00fct\u00e7esinin g\u00f6r\u00fc\u015f\u00fcld\u00fc\u011f\u00fc Plan ve B\u00fct\u00e7e Komisyonu\u2019nda yapt\u0131\u011f\u0131 konu\u015fmada demokrasinin ve hukuk devletinin vazge\u00e7ilmezinin kuvvetler ayr\u0131l\u0131\u011f\u0131 oldu\u011funu belirtti. Co\u015far, yasama, y\u00fcr\u00fctme ve yarg\u0131dan olu\u015fan kuvvetler ayr\u0131l\u0131\u011f\u0131n\u0131n tek bir ki\u015finin egemenli\u011finde olmas\u0131ndan ise kaos do\u011faca\u011f\u0131n\u0131 ifade etti.<\/p>\n\n\n\n<p>Antalya Milletvekili Co\u015far \u201cAKP iktidar\u0131nda ya\u015fad\u0131\u011f\u0131m\u0131z durumun ad\u0131 &#8220;kaos&#8221;tur. Yarg\u0131da, insan haklar\u0131nda, ki\u015fi hak ve \u00f6zg\u00fcrl\u00fcklerinde, ekonomide, e\u011fitimde kaos h\u00e2kimdir.\u201d<\/p>\n\n\n\n<p>AKP \u0130ktidar\u0131 Yarg\u0131 Paketleri Getirdik\u00e7e Hukuka G\u00fcven D\u00fc\u015fmektedir.<\/p>\n\n\n\n<p>CHP\u2019li Co\u015far konu\u015fmas\u0131nda \u015fu ifadelere yer verdi; \u201cYarg\u0131 reformu stratejisi kapsam\u0131nda 2 yasama d\u00f6neminde toplam 9 yarg\u0131 paketi getirdiniz, \u015fimdi de T\u00fcrkiye Y\u00fczy\u0131l\u0131 yarg\u0131 reformundan bahsetmektesiniz. Siz yarg\u0131 paketleri getirdik\u00e7e hukuka g\u00fcven d\u00fc\u015fmektedir. OECD \u00fclkeleri aras\u0131nda Yarg\u0131ya G\u00fcven Endeksi s\u0131ralamas\u0131nda T\u00fcrkiye 38 \u00fclke i\u00e7inde 36&#8217;nc\u0131 s\u0131radad\u0131r. D\u00fcnya Adalet Projesinin yay\u0131mlad\u0131\u011f\u0131 2024 Hukukun \u00dcst\u00fcnl\u00fc\u011f\u00fc Endeksi&#8217;nin raporuna g\u00f6re T\u00fcrkiye 142 \u00fclke aras\u0131nda 117&#8217;nci s\u0131rada yer ald\u0131. Bu sonuca giden yolun ta\u015flar\u0131n\u0131 iktidar\u0131n\u0131z d\u00f6\u015femi\u015ftir.\u201d<\/p>\n\n\n\n<p>Co\u015far konu\u015fmas\u0131n\u0131n devam\u0131nda \u201cAnayasa Mahkemesinin iptal kararlar\u0131 sonras\u0131 getirilen yeni yasa tekliflerinde t\u00fcm itirazlar\u0131m\u0131za ra\u011fmen tekrar Anayasa Mahkemesi kararlar\u0131na uymayan, sadece k\u00fc\u00e7\u00fck kelime oyunlar\u0131yla ayn\u0131 d\u00fczenlemeleri getiriyorsunuz.\u201d dedi.<\/p>\n\n\n\n<p>AKP iktidar\u0131n\u0131n Anayasa ve Anayasa Mahkemesi kararlar\u0131na uymamay\u0131 bir al\u0131\u015fkanl\u0131k haline getirdi\u011fini belirten Co\u015far; Ya\u015fanan hukuksuzluklardan bahsetti.<\/p>\n\n\n\n<p>Hukuk Tan\u0131maz Bir \u0130ktidars\u0131n\u0131z.<\/p>\n\n\n\n<p>\u201cEsenyurt Belediye Ba\u015fkan\u0131m\u0131z \u015fafak bask\u0131n\u0131yla g\u00f6zalt\u0131na al\u0131n\u0131yor. Halk\u0131n oylar\u0131yla se\u00e7ilmi\u015f Belediye Ba\u015fkan\u0131m\u0131z akademisyen Ahmet \u00d6zer daha ifadesini verirken tutukland\u0131\u011f\u0131 haberi yanda\u015f bas\u0131na ge\u00e7iliyor. Esenyurt halk\u0131n\u0131n iradesini gasbederek belediyeye kayy\u0131m atand\u0131. Belediye Meclis \u00fcyelerini dahi belediye binas\u0131na almad\u0131n\u0131z, yetmedi, Cumhuriyet Halk Partisi Grubu tabelas\u0131n\u0131 indirdiniz; ard\u0131ndan Ovac\u0131k Belediye Ba\u015fkan\u0131m\u0131z Mustafa Sar\u0131g\u00fcl&#8217;\u00fc hukuksuz bir \u015fekilde g\u00f6revden al\u0131p kayy\u0131m atad\u0131n\u0131z. Yarg\u0131 eliyle siyaseti dizayn edip halk\u0131n iradesini gasbediyorsunuz. Ayn\u0131 \u015fekilde, \u0130stanbul B\u00fcy\u00fck\u015fehir Belediye Ba\u015fkan\u0131m\u0131z Ekrem \u0130mamo\u011flu&#8217;nun yarg\u0131land\u0131\u011f\u0131 ahmak davas\u0131nda yerel mahkeme h\u00e2kiminin sizin istedi\u011finiz karar\u0131 vermeyece\u011fini anlad\u0131\u011f\u0131n\u0131zda Samsun&#8217;a s\u00fcrg\u00fcn ettiniz. Bununla yetinmediniz, dosya istinaf mahkemesinde inceleme beklerken istinaf mahkemesi heyeti de de\u011fi\u015ftirildi. Hukuk tan\u0131maz bir iktidars\u0131n\u0131z. \u00d6nceki Genel Ba\u015fkan\u0131m\u0131z Say\u0131n Kemal K\u0131l\u0131\u00e7daro\u011flu hakk\u0131nda, Say\u0131n Bakan, dava i\u00e7in &#8220;Siyaset\u00e7ilere ibret vesikas\u0131d\u0131r.&#8221; dediniz. Devam eden siyasi bir dava da bu g\u00f6r\u00fc\u015f\u00fcn ad\u0131 h\u00e2kimlere siyasi bask\u0131, yarg\u0131ya talimatt\u0131r.\u201d dedi.<\/p>\n\n\n\n<p>Anayasa Mahkemesi kararlar\u0131 ve Avrupa \u0130nsan Haklar\u0131 Mahkemesinin kararlar\u0131 ba\u011flay\u0131c\u0131 oldu\u011funu ifade eden CHP\u2019li Co\u015far, Bakan Tun\u00e7\u2019a hitaben konu\u015fmas\u0131nda;<br>\u201cSizin d\u00f6neminizde, maalesef Anayasa Mahkemesi ve Avrupa \u0130nsan Haklar\u0131 Mahkemesi kararlar\u0131n\u0131n yok say\u0131ld\u0131\u011f\u0131na da \u015fahit olduk. Anayasa Mahkemesi kararlar\u0131na ra\u011fmen Can Atalay h\u00e2len tutsakt\u0131r. Anayasa Mahkemesinin hak ihlali karar\u0131na &#8220;Anayasa Mahkemesinin hak ihlali karar\u0131 yok.&#8221; diyerek uymayan Yarg\u0131tay 3. Ceza Dairesinin hukuksuz karar\u0131na bir a\u00e7\u0131klaman\u0131z var m\u0131?<\/p>\n\n\n\n<p>Her a\u00e7\u0131klaman\u0131zda &#8220;T\u00fcrkiye Cumhuriyeti hukuk devleti.&#8221; diyorsunuz; Say\u0131n Bakan, t\u00fcm bu hukuksuzluklar\u0131 nas\u0131l a\u00e7\u0131klayacaks\u0131n\u0131z?\u201d<\/p>\n\n\n\n<p>\u0130ktidar\u0131n Savc\u0131s\u0131 Korunuyor, Cumhuriyet\u2019in Savc\u0131s\u0131 A\u00e7\u0131\u011fa Al\u0131n\u0131yor.<\/p>\n\n\n\n<p>\u201cAyr\u0131ca, hukuksuz, siyasi davalar\u0131n ba\u015f\u0131nda AKP&#8217;nin savc\u0131s\u0131 Ak\u0131n G\u00fcrlek&#8217;i g\u00f6r\u00fcyoruz. Anayasa Mahkemesinin Enis Berbero\u011flu karar\u0131n\u0131 tan\u0131mayan mahkemenin Ba\u015fkan\u0131 G\u00fcrlek Dan\u0131\u015ftay \u00fcyeli\u011fi ve Bakan Yard\u0131mc\u0131l\u0131\u011f\u0131yla \u00f6d\u00fcllendirilmi\u015fti, \u015fimdi de iktidar\u0131n yarg\u0131ya m\u00fcdahalesinin son kan\u0131t\u0131 olan \u0130stanbul Ba\u015fsavc\u0131l\u0131\u011f\u0131 g\u00f6revindedir. AKP&#8217;nin savc\u0131s\u0131 Ak\u0131n G\u00fcrlek pamuklara sar\u0131l\u0131rken Antalya&#8217;da gen\u00e7 te\u011fmenlere destek mesaj\u0131 payla\u015fan Cumhuriyet Savc\u0131s\u0131 Mehmet \u00c7a\u011flayan a\u00e7\u0131\u011fa al\u0131nd\u0131.\u201d<\/p>\n\n\n\n<p>Yarg\u0131 Ba\u011f\u0131ms\u0131zl\u0131\u011f\u0131 ve Tarafs\u0131zl\u0131\u011f\u0131 Yok Edildi.<\/p>\n\n\n\n<p>\u201cYarg\u0131 ba\u011f\u0131ms\u0131zl\u0131\u011f\u0131 ve tarafs\u0131zl\u0131\u011f\u0131n\u0131 yok ettiniz, hukukun \u00fcst\u00fcnl\u00fc\u011f\u00fc de\u011fil \u00fcst\u00fcnlerin hukukunu adaletin kendisi yapt\u0131n\u0131z. Bir \u00fclkede yarg\u0131 ba\u011f\u0131ms\u0131zl\u0131\u011f\u0131 ve tarafs\u0131zl\u0131\u011f\u0131 yoksa, sa\u011fl\u0131kl\u0131 i\u015fleyen bir demokrasi yoksa o \u00fclkelerde ekonomik refah olmaz; bug\u00fcn ya\u015fanan ekonomik krizin en b\u00fcy\u00fck sebebi de AKP&#8217;nin adaleti ask\u0131ya almas\u0131d\u0131r.<\/p>\n\n\n\n<p>Bu b\u00fct\u00e7e g\u00f6r\u00fc\u015fmelerinde en \u00e7ok s\u00f6yledi\u011fimiz s\u00f6z\u00fc tekrarl\u0131yorum: AKP iktidar\u0131nda b\u00fct\u00e7ede adalet yok, vergide adalet yok, sokakta adalet yok; en \u00f6nemlisi adalet saraylar\u0131nda adalet yok.\u201d<\/p>\n\n\n\n<p>Haber Merkezi<\/p>\n","protected":false},"excerpt":{"rendered":"<p>AKP \u0130ktidar\u0131nda Ya\u015fad\u0131\u011f\u0131m\u0131z Durumun Ad\u0131 Kaostur! Cumhuriyet Halk Partisi Antalya Milletvekili Aliye Co\u015far, Adalet Bakanl\u0131\u011f\u0131\u2019n\u0131n 2025 y\u0131l\u0131 B\u00fct\u00e7esinin g\u00f6r\u00fc\u015f\u00fcld\u00fc\u011f\u00fc Plan ve B\u00fct\u00e7e Komisyonu\u2019nda yapt\u0131\u011f\u0131 konu\u015fmada <a href=\"https:\/\/akdenizhaber.com.tr\/index.php\/2024\/12\/02\/butcede-vergide-adalet-yok-daha-onemlisi-adalet-saraylarinda-adalet-yok\/\" class=\"read-more-link\">[more&#8230;]<\/a><\/p>\n","protected":false},"author":2,"featured_media":26737,"comment_status":"open","ping_status":"open","sticky":false,"template":"","format":"standard","meta":{"footnotes":""},"categories":[2],"tags":[],"class_list":["post-26735","post","type-post","status-publish","format-standard","has-post-thumbnail","hentry","category-gundem"],"_links":{"self":[{"href":"https:\/\/akdenizhaber.com.tr\/index.php\/wp-json\/wp\/v2\/posts\/26735","targetHints":{"allow":["GET"]}}],"collection":[{"href":"https:\/\/akdenizhaber.com.tr\/index.php\/wp-json\/wp\/v2\/posts"}],"about":[{"href":"https:\/\/akdenizhaber.com.tr\/index.php\/wp-json\/wp\/v2\/types\/post"}],"author":[{"embeddable":true,"href":"https:\/\/akdenizhaber.com.tr\/index.php\/wp-json\/wp\/v2\/users\/2"}],"replies":[{"embeddable":true,"href":"https:\/\/akdenizhaber.com.tr\/index.php\/wp-json\/wp\/v2\/comments?post=26735"}],"version-history":[{"count":1,"href":"https:\/\/akdenizhaber.com.tr\/index.php\/wp-json\/wp\/v2\/posts\/26735\/revisions"}],"predecessor-version":[{"id":26738,"href":"https:\/\/akdenizhaber.com.tr\/index.php\/wp-json\/wp\/v2\/posts\/26735\/revisions\/26738"}],"wp:featuredmedia":[{"embeddable":true,"href":"https:\/\/akdenizhaber.com.tr\/index.php\/wp-json\/wp\/v2\/media\/26737"}],"wp:attachment":[{"href":"https:\/\/akdenizhaber.com.tr\/index.php\/wp-json\/wp\/v2\/media?parent=26735"}],"wp:term":[{"taxonomy":"category","embeddable":true,"href":"https:\/\/akdenizhaber.com.tr\/index.php\/wp-json\/wp\/v2\/categories?post=26735"},{"taxonomy":"post_tag","embeddable":true,"href":"https:\/\/akdenizhaber.com.tr\/index.php\/wp-json\/wp\/v2\/tags?post=26735"}],"curies":[{"name":"wp","href":"https:\/\/api.w.org\/{rel}","templated":true}]}}