{"id":26726,"date":"2024-12-02T15:58:15","date_gmt":"2024-12-02T12:58:15","guid":{"rendered":"https:\/\/akdenizhaber.com.tr\/?p=26726"},"modified":"2024-12-02T15:58:16","modified_gmt":"2024-12-02T12:58:16","slug":"elo-satranc-turnuvasi-duzenlendi","status":"publish","type":"post","link":"https:\/\/akdenizhaber.com.tr\/index.php\/2024\/12\/02\/elo-satranc-turnuvasi-duzenlendi\/","title":{"rendered":"ELO Satran\u00e7 Turnuvas\u0131 d\u00fczenlendi"},"content":{"rendered":"\n<p>Manavgat English Time katk\u0131lar\u0131 ile 30 Kas\u0131m &#8211; 01 Aral\u0131k 2024 tarihlerinde ELO Satran\u00e7 Turnuvas\u0131 250 sporcunun kat\u0131l\u0131m\u0131 ile Manavgat Gen\u00e7lik Merkezinde d\u00fczenlendi. Her kategoride birinci olan sporcuya kupa ilk \u00fc\u00e7e madalya, nakdi \u00f6d\u00fcller ve Manavgat English Time bursu \u00f6d\u00fclleri verildi. B\u00fcy\u00fck ilgi \u00e7eken turnuvaya Antalya ve \u00e7evre illerden de kat\u0131l\u0131m sa\u011fland\u0131. \u00d6d\u00fcl t\u00f6renine Gen\u00e7lik ve Spor \u0130l\u00e7e M\u00fcd\u00fcr\u00fc S\u00fcleyman KARAKAYA, \u015eelale Yurt M\u00fcd\u00fcr\u00fc Ali YILDIRIM ve Manavgat English Time kurucusu Ard\u0131l BAYDEM\u0130R kat\u0131ld\u0131lar. \u00d6d\u00fcl t\u00f6reninde konu\u015fan Manavgat Gen\u00e7lik ve Spor \u0130l\u00e7e M\u00fcd\u00fcr\u00fc S\u00fcleyman KARAKAYA Manavgat English Time kurucusu Ard\u0131l BAYDEM\u0130R\u2019e Manavgat\u2019ta ELO turnuvas\u0131n\u0131n bir ilk oldu\u011funu ger\u00e7ekle\u015fmesine vesile olduklar\u0131, satran\u00e7 sporuna destekleri ve verdikleri de\u011fer i\u00e7in te\u015fekk\u00fcr etti ayr\u0131ca satran\u00e7 sporcusu ve velilerine turnuvaya g\u00f6sterdikleri yo\u011fun ilgi ve kat\u0131l\u0131mlar\u0131 i\u00e7in te\u015fekk\u00fcr etti. Ard\u0131l BAYDEM\u0130R kat\u0131l\u0131m sa\u011flayan t\u00fcm sporculara velilere, gece g\u00fcnd\u00fcz emek veren hakemlere, personellere te\u015fekk\u00fcr etti ve&nbsp; spora verdikleri \u00f6nem ve deste\u011fin katlanarak devam edece\u011fini belirtti.<\/p>\n\n\n\n<p>A KATEGOR\u0130S\u0130<\/p>\n\n\n\n<p>1-KAD\u0130R \u00c7\u0130\u00c7EK<\/p>\n\n\n\n<p>2- BERK MADSMAN<\/p>\n\n\n\n<p>3- ENVER KONYAR<\/p>\n\n\n\n<p>B KATEGOR\u0130S\u0130<\/p>\n\n\n\n<p>1- BATU DO\u011eAN<\/p>\n\n\n\n<p>2- \u00d6MER TUNA \u015eAH\u0130N&nbsp;&nbsp;<\/p>\n\n\n\n<p>3-EM\u0130N TEK\u0130N<\/p>\n\n\n\n<p>C KATEGOR\u0130S\u0130<\/p>\n\n\n\n<p>1-\u00c7A\u011eAN BI\u00c7AK<\/p>\n\n\n\n<p>2-MUSTAFA BERBER&nbsp;&nbsp;&nbsp;&nbsp;&nbsp;&nbsp;&nbsp;&nbsp;&nbsp;&nbsp;&nbsp;&nbsp;&nbsp;&nbsp;&nbsp;&nbsp;&nbsp;&nbsp;&nbsp;&nbsp;&nbsp;<\/p>\n\n\n\n<p>3-UMUT TAHA \u00c7AKAL<\/p>\n\n\n\n<p>10 YA\u015e VE ALTI KATEGOR\u0130S\u0130<\/p>\n\n\n\n<p>1- EYMEN SARP \u015eAH\u0130NT\u00dcRK<\/p>\n\n\n\n<p>2-METEHAN CO\u015eKUN<\/p>\n\n\n\n<p>3-MERT ANIL TOPTA\u015e<\/p>\n\n\n\n<p>8 YA\u015e VE ALTI KATEGOR\u0130S\u0130<\/p>\n\n\n\n<p>1- TUNA UZUNO\u011eULLARI<\/p>\n\n\n\n<p>2-DEM\u0130R DO\u011eAN<\/p>\n\n\n\n<p>3-HASAN YAVUZ TUN\u00c7<\/p>\n\n\n\n<p>Haber Merkezi<\/p>\n","protected":false},"excerpt":{"rendered":"<p>Manavgat English Time katk\u0131lar\u0131 ile 30 Kas\u0131m &#8211; 01 Aral\u0131k 2024 tarihlerinde ELO Satran\u00e7 Turnuvas\u0131 250 sporcunun kat\u0131l\u0131m\u0131 ile Manavgat Gen\u00e7lik Merkezinde d\u00fczenlendi. Her kategoride <a href=\"https:\/\/akdenizhaber.com.tr\/index.php\/2024\/12\/02\/elo-satranc-turnuvasi-duzenlendi\/\" class=\"read-more-link\">[more&#8230;]<\/a><\/p>\n","protected":false},"author":2,"featured_media":26727,"comment_status":"open","ping_status":"open","sticky":false,"template":"","format":"standard","meta":{"footnotes":""},"categories":[2],"tags":[],"class_list":["post-26726","post","type-post","status-publish","format-standard","has-post-thumbnail","hentry","category-gundem"],"_links":{"self":[{"href":"https:\/\/akdenizhaber.com.tr\/index.php\/wp-json\/wp\/v2\/posts\/26726","targetHints":{"allow":["GET"]}}],"collection":[{"href":"https:\/\/akdenizhaber.com.tr\/index.php\/wp-json\/wp\/v2\/posts"}],"about":[{"href":"https:\/\/akdenizhaber.com.tr\/index.php\/wp-json\/wp\/v2\/types\/post"}],"author":[{"embeddable":true,"href":"https:\/\/akdenizhaber.com.tr\/index.php\/wp-json\/wp\/v2\/users\/2"}],"replies":[{"embeddable":true,"href":"https:\/\/akdenizhaber.com.tr\/index.php\/wp-json\/wp\/v2\/comments?post=26726"}],"version-history":[{"count":1,"href":"https:\/\/akdenizhaber.com.tr\/index.php\/wp-json\/wp\/v2\/posts\/26726\/revisions"}],"predecessor-version":[{"id":26728,"href":"https:\/\/akdenizhaber.com.tr\/index.php\/wp-json\/wp\/v2\/posts\/26726\/revisions\/26728"}],"wp:featuredmedia":[{"embeddable":true,"href":"https:\/\/akdenizhaber.com.tr\/index.php\/wp-json\/wp\/v2\/media\/26727"}],"wp:attachment":[{"href":"https:\/\/akdenizhaber.com.tr\/index.php\/wp-json\/wp\/v2\/media?parent=26726"}],"wp:term":[{"taxonomy":"category","embeddable":true,"href":"https:\/\/akdenizhaber.com.tr\/index.php\/wp-json\/wp\/v2\/categories?post=26726"},{"taxonomy":"post_tag","embeddable":true,"href":"https:\/\/akdenizhaber.com.tr\/index.php\/wp-json\/wp\/v2\/tags?post=26726"}],"curies":[{"name":"wp","href":"https:\/\/api.w.org\/{rel}","templated":true}]}}