{"id":26714,"date":"2024-12-02T13:16:15","date_gmt":"2024-12-02T10:16:15","guid":{"rendered":"https:\/\/akdenizhaber.com.tr\/?p=26714"},"modified":"2024-12-02T13:16:29","modified_gmt":"2024-12-02T10:16:29","slug":"simitci-babadan-ornek-davranis","status":"publish","type":"post","link":"https:\/\/akdenizhaber.com.tr\/index.php\/2024\/12\/02\/simitci-babadan-ornek-davranis\/","title":{"rendered":"Simit\u00e7i Babadan \u00d6rnek Davran\u0131\u015f"},"content":{"rendered":"\n<p>Y\u0131llard\u0131r eski kaymakaml\u0131k \u00f6n\u00fcnde simit\u00e7ilik yapan Manavgat\u2019\u0131n yak\u0131ndan tan\u0131d\u0131\u011f\u0131 ki\u015fi Hasan Ayg\u00fcl bir g\u00fcnl\u00fck has\u0131lat\u0131n\u0131 SM hastas\u0131 Bur\u00e7e Karaba\u011f\u0131n yard\u0131m kampanyas\u0131na ba\u011f\u0131\u015flad\u0131.<\/p>\n\n\n\n<figure class=\"wp-block-image size-large\"><img loading=\"lazy\" decoding=\"async\" width=\"768\" height=\"1024\" src=\"https:\/\/akdenizhaber.com.tr\/wp-content\/uploads\/2024\/12\/26d6fde0-6443-4bd8-88e2-e281b9361011-768x1024.jpg\" alt=\"\" class=\"wp-image-26717\" srcset=\"https:\/\/akdenizhaber.com.tr\/wp-content\/uploads\/2024\/12\/26d6fde0-6443-4bd8-88e2-e281b9361011-768x1024.jpg 768w, https:\/\/akdenizhaber.com.tr\/wp-content\/uploads\/2024\/12\/26d6fde0-6443-4bd8-88e2-e281b9361011-225x300.jpg 225w, https:\/\/akdenizhaber.com.tr\/wp-content\/uploads\/2024\/12\/26d6fde0-6443-4bd8-88e2-e281b9361011-1152x1536.jpg 1152w, https:\/\/akdenizhaber.com.tr\/wp-content\/uploads\/2024\/12\/26d6fde0-6443-4bd8-88e2-e281b9361011.jpg 1200w\" sizes=\"auto, (max-width: 768px) 100vw, 768px\" \/><\/figure>\n\n\n\n<p>Manavgat\u2019\u0131n ve Manavgat\u2019ta ya\u015fayan ki\u015filerin sa\u011fduyulu olduklar\u0131na dikkat \u00e7eken Hasan Ayg\u00fcl, Bur\u00e7e k\u0131z\u0131m\u0131z\u0131n ameliyat\u0131 i\u00e7in gerekli maddi, deste\u011fi bulacaklar\u0131na inand\u0131\u011f\u0131n\u0131 s\u00f6yleyerek \u201cBiz her zaman birlik ve beraberlikten g\u00fc\u00e7 do\u011faca\u011f\u0131na inanan bir toplumuz her konuda oldu\u011fu gibi bu konuda da k\u0131z\u0131m\u0131z i\u00e7in gerekli deste\u011fi sa\u011flayaca\u011f\u0131na inan\u0131yorum. Bu konuda bende \u00e7orbada tuzumuz olsun d\u00fc\u015f\u00fcncesiyle bir g\u00fcnl\u00fck has\u0131lat\u0131m\u0131n t\u00fcm\u00fcm\u00fc kampanyaya ba\u011f\u0131\u015flad\u0131m. T\u00fcm duyarl\u0131 vatanda\u015flar\u0131m\u0131z\u0131 ve hem\u015ferilerimi bu kampanyaya deste\u011fe davet ediyorum\u201d dedi.<\/p>\n\n\n\n<p>B\u00fc\u015fra Deveci \/ Haber<\/p>\n","protected":false},"excerpt":{"rendered":"<p>Y\u0131llard\u0131r eski kaymakaml\u0131k \u00f6n\u00fcnde simit\u00e7ilik yapan Manavgat\u2019\u0131n yak\u0131ndan tan\u0131d\u0131\u011f\u0131 ki\u015fi Hasan Ayg\u00fcl bir g\u00fcnl\u00fck has\u0131lat\u0131n\u0131 SM hastas\u0131 Bur\u00e7e Karaba\u011f\u0131n yard\u0131m kampanyas\u0131na ba\u011f\u0131\u015flad\u0131. Manavgat\u2019\u0131n ve Manavgat\u2019ta <a href=\"https:\/\/akdenizhaber.com.tr\/index.php\/2024\/12\/02\/simitci-babadan-ornek-davranis\/\" class=\"read-more-link\">[more&#8230;]<\/a><\/p>\n","protected":false},"author":2,"featured_media":26715,"comment_status":"open","ping_status":"open","sticky":false,"template":"","format":"standard","meta":{"footnotes":""},"categories":[2],"tags":[],"class_list":["post-26714","post","type-post","status-publish","format-standard","has-post-thumbnail","hentry","category-gundem"],"_links":{"self":[{"href":"https:\/\/akdenizhaber.com.tr\/index.php\/wp-json\/wp\/v2\/posts\/26714","targetHints":{"allow":["GET"]}}],"collection":[{"href":"https:\/\/akdenizhaber.com.tr\/index.php\/wp-json\/wp\/v2\/posts"}],"about":[{"href":"https:\/\/akdenizhaber.com.tr\/index.php\/wp-json\/wp\/v2\/types\/post"}],"author":[{"embeddable":true,"href":"https:\/\/akdenizhaber.com.tr\/index.php\/wp-json\/wp\/v2\/users\/2"}],"replies":[{"embeddable":true,"href":"https:\/\/akdenizhaber.com.tr\/index.php\/wp-json\/wp\/v2\/comments?post=26714"}],"version-history":[{"count":1,"href":"https:\/\/akdenizhaber.com.tr\/index.php\/wp-json\/wp\/v2\/posts\/26714\/revisions"}],"predecessor-version":[{"id":26718,"href":"https:\/\/akdenizhaber.com.tr\/index.php\/wp-json\/wp\/v2\/posts\/26714\/revisions\/26718"}],"wp:featuredmedia":[{"embeddable":true,"href":"https:\/\/akdenizhaber.com.tr\/index.php\/wp-json\/wp\/v2\/media\/26715"}],"wp:attachment":[{"href":"https:\/\/akdenizhaber.com.tr\/index.php\/wp-json\/wp\/v2\/media?parent=26714"}],"wp:term":[{"taxonomy":"category","embeddable":true,"href":"https:\/\/akdenizhaber.com.tr\/index.php\/wp-json\/wp\/v2\/categories?post=26714"},{"taxonomy":"post_tag","embeddable":true,"href":"https:\/\/akdenizhaber.com.tr\/index.php\/wp-json\/wp\/v2\/tags?post=26714"}],"curies":[{"name":"wp","href":"https:\/\/api.w.org\/{rel}","templated":true}]}}