{"id":26690,"date":"2024-12-02T13:11:09","date_gmt":"2024-12-02T10:11:09","guid":{"rendered":"https:\/\/akdenizhaber.com.tr\/?p=26690"},"modified":"2024-12-02T13:11:09","modified_gmt":"2024-12-02T10:11:09","slug":"mehmetcik-vakfina-destek","status":"publish","type":"post","link":"https:\/\/akdenizhaber.com.tr\/index.php\/2024\/12\/02\/mehmetcik-vakfina-destek\/","title":{"rendered":"Mehmet\u00e7ik Vakf\u0131na Destek"},"content":{"rendered":"\n<p>\u00d6zel gereksinimli \u00f6\u011frencilerle akranlar\u0131 aras\u0131nda kayna\u015fma ve sosyalle\u015fmeyi sa\u011flayarak ortak \u00fclk\u00fc do\u011frultusunda \u00e7al\u0131\u015fmalar\u0131na olanak sa\u011flamak, T\u00fcrk ulusunun gelece\u011fi olan \u00f6\u011frenciler ile \u015fehit ve gazi yak\u0131nlar\u0131 aras\u0131nda sevgi, sayg\u0131, g\u00fcven ve vefa duygular\u0131n\u0131 g\u00fc\u00e7lendirerek gelecek nesillere \u00f6rnek olabilmek ama\u00e7lar\u0131 do\u011frultusunda Gevher Nesibe \u00d6zel E\u011fitim Uygulama Okulu ve Mesleki Teknik Anadolu Lisesi \u00f6nc\u00fcl\u00fc\u011f\u00fcnde Madalyon Kolejinde ay y\u0131ld\u0131zl\u0131 kurabiyeler yap\u0131ld\u0131 ve sat\u0131\u015fta elde edilen gelir proje payda\u015f\u0131 Mehmet\u00e7ik Vakf\u0131na ba\u011f\u0131\u015fland\u0131.<\/p>\n\n\n\n<p>Proje Y\u00fcr\u00fct\u00fcc\u00fcs\u00fc Y\u00fccel ASLAN: \u201c\u015eehit ve gazilerin yak\u0131nlar\u0131na y\u00f6nelik sosyal ve ekonomik destek sa\u011flamak, Mehmet\u00e7ik Vakf\u0131na y\u00f6nelik toplumsal tabanda yayg\u0131n fark\u0131ndal\u0131k olu\u015fturmak ve \u00f6zel gereksinimli bireylerin de toplumuna ve vatan\u0131na kar\u015f\u0131 duyarl\u0131 olabilece\u011fini ve bu do\u011frultudaki \u00e7al\u0131\u015fmalarda etkin g\u00f6rev alabilece\u011fini burada somut olarak ger\u00e7ekle\u015ftirmekten dolay\u0131 mutlu ve onurluyum. Proje kapsam\u0131nda proje payda\u015f\u0131m\u0131z olan okullarda her hafta cuma g\u00fcn\u00fc etkinliklerimizi ger\u00e7ekle\u015ftirece\u011fiz. Projemiz, 18 Mart 2025 tarihine kadar devam edecek.\u201d dedi.<\/p>\n\n\n\n<p>B\u00fc\u015fra Deveci \/ Haber<\/p>\n","protected":false},"excerpt":{"rendered":"<p>\u00d6zel gereksinimli \u00f6\u011frencilerle akranlar\u0131 aras\u0131nda kayna\u015fma ve sosyalle\u015fmeyi sa\u011flayarak ortak \u00fclk\u00fc do\u011frultusunda \u00e7al\u0131\u015fmalar\u0131na olanak sa\u011flamak, T\u00fcrk ulusunun gelece\u011fi olan \u00f6\u011frenciler ile \u015fehit ve gazi yak\u0131nlar\u0131 <a href=\"https:\/\/akdenizhaber.com.tr\/index.php\/2024\/12\/02\/mehmetcik-vakfina-destek\/\" class=\"read-more-link\">[more&#8230;]<\/a><\/p>\n","protected":false},"author":2,"featured_media":26691,"comment_status":"open","ping_status":"open","sticky":false,"template":"","format":"standard","meta":{"footnotes":""},"categories":[2],"tags":[],"class_list":["post-26690","post","type-post","status-publish","format-standard","has-post-thumbnail","hentry","category-gundem"],"_links":{"self":[{"href":"https:\/\/akdenizhaber.com.tr\/index.php\/wp-json\/wp\/v2\/posts\/26690","targetHints":{"allow":["GET"]}}],"collection":[{"href":"https:\/\/akdenizhaber.com.tr\/index.php\/wp-json\/wp\/v2\/posts"}],"about":[{"href":"https:\/\/akdenizhaber.com.tr\/index.php\/wp-json\/wp\/v2\/types\/post"}],"author":[{"embeddable":true,"href":"https:\/\/akdenizhaber.com.tr\/index.php\/wp-json\/wp\/v2\/users\/2"}],"replies":[{"embeddable":true,"href":"https:\/\/akdenizhaber.com.tr\/index.php\/wp-json\/wp\/v2\/comments?post=26690"}],"version-history":[{"count":1,"href":"https:\/\/akdenizhaber.com.tr\/index.php\/wp-json\/wp\/v2\/posts\/26690\/revisions"}],"predecessor-version":[{"id":26692,"href":"https:\/\/akdenizhaber.com.tr\/index.php\/wp-json\/wp\/v2\/posts\/26690\/revisions\/26692"}],"wp:featuredmedia":[{"embeddable":true,"href":"https:\/\/akdenizhaber.com.tr\/index.php\/wp-json\/wp\/v2\/media\/26691"}],"wp:attachment":[{"href":"https:\/\/akdenizhaber.com.tr\/index.php\/wp-json\/wp\/v2\/media?parent=26690"}],"wp:term":[{"taxonomy":"category","embeddable":true,"href":"https:\/\/akdenizhaber.com.tr\/index.php\/wp-json\/wp\/v2\/categories?post=26690"},{"taxonomy":"post_tag","embeddable":true,"href":"https:\/\/akdenizhaber.com.tr\/index.php\/wp-json\/wp\/v2\/tags?post=26690"}],"curies":[{"name":"wp","href":"https:\/\/api.w.org\/{rel}","templated":true}]}}