{"id":26687,"date":"2024-12-02T13:09:40","date_gmt":"2024-12-02T10:09:40","guid":{"rendered":"https:\/\/akdenizhaber.com.tr\/?p=26687"},"modified":"2024-12-02T13:09:41","modified_gmt":"2024-12-02T10:09:41","slug":"turk-dunyasinin-adresi-manavgat-oldu","status":"publish","type":"post","link":"https:\/\/akdenizhaber.com.tr\/index.php\/2024\/12\/02\/turk-dunyasinin-adresi-manavgat-oldu\/","title":{"rendered":"T\u00fcrk D\u00fcnyas\u0131n\u0131n Adresi Manavgat Oldu"},"content":{"rendered":"\n<p>Almanya K\u0131r\u0131m Tatarlar\u0131 Birli\u011fi Ba\u015fkan\u0131, Turan T\u00fcrkeli Medeniyet Merkezi Ba\u015fkan\u0131, Almanya\u2019da tan\u0131nan i\u015f insan\u0131 Mehmet Akyel ge\u00e7ti\u011fimiz hafta sonu Manavgat\u2019a gelerek T\u00fcrk D\u00fcnyas\u0131 Turan davas\u0131na g\u00f6n\u00fcl verenlere m\u00fcjde verdi.<\/p>\n\n\n\n<p>T\u00fcrkiye\u2019nin ilk Turan merkezinin Manavgat\u2019ta kuruldu\u011funu ve \u00e7ok yak\u0131nda \u00fclke genelinde \u00f6rg\u00fctlenerek \u015fubeler a\u00e7aca\u011f\u0131n\u0131 s\u00f6yleyen dava adam\u0131 Mehmet Akyel, bu kurulu\u015fla birlikte t\u00fcm D\u00fcnya genelinde Turan\u2019a ve T\u00fcrk D\u00fcnyas\u0131na g\u00f6n\u00fcl verenlerin bulu\u015fma noktas\u0131n\u0131n Manavgat oldu\u011funu s\u00f6zlerine ekledi.<\/p>\n\n\n\n<p>D\u00fcnyan\u0131n bir\u00e7ok \u00fclkesinden insanlarla birlikte Manavgat\u2019\u0131n D\u00fcnya liderlerinin bulu\u015fma noktas\u0131 olaca\u011f\u0131 olu\u015fumun \u015fimdiden b\u00fcy\u00fck ses getirdi\u011fine dikkat \u00e7eken Mehmet Akyel \u015f\u00f6yle konu\u015ftu;<\/p>\n\n\n\n<p>\u201cD\u00fcnyan\u0131n ve T\u00fcrkiye\u2019nin ilk Turan merkezini Manavgat\u2019ta hizmete a\u00e7t\u0131k. \u00c7olakl\u0131\u2019da 70 d\u00f6n\u00fcm arazi \u00fczerinde \u00e7ad\u0131rlar\u0131n, atlar\u0131n do\u011fayla i\u00e7 i\u00e7e oldu\u011fu merkezimiz kuruldu\u011fu g\u00fcnden itibaren misafirlerini, a\u011f\u0131rlamaya ba\u015flad\u0131. D\u00fcnya\u2019n\u0131n bir\u00e7ok \u00fclkesinden oldu\u011fu gibi Almanya\u2019dan da merkezimize gelmek i\u00e7in can atan bir\u00e7ok ki\u015fi var. Kurulu\u015f itibari ile \u00f6rg\u00fctlenerek T\u00fcrkiye genelinde b\u00fcy\u00fck bir olu\u015fuma imza atm\u0131\u015f bulunmaktay\u0131z. Bu konuda bize inananlara, g\u00f6n\u00fcl verenlere ve destek sa\u011flayanlara te\u015fekk\u00fcrler. \u00d6n\u00fcm\u00fczdeki g\u00fcnlerde daha geni\u015f kapsaml\u0131 a\u00e7\u0131klamalarla T\u00fcrk D\u00fcnyas\u0131 Turan merkezimizle ilgili geli\u015fmeleri payla\u015faca\u011f\u0131z. \u00dclkemize ve Manavgat\u2019\u0131m\u0131za hay\u0131rl\u0131 olsun\u201d dedi.<\/p>\n\n\n\n<p>B\u00fc\u015fra Deveci \/ Haber<\/p>\n","protected":false},"excerpt":{"rendered":"<p>Almanya K\u0131r\u0131m Tatarlar\u0131 Birli\u011fi Ba\u015fkan\u0131, Turan T\u00fcrkeli Medeniyet Merkezi Ba\u015fkan\u0131, Almanya\u2019da tan\u0131nan i\u015f insan\u0131 Mehmet Akyel ge\u00e7ti\u011fimiz hafta sonu Manavgat\u2019a gelerek T\u00fcrk D\u00fcnyas\u0131 Turan davas\u0131na <a href=\"https:\/\/akdenizhaber.com.tr\/index.php\/2024\/12\/02\/turk-dunyasinin-adresi-manavgat-oldu\/\" class=\"read-more-link\">[more&#8230;]<\/a><\/p>\n","protected":false},"author":2,"featured_media":26688,"comment_status":"open","ping_status":"open","sticky":false,"template":"","format":"standard","meta":{"footnotes":""},"categories":[2],"tags":[],"class_list":["post-26687","post","type-post","status-publish","format-standard","has-post-thumbnail","hentry","category-gundem"],"_links":{"self":[{"href":"https:\/\/akdenizhaber.com.tr\/index.php\/wp-json\/wp\/v2\/posts\/26687","targetHints":{"allow":["GET"]}}],"collection":[{"href":"https:\/\/akdenizhaber.com.tr\/index.php\/wp-json\/wp\/v2\/posts"}],"about":[{"href":"https:\/\/akdenizhaber.com.tr\/index.php\/wp-json\/wp\/v2\/types\/post"}],"author":[{"embeddable":true,"href":"https:\/\/akdenizhaber.com.tr\/index.php\/wp-json\/wp\/v2\/users\/2"}],"replies":[{"embeddable":true,"href":"https:\/\/akdenizhaber.com.tr\/index.php\/wp-json\/wp\/v2\/comments?post=26687"}],"version-history":[{"count":1,"href":"https:\/\/akdenizhaber.com.tr\/index.php\/wp-json\/wp\/v2\/posts\/26687\/revisions"}],"predecessor-version":[{"id":26689,"href":"https:\/\/akdenizhaber.com.tr\/index.php\/wp-json\/wp\/v2\/posts\/26687\/revisions\/26689"}],"wp:featuredmedia":[{"embeddable":true,"href":"https:\/\/akdenizhaber.com.tr\/index.php\/wp-json\/wp\/v2\/media\/26688"}],"wp:attachment":[{"href":"https:\/\/akdenizhaber.com.tr\/index.php\/wp-json\/wp\/v2\/media?parent=26687"}],"wp:term":[{"taxonomy":"category","embeddable":true,"href":"https:\/\/akdenizhaber.com.tr\/index.php\/wp-json\/wp\/v2\/categories?post=26687"},{"taxonomy":"post_tag","embeddable":true,"href":"https:\/\/akdenizhaber.com.tr\/index.php\/wp-json\/wp\/v2\/tags?post=26687"}],"curies":[{"name":"wp","href":"https:\/\/api.w.org\/{rel}","templated":true}]}}