{"id":26644,"date":"2024-11-28T17:32:23","date_gmt":"2024-11-28T14:32:23","guid":{"rendered":"https:\/\/akdenizhaber.com.tr\/?p=26644"},"modified":"2024-11-28T17:32:23","modified_gmt":"2024-11-28T14:32:23","slug":"baskan-gungor-2025te-turizmde-yuzde-5-10-arasi-artis-bekliyoruz","status":"publish","type":"post","link":"https:\/\/akdenizhaber.com.tr\/index.php\/2024\/11\/28\/baskan-gungor-2025te-turizmde-yuzde-5-10-arasi-artis-bekliyoruz\/","title":{"rendered":"BA\u015eKAN G\u00dcNG\u00d6R: &#8220;2025&#8217;TE TUR\u0130ZMDE Y\u00dcZDE 5-10 ARASI ARTI\u015e BEKL\u0130YORUZ&#8221;"},"content":{"rendered":"\n<p><strong>MATSO Ba\u015fkan\u0131 Seydi Tahsin G\u00fcng\u00f6r, Kas\u0131m Ay\u0131 Ola\u011fan Meclis Toplant\u0131s\u0131nda yapt\u0131\u011f\u0131 konu\u015fmada, 2024 y\u0131l\u0131 turizm sezonu ile ilgili de\u011ferlendirmelerde bulunarak, 2025 y\u0131l\u0131nda turizmde y\u00fczde 5-10 aras\u0131nda bir art\u0131\u015f beklediklerini ifade etti.<\/strong><\/p>\n\n\n\n<p>Manavgat Ticaret ve Sanayi Odas\u0131 (MATSO) Kas\u0131m Ay\u0131 Ola\u011fan Meclis Toplant\u0131s\u0131 ger\u00e7ekle\u015ftirildi. Toplant\u0131da g\u00fcndem maddeleri g\u00f6r\u00fc\u015f\u00fclerek oy birli\u011fi ile onayland\u0131. MATSO Y\u00f6netim Kurulu Ba\u015fkan\u0131 Seydi Tahsin G\u00fcng\u00f6r, turizm, ticaret, ihracat ve b\u00f6lge ekonomisine y\u00f6nelik \u00e7e\u015fitli istatistiki verileri interaktif bir sunum ile a\u00e7\u0131klad\u0131.Bu verilerin, b\u00f6lgenin ekonomik potansiyelini ve gelecek y\u0131llara y\u00f6nelik beklentilerini ortaya koydu\u011funu belirtti.<\/p>\n\n\n\n<p>Ge\u00e7ti\u011fimiz hafta &#8220;Kolektif Zanaat, Yeni Turizm \u00c7a\u011f\u0131&#8221; temas\u0131yla ger\u00e7ekle\u015ftirilen 14. Turizm Resort Kongresi hakk\u0131nda de\u011ferlendirmelerde bulunan Ba\u015fkan G\u00fcng\u00f6r, kongrelerin turizm sekt\u00f6r\u00fc a\u00e7\u0131s\u0131ndan b\u00fcy\u00fck bir \u00f6neme sahip oldu\u011funu belirtti. Kongrede, turizmin gelece\u011fine dair \u00f6nemli tart\u0131\u015fmalar yap\u0131ld\u0131\u011f\u0131n\u0131 ve turizmin yol haritas\u0131n\u0131n bu t\u00fcr etkinliklerde \u015fekillendi\u011fini ifade etti. Ba\u015fkan G\u00fcng\u00f6r, Turizm Resort Kongrelerinin, sekt\u00f6rdeki yenilik\u00e7i bak\u0131\u015f a\u00e7\u0131lar\u0131n\u0131 ve geli\u015fen trendleri ortaya koyarak, turizmin s\u00fcrd\u00fcr\u00fclebilir bir \u015fekilde b\u00fcy\u00fcmesine katk\u0131 sa\u011flad\u0131\u011f\u0131n\u0131 vurgulad\u0131.<\/p>\n\n\n\n<p>Turizm Resort Kongresi\u2019nin geleneksel bir etkinlik haline getirildi\u011fini belirten Ba\u015fkan, \u201cKongrede turizm sekt\u00f6r\u00fcn\u00fcn gelece\u011fine y\u00f6nelik k\u0131sa, orta ve uzun vadeli olas\u0131l\u0131klar ele al\u0131nd\u0131. Di\u011fer yandan turizm payda\u015flar\u0131yla yap\u0131lan g\u00f6r\u00fc\u015fmeler sonucunda, gelecek sezonun rezervasyonlar\u0131na dair olduk\u00e7a olumlu sinyaller ald\u0131k. 2025 turizm sezonu i\u00e7in y\u00fczde 5- 10 band\u0131nda bir art\u0131\u015f beklendi\u011fini g\u00f6rd\u00fck. Her ne kadar erken rezervasyonlar\u0131n ba\u015flamas\u0131, oranlar\u0131n artaca\u011f\u0131na dair bir \u00f6ng\u00f6r\u00fc olu\u015ftursa da bu rakamlar, fuarlar\u0131n ve erken rezervasyon s\u00fcre\u00e7lerinin tamamlanmas\u0131yla daha da netle\u015fecektir,\u201d dedi. Ba\u015fkan G\u00fcng\u00f6r, Turizm Resort Kongresi\u2019nin d\u00fczenlenmesinde ba\u015fta AKTOB Ba\u015fkan\u0131 Kaan Kavalo\u011flu olmak \u00fczere eme\u011fi ge\u00e7enleri kutlad\u0131.<\/p>\n\n\n\n<p><strong>2024 YILINDA Y\u00dcZDE 9 ARTI\u015e OLDU<\/strong><\/p>\n\n\n\n<p>2024 y\u0131l\u0131 turizm sezonuna ili\u015fkin de\u011ferlendirmelerde bulunan Ba\u015fkan G\u00fcng\u00f6r, 2025 y\u0131l\u0131nda T\u00fcrkiye i\u00e7in ba\u015far\u0131l\u0131 bir turizm sezonunun beklendi\u011fini ifade etti. 2023 y\u0131l\u0131 Ocak \u2013 Ekim d\u00f6nemi itibar\u0131yla T\u00fcrkiye\u2019nin yakla\u015f\u0131k 50 milyon turist a\u011f\u0131rlad\u0131\u011f\u0131n\u0131 hat\u0131rlatan Ba\u015fkan G\u00fcng\u00f6r, 2024 y\u0131l\u0131 ayn\u0131 d\u00f6nemde ise bu say\u0131n\u0131n 55 milyon civar\u0131na ula\u015ft\u0131\u011f\u0131n\u0131 ve b\u00f6ylece ge\u00e7en y\u0131l ile k\u0131yasland\u0131\u011f\u0131nda yakla\u015f\u0131k y\u00fczde 9 oran\u0131nda bir art\u0131\u015f ya\u015fand\u0131\u011f\u0131n\u0131 belirtti. Bu art\u0131\u015f\u0131n, sekt\u00f6r\u00fcn s\u00fcrd\u00fcr\u00fclebilir b\u00fcy\u00fcme yolunda ilerledi\u011fini ve T\u00fcrkiye\u2019nin turizmdeki cazibesinin devam etti\u011fini g\u00f6sterdi\u011fini vurgulayan Ba\u015fkan G\u00fcng\u00f6r, \u00f6n\u00fcm\u00fczdeki y\u0131llarda da bu olumlu trendin devam edece\u011fini d\u00fc\u015f\u00fcnd\u00fcklerini s\u00f6yledi.<\/p>\n\n\n\n<p>Antalya\u2019ya gelen turist say\u0131lar\u0131yla ilgili bilgi veren Ba\u015fkan G\u00fcng\u00f6r, 2024 y\u0131l\u0131 Ocak-Ekim d\u00f6neminde Antalya\u2019ya 16 milyon 131 bin turistin geldi\u011fini belirtti. Ge\u00e7en y\u0131l\u0131n ayn\u0131 d\u00f6neminde Antalya\u2019y\u0131 14 milyon 966 bin 827 turistin ziyaret etti\u011fini hat\u0131rlatan Ba\u015fkan G\u00fcng\u00f6r, bu y\u0131lki art\u0131\u015f oran\u0131n\u0131n yakla\u015f\u0131k y\u00fczde 8 oldu\u011funu ifade etti. Bu art\u0131\u015f\u0131n, Antalya\u2019n\u0131n turizm sekt\u00f6r\u00fcndeki g\u00fc\u00e7l\u00fc potansiyelini ortaya koydu\u011funu vurgulad\u0131.<\/p>\n\n\n\n<p>Manavgat\u2019a 2024 y\u0131l\u0131 10 ayl\u0131k d\u00f6nemi itibar\u0131yla 5 milyon 323 bin turist geldi\u011fini belirten Ba\u015fkan G\u00fcng\u00f6r, ge\u00e7ti\u011fimiz y\u0131l ayn\u0131 d\u00f6nemde bu rakam\u0131n yakla\u015f\u0131k 5 milyon oldu\u011funu ifade etti.<\/p>\n\n\n\n<p>Ayr\u0131ca, T\u00fcrkiye genelindeki turizm gelirlerine de de\u011finen Ba\u015fkan G\u00fcng\u00f6r, 2023 y\u0131l\u0131 Ocak-Eyl\u00fcl d\u00f6neminde turizm gelirlerinin 43 milyar 979 milyon dolar olarak ger\u00e7ekle\u015fti\u011fini hat\u0131rlatarak, 2024 y\u0131l\u0131 Ocak-Eyl\u00fcl d\u00f6neminde ise bu rakam\u0131n 46 milyar 880 milyon dolara ula\u015ft\u0131\u011f\u0131n\u0131 ve b\u00f6ylece ge\u00e7en y\u0131l\u0131n ayn\u0131 d\u00f6nemine k\u0131yasla turizm gelirlerinde yakla\u015f\u0131k y\u00fczde 6,6 oran\u0131nda bir art\u0131\u015f sa\u011fland\u0131\u011f\u0131n\u0131 s\u00f6yledi. Bu art\u0131\u015f\u0131n, T\u00fcrkiye&#8217;nin turizm sekt\u00f6r\u00fcndeki b\u00fcy\u00fcme potansiyelinin ve global \u00f6l\u00e7ekteki rekabet g\u00fcc\u00fcn\u00fcn artt\u0131\u011f\u0131n\u0131 g\u00f6sterdi\u011fini vurgulad\u0131.<\/p>\n\n\n\n<p><strong>\u00c7E\u015e\u0130TLENM\u0130\u015e VE S\u00dcRD\u00dcR\u00dcLEB\u0130L\u0130R TUR\u0130ZM \u0130\u00c7\u0130N DAHA FAZLA \u00c7ALI\u015eACA\u011eIZ<\/strong><\/p>\n\n\n\n<p>MATSO Ba\u015fkan\u0131 G\u00fcng\u00f6r, yapay zekan\u0131n turizme entegre edilmesiyle sekt\u00f6rdeki \u00e7e\u015fitlili\u011fin s\u00fcrd\u00fcr\u00fclebilirli\u011finin teknoloji ile desteklenmesi gerekti\u011fini ifade ederek \u201cBu entegrasyon sayesinde turist memnuniyeti art\u0131r\u0131labilecek ve dolay\u0131s\u0131yla turizmin potansiyeli daha da geli\u015ftirilerek, \u00fclke ve b\u00f6lge olarak s\u00fcrd\u00fcr\u00fclebilir, \u00e7e\u015fitlenmi\u015f bir turizm anlay\u0131\u015f\u0131n\u0131n benimseyece\u011fiz.\u201d Ayr\u0131ca, 12 aya yay\u0131lm\u0131\u015f nitelikli ve s\u00fcrd\u00fcr\u00fclebilir bir turizm i\u00e7in yo\u011fun bir \u00e7aba harcanmas\u0131 gerekti\u011fine dikkat \u00e7eken G\u00fcng\u00f6r, gelece\u011fe y\u00f6nelik k\u0131sa, orta ve uzun vadeli planlamalar\u0131n yap\u0131lmas\u0131n\u0131n \u00f6nemini vurgulad\u0131.<\/p>\n\n\n\n<p>Ba\u015fkan G\u00fcng\u00f6r, turizmcilerin bireysel tan\u0131t\u0131m \u00e7abalar\u0131n\u0131n \u00f6nemine de\u011finmekle birlikte, T\u00fcrkiye Turizm Tan\u0131t\u0131m ve Geli\u015ftirme Ajans\u0131 (TGA) taraf\u0131ndan y\u00fcr\u00fct\u00fclen tan\u0131t\u0131m \u00e7al\u0131\u015fmalar\u0131n\u0131n \u00fclke turizmine b\u00fcy\u00fck katk\u0131 sa\u011flad\u0131\u011f\u0131n\u0131 vurgulad\u0131. TGA&#8217;n\u0131n yapt\u0131\u011f\u0131 tan\u0131t\u0131m faaliyetlerinin, T\u00fcrkiye&#8217;nin turizm sekt\u00f6r\u00fc i\u00e7in stratejik bir \u00f6neme sahip oldu\u011funu belirten Ba\u015fkan G\u00fcng\u00f6r, bu t\u00fcr \u00e7al\u0131\u015fmalar\u0131n T\u00fcrkiye\u2019nin turizm potansiyelini global \u00f6l\u00e7ekte daha g\u00f6r\u00fcn\u00fcr k\u0131ld\u0131\u011f\u0131n\u0131 ifade etti.<\/p>\n\n\n\n<p>Ba\u015fkan G\u00fcng\u00f6r, MATSO olarak Manavgat-Side turizm destinasyonunu daha iyi tan\u0131tmak i\u00e7in yurt i\u00e7i ve yurt d\u0131\u015f\u0131 fuarlar\u0131na kat\u0131larak tan\u0131t\u0131m \u00e7al\u0131\u015fmalar\u0131 yapacaklar\u0131n\u0131 kaydetti.<\/p>\n","protected":false},"excerpt":{"rendered":"<p>MATSO Ba\u015fkan\u0131 Seydi Tahsin G\u00fcng\u00f6r, Kas\u0131m Ay\u0131 Ola\u011fan Meclis Toplant\u0131s\u0131nda yapt\u0131\u011f\u0131 konu\u015fmada, 2024 y\u0131l\u0131 turizm sezonu ile ilgili de\u011ferlendirmelerde bulunarak, 2025 y\u0131l\u0131nda turizmde y\u00fczde 5-10 <a href=\"https:\/\/akdenizhaber.com.tr\/index.php\/2024\/11\/28\/baskan-gungor-2025te-turizmde-yuzde-5-10-arasi-artis-bekliyoruz\/\" class=\"read-more-link\">[more&#8230;]<\/a><\/p>\n","protected":false},"author":2,"featured_media":26645,"comment_status":"open","ping_status":"open","sticky":false,"template":"","format":"standard","meta":{"footnotes":""},"categories":[2],"tags":[],"class_list":["post-26644","post","type-post","status-publish","format-standard","has-post-thumbnail","hentry","category-gundem"],"_links":{"self":[{"href":"https:\/\/akdenizhaber.com.tr\/index.php\/wp-json\/wp\/v2\/posts\/26644","targetHints":{"allow":["GET"]}}],"collection":[{"href":"https:\/\/akdenizhaber.com.tr\/index.php\/wp-json\/wp\/v2\/posts"}],"about":[{"href":"https:\/\/akdenizhaber.com.tr\/index.php\/wp-json\/wp\/v2\/types\/post"}],"author":[{"embeddable":true,"href":"https:\/\/akdenizhaber.com.tr\/index.php\/wp-json\/wp\/v2\/users\/2"}],"replies":[{"embeddable":true,"href":"https:\/\/akdenizhaber.com.tr\/index.php\/wp-json\/wp\/v2\/comments?post=26644"}],"version-history":[{"count":1,"href":"https:\/\/akdenizhaber.com.tr\/index.php\/wp-json\/wp\/v2\/posts\/26644\/revisions"}],"predecessor-version":[{"id":26646,"href":"https:\/\/akdenizhaber.com.tr\/index.php\/wp-json\/wp\/v2\/posts\/26644\/revisions\/26646"}],"wp:featuredmedia":[{"embeddable":true,"href":"https:\/\/akdenizhaber.com.tr\/index.php\/wp-json\/wp\/v2\/media\/26645"}],"wp:attachment":[{"href":"https:\/\/akdenizhaber.com.tr\/index.php\/wp-json\/wp\/v2\/media?parent=26644"}],"wp:term":[{"taxonomy":"category","embeddable":true,"href":"https:\/\/akdenizhaber.com.tr\/index.php\/wp-json\/wp\/v2\/categories?post=26644"},{"taxonomy":"post_tag","embeddable":true,"href":"https:\/\/akdenizhaber.com.tr\/index.php\/wp-json\/wp\/v2\/tags?post=26644"}],"curies":[{"name":"wp","href":"https:\/\/api.w.org\/{rel}","templated":true}]}}