{"id":26569,"date":"2024-11-21T15:48:45","date_gmt":"2024-11-21T12:48:45","guid":{"rendered":"https:\/\/akdenizhaber.com.tr\/?p=26569"},"modified":"2024-11-21T15:48:45","modified_gmt":"2024-11-21T12:48:45","slug":"manavgat-belediyespor-kumlucayi-konuk-edecek","status":"publish","type":"post","link":"https:\/\/akdenizhaber.com.tr\/index.php\/2024\/11\/21\/manavgat-belediyespor-kumlucayi-konuk-edecek\/","title":{"rendered":"Manavgat Belediyespor Kumluca\u2019y\u0131 Konuk Edecek"},"content":{"rendered":"\n<p>Ligin namaglup ve kalesinde hi\u00e7 gol g\u00f6rmeyen kentimizin tak\u0131m\u0131 Manavgat Belediyespor 24 Kas\u0131m Pazar g\u00fcn\u00fc saat 14.00\u2019de kendi saha ve seyircisi \u00f6n\u00fcnde Kumluca Belediyespor\u2019u konuk edecek.<\/p>\n\n\n\n<p>Kumluca Belediyespor oynad\u0131\u011f\u0131 7 Ma\u00e7ta grupta 10.s\u0131rada bulunuyor.<\/p>\n\n\n\n<p>Ge\u00e7ti\u011fimiz hafta Konya Ere\u011flispor kar\u015f\u0131s\u0131nda al\u0131nan galibiyet sonras\u0131 liderli\u011fini s\u00fcrd\u00fcren Manavgat Belediyespor hi\u00e7 ara vermeden \u00e7al\u0131\u015fmalar\u0131n\u0131 s\u00fcrd\u00fcrmeye devam ediyor.<\/p>\n\n\n\n<p>Bu haftaki kar\u015f\u0131la\u015fman\u0131n da kendileri i\u00e7in b\u00fcy\u00fck \u00f6nem ta\u015f\u0131d\u0131\u011f\u0131na dikkat \u00e7eken Manavgat Belediyespor teknik direkt\u00f6r\u00fc Mustafa Akhan\u0131m,,kendi saha ve seyircisi \u00f6n\u00fcnde Kumluca Belediyespor\u2019uda yenerek liderliklerini s\u00fcrd\u00fcreceklerini s\u00f6yledi.<\/p>\n\n\n\n<p>Akhan\u0131m taraftar\u0131n b\u00fcy\u00fck deste\u011fine ihtiya\u00e7lar\u0131 oldu\u011funu ifade ederek 90 dakika boyunca t\u00fcm taraftarlar\u0131n desteklerinin \u00f6nemli oldu\u011funu ve bu s\u00fcre\u00e7te sab\u0131rl\u0131 olmalar\u0131n\u0131 istedi.<\/p>\n\n\n\n<p>Manavgat Belediyespor teknik direkt\u00f6r\u00fc Mustafa Akhan\u0131m, bu y\u0131l sezona \u00e7ok iyi ba\u015flad\u0131klar\u0131n\u0131 ve 18 puanla lider olman\u0131n yan\u0131 s\u0131ra kalelerinde hi\u00e7 gol yemediklerini ifade ederek, her ma\u00e7a galibiyet parolas\u0131 ile \u00e7\u0131kt\u0131klar\u0131n\u0131 ifade ederek \u015f\u00f6yle konu\u015ftu;<\/p>\n\n\n\n<p>\u201cLigde 67ma\u00e7ta 21 puan ve averaj\u0131m\u0131z\u0131n yan\u0131nda kalemizde hi\u00e7 gol g\u00f6rmeyen bir ekibiz.. Her ma\u00e7a \u015fampiyonluk havas\u0131nda haz\u0131rlan\u0131yor ve \u00e7\u0131k\u0131yoruz. Bu hafta kendi saha ve seyircimiz \u00f6n\u00fcnde Kumluca Belediyespor\u2019u da yenerek yolumuza devem edece\u011fiz. Bu ma\u00e7ta 12.adam t\u00fcm taraftarlar\u0131m\u0131z\u0131 g\u00f6rmek istiyoruz, birlikte \u015fampiyonlu\u011fa ula\u015faca\u011f\u0131z. Pazar g\u00fcn\u00fc t\u00fcm taraftarlar\u0131m\u0131z\u0131 bekliyoruz. Hi\u00e7 bir tak\u0131m\u0131 bizden zay\u0131f olarak g\u00f6rm\u00fcyoruz bizim g\u00f6z\u00fcm\u00fczde t\u00fcm rakiplerimiz g\u00fc\u00e7l\u00fc onun i\u00e7in parolam\u0131z galibiyet ve lig sonunda \u015fampiyonluk ipini g\u00f6\u011f\u00fcslemek\u201d dedi.<\/p>\n\n\n\n<p>B\u00fc\u015fra Deveci \/ Haber<\/p>\n","protected":false},"excerpt":{"rendered":"<p>Ligin namaglup ve kalesinde hi\u00e7 gol g\u00f6rmeyen kentimizin tak\u0131m\u0131 Manavgat Belediyespor 24 Kas\u0131m Pazar g\u00fcn\u00fc saat 14.00\u2019de kendi saha ve seyircisi \u00f6n\u00fcnde Kumluca Belediyespor\u2019u konuk <a href=\"https:\/\/akdenizhaber.com.tr\/index.php\/2024\/11\/21\/manavgat-belediyespor-kumlucayi-konuk-edecek\/\" class=\"read-more-link\">[more&#8230;]<\/a><\/p>\n","protected":false},"author":2,"featured_media":26570,"comment_status":"open","ping_status":"open","sticky":false,"template":"","format":"standard","meta":{"footnotes":""},"categories":[2],"tags":[],"class_list":["post-26569","post","type-post","status-publish","format-standard","has-post-thumbnail","hentry","category-gundem"],"_links":{"self":[{"href":"https:\/\/akdenizhaber.com.tr\/index.php\/wp-json\/wp\/v2\/posts\/26569","targetHints":{"allow":["GET"]}}],"collection":[{"href":"https:\/\/akdenizhaber.com.tr\/index.php\/wp-json\/wp\/v2\/posts"}],"about":[{"href":"https:\/\/akdenizhaber.com.tr\/index.php\/wp-json\/wp\/v2\/types\/post"}],"author":[{"embeddable":true,"href":"https:\/\/akdenizhaber.com.tr\/index.php\/wp-json\/wp\/v2\/users\/2"}],"replies":[{"embeddable":true,"href":"https:\/\/akdenizhaber.com.tr\/index.php\/wp-json\/wp\/v2\/comments?post=26569"}],"version-history":[{"count":1,"href":"https:\/\/akdenizhaber.com.tr\/index.php\/wp-json\/wp\/v2\/posts\/26569\/revisions"}],"predecessor-version":[{"id":26571,"href":"https:\/\/akdenizhaber.com.tr\/index.php\/wp-json\/wp\/v2\/posts\/26569\/revisions\/26571"}],"wp:featuredmedia":[{"embeddable":true,"href":"https:\/\/akdenizhaber.com.tr\/index.php\/wp-json\/wp\/v2\/media\/26570"}],"wp:attachment":[{"href":"https:\/\/akdenizhaber.com.tr\/index.php\/wp-json\/wp\/v2\/media?parent=26569"}],"wp:term":[{"taxonomy":"category","embeddable":true,"href":"https:\/\/akdenizhaber.com.tr\/index.php\/wp-json\/wp\/v2\/categories?post=26569"},{"taxonomy":"post_tag","embeddable":true,"href":"https:\/\/akdenizhaber.com.tr\/index.php\/wp-json\/wp\/v2\/tags?post=26569"}],"curies":[{"name":"wp","href":"https:\/\/api.w.org\/{rel}","templated":true}]}}