{"id":26546,"date":"2024-11-21T15:42:26","date_gmt":"2024-11-21T12:42:26","guid":{"rendered":"https:\/\/akdenizhaber.com.tr\/?p=26546"},"modified":"2024-11-21T15:42:26","modified_gmt":"2024-11-21T12:42:26","slug":"baskan-bocekten-ankara-cikarmasi","status":"publish","type":"post","link":"https:\/\/akdenizhaber.com.tr\/index.php\/2024\/11\/21\/baskan-bocekten-ankara-cikarmasi\/","title":{"rendered":"Ba\u015fkan B\u00f6cek\u2019ten Ankara \u00e7\u0131karmas\u0131 \u00a0"},"content":{"rendered":"\n<p>Antalya B\u00fcy\u00fck\u015fehir Belediye Ba\u015fkan\u0131 Muhittin B\u00f6cek, belediye ba\u015fkanlar\u0131 ve Cumhuriyet Halk Partisi Antalya \u0130l \u00d6rg\u00fct\u00fcyle birlikte Ankara\u2019ya \u00e7\u0131karma yapt\u0131. Ba\u015fkan Muhittin B\u00f6cek, CHP Antalya heyetiyle birlikte grup toplant\u0131s\u0131na kat\u0131larak, CHP Genel Ba\u015fkan\u0131 \u00d6zg\u00fcr \u00d6zel\u2019i ziyaret etti.<\/p>\n\n\n\n<p>31 Mart 2024 se\u00e7imlerinde bir ilke imza atarak Antalya B\u00fcy\u00fck\u015fehir Belediye Ba\u015fkanl\u0131\u011f\u0131\u2019n\u0131 \u00fcst \u00fcste ikinci kez kazanan Antalya B\u00fcy\u00fck\u015fehir Belediye Ba\u015fkan\u0131 Muhittin B\u00f6cek, CHP Antalya \u0130l \u00d6rg\u00fct\u00fcyle birlikte Ankara\u2019ya \u00e7\u0131karma yapt\u0131. Ba\u015fkan Muhittin B\u00f6cek, CHP Antalya \u0130l Ba\u015fkan\u0131 Nail Kamac\u0131, CHP Antalya milletvekilleri, belediye ba\u015fkanlar\u0131, CHP \u0130l Y\u00f6netimi, CHP \u0130l Kad\u0131n Kollar\u0131, \u0130l Gen\u00e7lik Kollar\u0131, \u0130l\u00e7e Ba\u015fkanlar\u0131yla birlikte CHP\u2019nin grup toplant\u0131s\u0131na kat\u0131ld\u0131.<\/p>\n\n\n\n<p>ANTALYA HEYET\u0130 GRUP TOPLANTISINDA<\/p>\n\n\n\n<p>CHP grup toplant\u0131s\u0131nda Ba\u015fkan Muhittin B\u00f6cek ve Antalya \u0130l \u00d6rg\u00fct\u00fc\u2019n\u00fcn isminin okunmas\u0131 alk\u0131\u015flarla kar\u015f\u0131land\u0131. Ba\u015fkan B\u00f6cek ve Antalya ekibi daha sonra CHP Genel Ba\u015fkan\u0131 \u00d6zg\u00fcr \u00d6zel ile g\u00f6r\u00fc\u015ft\u00fc. CHP lideri \u00d6zg\u00fcr \u00d6zel, Antalya \u0130l \u00d6rg\u00fct\u00fc, belediye ba\u015fkanlar\u0131 ve Ba\u015fkan Muhittin B\u00f6cek\u2019i a\u011f\u0131rlamaktan b\u00fcy\u00fck memnuniyet duydu\u011funu belirterek, Antalya heyetini ba\u015far\u0131lar\u0131ndan dolay\u0131 kutlad\u0131.<\/p>\n\n\n\n<p>ANTALYA\u2019YI ANLATTI<\/p>\n\n\n\n<p>Ba\u015fkan Muhittin B\u00f6cek, CHP Genel Ba\u015fkan\u0131 \u00d6zel\u2019e B\u00fcy\u00fck\u015fehir Belediyesi olarak Antalya\u2019da y\u00fcr\u00fctt\u00fckleri \u00e7al\u0131\u015fma ve projeler hakk\u0131nda bilgilendirirken, \u201cAntalya\u2019m\u0131z i\u00e7in var g\u00fcc\u00fcm\u00fczle \u00e7al\u0131\u015fmalar\u0131m\u0131z\u0131 y\u00fcr\u00fct\u00fcyoruz. Halk\u0131m\u0131zdan ald\u0131\u011f\u0131m\u0131z g\u00fcven ve destekle ikinci kez se\u00e7ildi\u011fimiz bu kutlu g\u00f6revimizde s\u00f6z verdi\u011fimiz b\u00fct\u00fcn projeleri tek tek hayata ge\u00e7irece\u011fiz. T\u00fcm belediye ba\u015fkanlar\u0131m\u0131z ve il \u00f6rg\u00fct\u00fcm\u00fczle \u00e7ok g\u00fczel bir uyum i\u00e7inde birlikte \u00e7al\u0131\u015fmaya devam edece\u011fiz\u201d dedi. Ziyaret sonras\u0131nda CHP Lideri \u00d6zg\u00fcr \u00d6zel, Ba\u015fkan Muhittin B\u00f6cek ve Antalya heyetiyle birlikte meclisin \u00f6n\u00fcnde hat\u0131ra foto\u011fraf\u0131 \u00e7ektirdi. Ba\u015fkan B\u00f6cek, temaslar\u0131 kapsam\u0131nda CHP Grup Ba\u015fkanvekili Ali Mahir Ba\u015far\u0131r\u2019\u0131 da ziyaret etti.<\/p>\n\n\n\n<p>Antalya B\u00fcy\u00fck\u015fehir Belediyesi \/ B\u00fclten<\/p>\n","protected":false},"excerpt":{"rendered":"<p>Antalya B\u00fcy\u00fck\u015fehir Belediye Ba\u015fkan\u0131 Muhittin B\u00f6cek, belediye ba\u015fkanlar\u0131 ve Cumhuriyet Halk Partisi Antalya \u0130l \u00d6rg\u00fct\u00fcyle birlikte Ankara\u2019ya \u00e7\u0131karma yapt\u0131. Ba\u015fkan Muhittin B\u00f6cek, CHP Antalya heyetiyle <a href=\"https:\/\/akdenizhaber.com.tr\/index.php\/2024\/11\/21\/baskan-bocekten-ankara-cikarmasi\/\" class=\"read-more-link\">[more&#8230;]<\/a><\/p>\n","protected":false},"author":2,"featured_media":26551,"comment_status":"open","ping_status":"open","sticky":false,"template":"","format":"standard","meta":{"footnotes":""},"categories":[2],"tags":[],"class_list":["post-26546","post","type-post","status-publish","format-standard","has-post-thumbnail","hentry","category-gundem"],"_links":{"self":[{"href":"https:\/\/akdenizhaber.com.tr\/index.php\/wp-json\/wp\/v2\/posts\/26546","targetHints":{"allow":["GET"]}}],"collection":[{"href":"https:\/\/akdenizhaber.com.tr\/index.php\/wp-json\/wp\/v2\/posts"}],"about":[{"href":"https:\/\/akdenizhaber.com.tr\/index.php\/wp-json\/wp\/v2\/types\/post"}],"author":[{"embeddable":true,"href":"https:\/\/akdenizhaber.com.tr\/index.php\/wp-json\/wp\/v2\/users\/2"}],"replies":[{"embeddable":true,"href":"https:\/\/akdenizhaber.com.tr\/index.php\/wp-json\/wp\/v2\/comments?post=26546"}],"version-history":[{"count":1,"href":"https:\/\/akdenizhaber.com.tr\/index.php\/wp-json\/wp\/v2\/posts\/26546\/revisions"}],"predecessor-version":[{"id":26553,"href":"https:\/\/akdenizhaber.com.tr\/index.php\/wp-json\/wp\/v2\/posts\/26546\/revisions\/26553"}],"wp:featuredmedia":[{"embeddable":true,"href":"https:\/\/akdenizhaber.com.tr\/index.php\/wp-json\/wp\/v2\/media\/26551"}],"wp:attachment":[{"href":"https:\/\/akdenizhaber.com.tr\/index.php\/wp-json\/wp\/v2\/media?parent=26546"}],"wp:term":[{"taxonomy":"category","embeddable":true,"href":"https:\/\/akdenizhaber.com.tr\/index.php\/wp-json\/wp\/v2\/categories?post=26546"},{"taxonomy":"post_tag","embeddable":true,"href":"https:\/\/akdenizhaber.com.tr\/index.php\/wp-json\/wp\/v2\/tags?post=26546"}],"curies":[{"name":"wp","href":"https:\/\/api.w.org\/{rel}","templated":true}]}}