{"id":26539,"date":"2024-11-21T15:35:02","date_gmt":"2024-11-21T12:35:02","guid":{"rendered":"https:\/\/akdenizhaber.com.tr\/?p=26539"},"modified":"2024-11-21T15:35:03","modified_gmt":"2024-11-21T12:35:03","slug":"antalyanin-ilk-cocuk-haklari-duragi-acildi","status":"publish","type":"post","link":"https:\/\/akdenizhaber.com.tr\/index.php\/2024\/11\/21\/antalyanin-ilk-cocuk-haklari-duragi-acildi\/","title":{"rendered":"Antalya\u2019n\u0131n ilk \u201c\u00c7ocuk Haklar\u0131 Dura\u011f\u0131\u201d a\u00e7\u0131ld\u0131"},"content":{"rendered":"\n<p>Antalya B\u00fcy\u00fck\u015fehir Belediyesi ile Aile ve Sosyal Hizmetler \u0130l M\u00fcd\u00fcrl\u00fc\u011f\u00fc i\u015fbirli\u011fi ile 20 Kas\u0131m D\u00fcnya \u00c7ocuk Haklar\u0131 G\u00fcn\u00fc\u2019nde toplumsal fark\u0131ndal\u0131\u011f\u0131 artt\u0131rmak amac\u0131yla Antalya\u2019n\u0131n ilk \u201c\u00c7ocuk Haklar\u0131 Dura\u011f\u0131\u201d a\u00e7\u0131ld\u0131.<\/p>\n\n\n\n<p>Antalya B\u00fcy\u00fck\u015fehir Belediyesi ve Aile ve Sosyal Hizmetler \u0130l M\u00fcd\u00fcrl\u00fc\u011f\u00fc i\u015fbirli\u011fi ile Konyaalt\u0131 Arapsuyu Mahallesi, Dumlup\u0131nar Bulvar\u0131 \u00fczerinde yer alan 10520 numaral\u0131 toplu ta\u015f\u0131ma dura\u011f\u0131 \u201c\u00c7ocuk Haklar\u0131 Dura\u011f\u0131na\u201d d\u00f6n\u00fc\u015ft\u00fcr\u00fcld\u00fc. Durak, vatanda\u015flar\u0131n bilgilendirilmesi ve fark\u0131ndal\u0131k olu\u015fturmak amac\u0131yla \u201c\u00c7ocuk Haklar\u0131 S\u00f6zle\u015fmesinde\u201d yer alan maddelerle donat\u0131ld\u0131.<\/p>\n\n\n\n<p>Dura\u011f\u0131n a\u00e7\u0131l\u0131\u015f t\u00f6renine Antalya Vali Yard\u0131mc\u0131s\u0131 Erol Tanr\u0131kulu, Antalya B\u00fcy\u00fck\u015fehir Belediyesi Ula\u015f\u0131m Planlama ve Rayl\u0131 Sistemler Dairesi Ba\u015fkan\u0131 Nurettin \u015eeng\u00fcl, Aile ve Sosyal Hizmetler Bakanl\u0131\u011f\u0131 Engelli ve Ya\u015fl\u0131 Hizmetleri Genel M\u00fcd\u00fcr\u00fc Dr. Yasin Akar, Aile ve Sosyal Hizmetler \u0130l M\u00fcd\u00fcr\u00fc Galip S\u00f6kmen ve \u00e7ok say\u0131da \u00e7ocuk kat\u0131ld\u0131. Programda Antalya B\u00fcy\u00fck\u015fehir Belediyesi \u0130smail Baha S\u00fcrelsan Konservatuar\u0131 Bando ve Orkestras\u0131 da \u00e7ocuklar i\u00e7in \u00f6zel konser verdi.<\/p>\n\n\n\n<p>DESTEKLER\u0130M\u0130Z S\u00dcRECEK<\/p>\n\n\n\n<p>B\u00fcy\u00fck\u015fehir Belediyesi\u2019nin sosyal sorumluluk projelerine b\u00fcy\u00fck \u00f6nem verdi\u011fini s\u00f6yleyen Ula\u015f\u0131m Planlama ve Rayl\u0131 Sistemler Dairesi Ba\u015fkan\u0131 Nurettin \u015eeng\u00fcl ise \u201c20 Kas\u0131m D\u00fcnya \u00c7ocuk Haklar\u0131 G\u00fcn\u00fc dolay\u0131s\u0131yla bir otob\u00fcs dura\u011f\u0131m\u0131z\u0131n&nbsp; \u201c\u00c7ocuk Haklar\u0131 Dura\u011f\u0131\u201d olmas\u0131 teklifi geldi. \u00c7ok g\u00fczel ve anlaml\u0131 bir teklifti. T\u00fcm Antalyal\u0131lar\u0131n ve \u00e7ocuklar\u0131n g\u00f6rebilece\u011fi \u00e7ok i\u015flek bir yerde dura\u011f\u0131m\u0131z\u0131 se\u00e7tik, gereken izin ve destekleri sa\u011flad\u0131k. B\u00fcy\u00fck\u015fehir Belediyesi olarak bu y\u00f6ndeki sosyal duyarl\u0131l\u0131k projelerine desteklerimiz her zaman devam edecek. Antalya B\u00fcy\u00fck\u015fehir Belediyesi olarak Antalya\u2019m\u0131za faydal\u0131 olacak t\u00fcm projelerde yer al\u0131yoruz\u201d diye konu\u015ftu.<\/p>\n\n\n\n<p>\u201cDE\u011e\u0130\u015eT\u0130R\u0130LMES\u0130 M\u00dcMK\u00dcN OLMAYAN B\u0130R S\u00d6ZLE\u015eME\u201d<\/p>\n\n\n\n<p>\u00c7ocuklar\u0131n bar\u0131\u015f dolu bir D\u00fcnya\u2019da hayat\u0131n g\u00fczelliklerini ya\u015fama hakk\u0131na sahip oldu\u011funu belirten Aile ve Sosyal Hizmetler Bakanl\u0131\u011f\u0131 Engelli ve Ya\u015fl\u0131 Hizmetleri Genel M\u00fcd\u00fcr\u00fc Dr. Yasin Akar \u201c B\u00fct\u00fcn D\u00fcnya\u2019n\u0131n en hassas olmas\u0131 gereken konular\u0131n\u0131n ba\u015f\u0131nda \u00e7ocuk haklar\u0131n\u0131n korunmas\u0131 gelmektedir. D\u00fcnyada maalesef Gazze\u2019de oldu\u011fu gibi bir\u00e7ok \u00e7ocu\u011fun bu haklardan mahrum kald\u0131\u011f\u0131n\u0131 g\u00f6r\u00fcyoruz. \u201c\u00c7ocuk Haklar\u0131 S\u00f6zle\u015fmesi\u201d uluslararas\u0131 mutabakata var\u0131lan ve de\u011fi\u015ftirilmesi m\u00fcmk\u00fcn olmayan bir s\u00f6zle\u015fmedir. T\u00fcrkiye genelinde toplumsal fark\u0131ndal\u0131\u011f\u0131 artt\u0131racak \u00e7al\u0131\u015fmalar ger\u00e7ekle\u015ftiriyoruz. Gelece\u011fe \u00fcmitle bakan \u00e7ocuklar yeti\u015ftirmek hepimizin \u00fcstlenmesi gereken bir g\u00f6revdir\u201d dedi.<\/p>\n\n\n\n<p>B\u00fcy\u00fck\u015fehir Belediyesi ile ortak \u00e7al\u0131\u015fmalara de\u011finen Aile ve Sosyal Hizmetler \u0130l M\u00fcd\u00fcr\u00fc Galip S\u00f6kmen ise \u201cBu g\u00fczel uygulamaya katk\u0131lar\u0131ndan dolay\u0131 Antalya B\u00fcy\u00fck\u015fehir Belediye Ba\u015fkan\u0131m\u0131z Muhittin B\u00f6cek\u2019e \u00f6zellikle te\u015fekk\u00fcr etmek istiyorum. Ba\u015fkan\u0131m\u0131z\u0131n durak say\u0131lar\u0131n\u0131n artt\u0131r\u0131lmas\u0131 konusunda destekleri devam edecek\u201d ifadelerini kulland\u0131.<\/p>\n\n\n\n<p>TOPLUMSAL FARKINDALI\u011eIN ARTTIRILMASI HEDEFLEN\u0130YOR<\/p>\n\n\n\n<p>Konyaalt\u0131 sahili \u00fczerinde yer alan \u201c\u00c7ocuk Haklar\u0131 Dura\u011f\u0131\u201d ile \u00e7ocuk haklar\u0131na dikkat \u00e7ekmek,&nbsp; \u00e7ocuklara haklar\u0131n\u0131 anlatmak, \u00e7ocuklar\u0131n haklar\u0131n\u0131 savunmak, seslerini duyurabilece\u011fini g\u00f6stermek, do\u011fu\u015ftan kazan\u0131lan haklar ve bu haklar\u0131n \u00f6\u011frenilmesinde aile kurumu, ebeveynlerin sorumluluklar\u0131 ve \u00f6nemi gibi konularda toplumsal fark\u0131ndal\u0131\u011f\u0131n artt\u0131r\u0131lmas\u0131 hedefleniyor.<\/p>\n\n\n\n<p>Antalya B\u00fcy\u00fck\u015fehir Belediyesi \/ B\u00fclten<\/p>\n","protected":false},"excerpt":{"rendered":"<p>Antalya B\u00fcy\u00fck\u015fehir Belediyesi ile Aile ve Sosyal Hizmetler \u0130l M\u00fcd\u00fcrl\u00fc\u011f\u00fc i\u015fbirli\u011fi ile 20 Kas\u0131m D\u00fcnya \u00c7ocuk Haklar\u0131 G\u00fcn\u00fc\u2019nde toplumsal fark\u0131ndal\u0131\u011f\u0131 artt\u0131rmak amac\u0131yla Antalya\u2019n\u0131n ilk \u201c\u00c7ocuk <a href=\"https:\/\/akdenizhaber.com.tr\/index.php\/2024\/11\/21\/antalyanin-ilk-cocuk-haklari-duragi-acildi\/\" class=\"read-more-link\">[more&#8230;]<\/a><\/p>\n","protected":false},"author":2,"featured_media":26540,"comment_status":"open","ping_status":"open","sticky":false,"template":"","format":"standard","meta":{"footnotes":""},"categories":[2],"tags":[],"class_list":["post-26539","post","type-post","status-publish","format-standard","has-post-thumbnail","hentry","category-gundem"],"_links":{"self":[{"href":"https:\/\/akdenizhaber.com.tr\/index.php\/wp-json\/wp\/v2\/posts\/26539","targetHints":{"allow":["GET"]}}],"collection":[{"href":"https:\/\/akdenizhaber.com.tr\/index.php\/wp-json\/wp\/v2\/posts"}],"about":[{"href":"https:\/\/akdenizhaber.com.tr\/index.php\/wp-json\/wp\/v2\/types\/post"}],"author":[{"embeddable":true,"href":"https:\/\/akdenizhaber.com.tr\/index.php\/wp-json\/wp\/v2\/users\/2"}],"replies":[{"embeddable":true,"href":"https:\/\/akdenizhaber.com.tr\/index.php\/wp-json\/wp\/v2\/comments?post=26539"}],"version-history":[{"count":1,"href":"https:\/\/akdenizhaber.com.tr\/index.php\/wp-json\/wp\/v2\/posts\/26539\/revisions"}],"predecessor-version":[{"id":26541,"href":"https:\/\/akdenizhaber.com.tr\/index.php\/wp-json\/wp\/v2\/posts\/26539\/revisions\/26541"}],"wp:featuredmedia":[{"embeddable":true,"href":"https:\/\/akdenizhaber.com.tr\/index.php\/wp-json\/wp\/v2\/media\/26540"}],"wp:attachment":[{"href":"https:\/\/akdenizhaber.com.tr\/index.php\/wp-json\/wp\/v2\/media?parent=26539"}],"wp:term":[{"taxonomy":"category","embeddable":true,"href":"https:\/\/akdenizhaber.com.tr\/index.php\/wp-json\/wp\/v2\/categories?post=26539"},{"taxonomy":"post_tag","embeddable":true,"href":"https:\/\/akdenizhaber.com.tr\/index.php\/wp-json\/wp\/v2\/tags?post=26539"}],"curies":[{"name":"wp","href":"https:\/\/api.w.org\/{rel}","templated":true}]}}