{"id":26529,"date":"2024-11-21T15:48:12","date_gmt":"2024-11-21T12:48:12","guid":{"rendered":"https:\/\/akdenizhaber.com.tr\/?p=26529"},"modified":"2024-11-21T15:49:46","modified_gmt":"2024-11-21T12:49:46","slug":"bocek-mi-gelmis","status":"publish","type":"post","link":"https:\/\/akdenizhaber.com.tr\/index.php\/2024\/11\/21\/bocek-mi-gelmis\/","title":{"rendered":"B\u00d6CEK M\u0130 GELM\u0130\u015e?.."},"content":{"rendered":"\n<p>Per\u015fembe\u2019nin geli\u015fi \u00e7ar\u015fambadan bellidir&#8221; T\u00fcrk k\u00fclt\u00fcr\u00fcnde s\u0131k\u00e7a kullan\u0131lan bir atas\u00f6z\u00fcd\u00fcr ve genellikle bir olay\u0131n veya durumun sonucunun \u00f6nceden tahmin edilebilir oldu\u011funu ifade eder.<\/p>\n\n\n\n<p>Bu atas\u00f6z\u00fc, belirli bir olay\u0131n veya sonucun ne zaman ger\u00e7ekle\u015fece\u011fini \u00f6nceden sezebilmenin m\u00fcmk\u00fcn oldu\u011funu vurgular. \u00d6zellikle, bir olay\u0131n net sonucunun bir \u00f6nceki g\u00fcn veya d\u00f6nemde belirtileri veya i\u015faretleri g\u00f6r\u00fcl\u00fcyorsa, bu atas\u00f6z\u00fc kullan\u0131l\u0131r.<\/p>\n\n\n\n<p>Nereden \u00e7\u0131kt\u0131 bu atas\u00f6z\u00fc diyebilirsiniz, ge\u00e7ti\u011fimiz hafta Antalya B\u00fcy\u00fck\u015fehir Belediyesi meclis toplant\u0131s\u0131nda Manavgat MHP meclis \u00fcyesi karde\u015fimiz M\u00fccahit Tatar s\u00f6z alarak Manavgat\u2019la ilgili sorunlar\u0131 dile getirdikten sonra T\u00fcrkbeleninin at\u0131l vaziyetten kurtar\u0131larak Manavgat Belediyesine devrini istemi\u015fti.<\/p>\n\n\n\n<p>Bu iste\u011fe Antalya B\u00fcy\u00fck\u015fehir Belediye ba\u015fkan\u0131 Muhittin Day\u0131m\u0131z. \u201c\u00d6n\u00fcm\u00fczdeki \u00e7ar\u015famba g\u00fcn\u00fc Manavgat\u2019ta olaca\u011f\u0131m, ilgili alan ile alakal\u0131 arkada\u015flar\u0131mla de\u011ferlendirmeler yapaca\u011f\u0131z\u201d s\u00f6z\u00fc vermi\u015fti.<\/p>\n\n\n\n<p>M\u00fccahit Tatar karde\u015fime koca meclis \u00f6n\u00fcnde verdi\u011fi s\u00f6z\u00fc tutarak \u00c7ar\u015famba g\u00fcn\u00fc yani; iki g\u00fcn \u00f6nce day\u0131m\u0131z kentimize geldi..<\/p>\n\n\n\n<p>Ne T\u00fcrkbeleninden s\u00f6z etti.<\/p>\n\n\n\n<p>Nede halk\u0131n en b\u00fcy\u00fck \u015fikayeti olan su faturalar\u0131na de\u011findi..<\/p>\n\n\n\n<p>Hepimize Lafontenden masallar okuyup, geldi\u011fi gibi gitti.<\/p>\n\n\n\n<p>Kim bilir bundan sonra hangi tarihte gelir..<\/p>\n\n\n\n<p>Aylar m\u0131 ge\u00e7er?. Yoksa y\u0131llar m\u0131 Allah bilir..<\/p>\n\n\n\n<p>Bizim bildi\u011fimiz Manavgatl\u0131lar\u0131n s\u00f6yledi\u011fi tek bir ger\u00e7ek var..<\/p>\n\n\n\n<p>\u201cBiz day\u0131m\u0131z\u0131 ba\u011fr\u0131m\u0131za bast\u0131k, oyumuzu da verdik, \u00e2m\u00e2 velakin o bizi d\u00fcn oldu\u011fu gibi bug\u00fcnde \u00fcvey evlat g\u00f6rmeye devam ediyor\u201d s\u00f6ylemini anlatmaya devam edece\u011fiz. Day\u0131m\u0131z\u0131n Manavgat\u2019a geli\u015fi bir kez daha bunu g\u00f6sterdi..<\/p>\n\n\n\n<p>Hadi masal anlatt\u0131n bizde yedik diyelim Muhittin day\u0131!&#8230;<\/p>\n\n\n\n<p>Ge\u00e7ti\u011fimiz hafta halk\u0131n hizmetine sunulan Akdeniz b\u00f6lgesindeki ilk Halk lokantas\u0131n\u0131n a\u00e7\u0131l\u0131\u015f\u0131na gelmeyip Serik\u2019te boy g\u00f6stermenize ne demeli?..<\/p>\n\n\n\n<p>O g\u00fcn mazeretiniz vard\u0131 gelemediniz..<\/p>\n\n\n\n<p>\u00c7ar\u015famba kentimizdeydiniz ya o g\u00fcn Halk lokantas\u0131na u\u011fray\u0131p vatanda\u015flara afiyet olsun..<\/p>\n\n\n\n<p>Halk lokantas\u0131n\u0131n emek\u00e7i \u00e7al\u0131\u015fanlar\u0131na kolay gelsin, hay\u0131rl\u0131 olsun diyebilirdiniz?..<\/p>\n\n\n\n<p>G\u00f6zlerimiz arad\u0131 ama yine san\u0131r\u0131m mazeretiniz vard\u0131..<\/p>\n\n\n\n<p>\u00c7evre yolundan CHP il\u00e7e binas\u0131na, oradan Side\u2019deki Manavgat Belediye binas\u0131na ve yine \u00e7evre yolundan transit Antalya\u2019ya yelken a\u00e7t\u0131n\u0131z..<\/p>\n\n\n\n<p>Ne diyelim hay\u0131rl\u0131s\u0131 olsun..<\/p>\n\n\n\n<p>Per\u015fembenin geli\u015fi \u00c7ar\u015fambadan haz\u0131rlanm\u0131\u015f bir program dahilinde yine Manavgat\u2019\u0131 yok sayd\u0131n\u0131z..<\/p>\n\n\n\n<p>G\u00fcnler, aylar ve y\u0131llar ge\u00e7er Muhittin day\u0131..<\/p>\n\n\n\n<p>Manavgat ve Manavgatl\u0131 se\u00e7men hesap sormay\u0131 unutmaz bil istedim\u2026<\/p>\n\n\n\n<p>Haydi, kal\u0131n sa\u011fl\u0131cakla..<\/p>\n\n\n\n<p>Her \u015fey y\u00fcre\u011finize g\u00f6re olsun\u2026<\/p>\n","protected":false},"excerpt":{"rendered":"<p>Per\u015fembe\u2019nin geli\u015fi \u00e7ar\u015fambadan bellidir&#8221; T\u00fcrk k\u00fclt\u00fcr\u00fcnde s\u0131k\u00e7a kullan\u0131lan bir atas\u00f6z\u00fcd\u00fcr ve genellikle bir olay\u0131n veya durumun sonucunun \u00f6nceden tahmin edilebilir oldu\u011funu ifade eder. Bu atas\u00f6z\u00fc, <a href=\"https:\/\/akdenizhaber.com.tr\/index.php\/2024\/11\/21\/bocek-mi-gelmis\/\" class=\"read-more-link\">[more&#8230;]<\/a><\/p>\n","protected":false},"author":2,"featured_media":26442,"comment_status":"open","ping_status":"open","sticky":false,"template":"","format":"standard","meta":{"footnotes":""},"categories":[2],"tags":[],"class_list":["post-26529","post","type-post","status-publish","format-standard","has-post-thumbnail","hentry","category-gundem"],"_links":{"self":[{"href":"https:\/\/akdenizhaber.com.tr\/index.php\/wp-json\/wp\/v2\/posts\/26529","targetHints":{"allow":["GET"]}}],"collection":[{"href":"https:\/\/akdenizhaber.com.tr\/index.php\/wp-json\/wp\/v2\/posts"}],"about":[{"href":"https:\/\/akdenizhaber.com.tr\/index.php\/wp-json\/wp\/v2\/types\/post"}],"author":[{"embeddable":true,"href":"https:\/\/akdenizhaber.com.tr\/index.php\/wp-json\/wp\/v2\/users\/2"}],"replies":[{"embeddable":true,"href":"https:\/\/akdenizhaber.com.tr\/index.php\/wp-json\/wp\/v2\/comments?post=26529"}],"version-history":[{"count":1,"href":"https:\/\/akdenizhaber.com.tr\/index.php\/wp-json\/wp\/v2\/posts\/26529\/revisions"}],"predecessor-version":[{"id":26530,"href":"https:\/\/akdenizhaber.com.tr\/index.php\/wp-json\/wp\/v2\/posts\/26529\/revisions\/26530"}],"wp:featuredmedia":[{"embeddable":true,"href":"https:\/\/akdenizhaber.com.tr\/index.php\/wp-json\/wp\/v2\/media\/26442"}],"wp:attachment":[{"href":"https:\/\/akdenizhaber.com.tr\/index.php\/wp-json\/wp\/v2\/media?parent=26529"}],"wp:term":[{"taxonomy":"category","embeddable":true,"href":"https:\/\/akdenizhaber.com.tr\/index.php\/wp-json\/wp\/v2\/categories?post=26529"},{"taxonomy":"post_tag","embeddable":true,"href":"https:\/\/akdenizhaber.com.tr\/index.php\/wp-json\/wp\/v2\/tags?post=26529"}],"curies":[{"name":"wp","href":"https:\/\/api.w.org\/{rel}","templated":true}]}}