{"id":26525,"date":"2024-11-18T16:56:21","date_gmt":"2024-11-18T13:56:21","guid":{"rendered":"https:\/\/akdenizhaber.com.tr\/?p=26525"},"modified":"2024-11-18T17:01:41","modified_gmt":"2024-11-18T14:01:41","slug":"mujde-dayimiz-yarin-manavgata-geliyor","status":"publish","type":"post","link":"https:\/\/akdenizhaber.com.tr\/index.php\/2024\/11\/18\/mujde-dayimiz-yarin-manavgata-geliyor\/","title":{"rendered":"M\u00dcJDE!                                                                        Day\u0131m\u0131z Yar\u0131n Manavgat\u2019a Geliyor"},"content":{"rendered":"\n<p><\/p>\n\n\n\n<p>2 d\u00f6nemdir Antalya B\u00fcy\u00fck\u015fehir Belediye Ba\u015fkanl\u0131\u011f\u0131 yapan ancak bu s\u00fcre zarf\u0131nda say\u0131l\u0131 olarak Manavgat\u2019a gelen ve bu tutumu nedeniyle Manavgatl\u0131lar taraf\u0131ndan ele\u015ftirilen Muhittin B\u00f6cek yar\u0131n Manavgat\u2019a geliyor.<\/p>\n\n\n\n<p>MHP Meclis \u00dcyesi M\u00fccahit Tatar\u2019\u0131n \u00f6nceki g\u00fcn Antalya B\u00fcy\u00fck\u015fehir Meclis Toplant\u0131s\u0131nda &nbsp;&nbsp;&nbsp;\u201c\u015eubat 2019 tarihinde B\u00fcy\u00fck\u015fehir Belediyemiz taraf\u0131ndan T\u00fcrkbeleni Millet Bah\u00e7esi a\u00e7\u0131lm\u0131\u015f lakin o tarihten bu yana aktif olarak kullan\u0131lmamaktad\u0131r. Tesislerin at\u0131l beklemesi milletimizi rahats\u0131z etmektedir. Hem\u015ferilerimiz Millet Bah\u00e7esinde daha aktif hizmetler g\u00f6rmeyi beklemektedir. Bizler de Antalya merkezde var oldu\u011funu s\u00f6yledi\u011finiz hizmetleri Manavgat\u2019ta da g\u00f6rmek isteriz. Kald\u0131 ki Manavgat\u2019\u0131n ihmal edildi\u011fini, ziyaret dahi etmedi\u011finizi g\u00f6zlemlemekteyiz.\u201d \u015feklindeki g\u00f6r\u00fc\u015flerine \u201c\u00e7ar\u015famba g\u00fcn\u00fc Manavgat\u2019ta olaca\u011f\u0131m, ilgili alan ile alakal\u0131 arkada\u015flar\u0131mla de\u011ferlendirmeler yapaca\u011f\u0131z \u201ddedi.<\/p>\n\n\n\n<p>B\u00fc\u015fra Deveci \/ Haber<\/p>\n","protected":false},"excerpt":{"rendered":"<p>2 d\u00f6nemdir Antalya B\u00fcy\u00fck\u015fehir Belediye Ba\u015fkanl\u0131\u011f\u0131 yapan ancak bu s\u00fcre zarf\u0131nda say\u0131l\u0131 olarak Manavgat\u2019a gelen ve bu tutumu nedeniyle Manavgatl\u0131lar taraf\u0131ndan ele\u015ftirilen Muhittin B\u00f6cek yar\u0131n <a href=\"https:\/\/akdenizhaber.com.tr\/index.php\/2024\/11\/18\/mujde-dayimiz-yarin-manavgata-geliyor\/\" class=\"read-more-link\">[more&#8230;]<\/a><\/p>\n","protected":false},"author":2,"featured_media":26526,"comment_status":"open","ping_status":"open","sticky":false,"template":"","format":"standard","meta":{"footnotes":""},"categories":[2],"tags":[],"class_list":["post-26525","post","type-post","status-publish","format-standard","has-post-thumbnail","hentry","category-gundem"],"_links":{"self":[{"href":"https:\/\/akdenizhaber.com.tr\/index.php\/wp-json\/wp\/v2\/posts\/26525","targetHints":{"allow":["GET"]}}],"collection":[{"href":"https:\/\/akdenizhaber.com.tr\/index.php\/wp-json\/wp\/v2\/posts"}],"about":[{"href":"https:\/\/akdenizhaber.com.tr\/index.php\/wp-json\/wp\/v2\/types\/post"}],"author":[{"embeddable":true,"href":"https:\/\/akdenizhaber.com.tr\/index.php\/wp-json\/wp\/v2\/users\/2"}],"replies":[{"embeddable":true,"href":"https:\/\/akdenizhaber.com.tr\/index.php\/wp-json\/wp\/v2\/comments?post=26525"}],"version-history":[{"count":2,"href":"https:\/\/akdenizhaber.com.tr\/index.php\/wp-json\/wp\/v2\/posts\/26525\/revisions"}],"predecessor-version":[{"id":26528,"href":"https:\/\/akdenizhaber.com.tr\/index.php\/wp-json\/wp\/v2\/posts\/26525\/revisions\/26528"}],"wp:featuredmedia":[{"embeddable":true,"href":"https:\/\/akdenizhaber.com.tr\/index.php\/wp-json\/wp\/v2\/media\/26526"}],"wp:attachment":[{"href":"https:\/\/akdenizhaber.com.tr\/index.php\/wp-json\/wp\/v2\/media?parent=26525"}],"wp:term":[{"taxonomy":"category","embeddable":true,"href":"https:\/\/akdenizhaber.com.tr\/index.php\/wp-json\/wp\/v2\/categories?post=26525"},{"taxonomy":"post_tag","embeddable":true,"href":"https:\/\/akdenizhaber.com.tr\/index.php\/wp-json\/wp\/v2\/tags?post=26525"}],"curies":[{"name":"wp","href":"https:\/\/api.w.org\/{rel}","templated":true}]}}