{"id":26522,"date":"2024-11-18T15:33:27","date_gmt":"2024-11-18T12:33:27","guid":{"rendered":"https:\/\/akdenizhaber.com.tr\/?p=26522"},"modified":"2024-11-18T15:33:27","modified_gmt":"2024-11-18T12:33:27","slug":"burce-kizimiza-sahip-cikalim","status":"publish","type":"post","link":"https:\/\/akdenizhaber.com.tr\/index.php\/2024\/11\/18\/burce-kizimiza-sahip-cikalim\/","title":{"rendered":"Bur\u00e7e K\u0131z\u0131m\u0131za Sahip \u00c7\u0131kal\u0131m"},"content":{"rendered":"\n<p>4 ayl\u0131k SMA hastas\u0131 Bur\u00e7e Karada\u011f yard\u0131m eli bekliyor.<\/p>\n\n\n\n<p>Valilik izni ile a\u00e7\u0131lan yard\u0131m kampanyas\u0131na Cumhuriyet meydan\u0131nda kurulan stantla devam ediliyor.<\/p>\n\n\n\n<p>K\u00fc\u00e7\u00fck bebek Bur\u00e7e Karada\u011f\u2019\u0131n ailesi ve yak\u0131nlar\u0131 hay\u0131rseverlerin ve y\u00fcre\u011fi zengin ki\u015filerin destekleri ile Bur\u00e7e k\u0131z\u0131m\u0131z\u0131n ya\u015fama sar\u0131laca\u011f\u0131 yard\u0131m kampanyas\u0131na herkesi davet ediyoruz.<\/p>\n\n\n\n<p>Bur\u00e7e Karada\u011f ailesi k\u00fc\u00e7\u00fck Bur\u00e7e\u2019nin a\u011fz\u0131ndan vatanda\u015flara \u015f\u00f6yle seslendi;&nbsp;<\/p>\n\n\n\n<p>\u201cHen\u00fcz 4 ayl\u0131\u011f\u0131m ve Spinal M\u00fcsk\u00fcler Atrofi (SMA) Tip 1 te\u015fhisi ald\u0131m.<\/p>\n\n\n\n<p>Bu hastal\u0131k, ne yaz\u0131k ki hayat\u0131m\u0131 tehdit ediyor, ama umut var! Yurt d\u0131\u015f\u0131ndaki Zolgensma tedavisi sayesinde sa\u011fl\u0131\u011f\u0131ma kavu\u015fabilirim. Ancak, bu tedaviye ula\u015fmak i\u00e7in sizlerin deste\u011fine ihtiyac\u0131m var.<\/p>\n\n\n\n<p>Benim gibi minik bir bedenin hayata tutunabilmesi i\u00e7in yard\u0131mlar\u0131n\u0131za ihtiyac\u0131m var. Bu hastal\u0131k b\u00fcy\u00fcmeden, ilac\u0131ma ula\u015fmam ve sa\u011fl\u0131kl\u0131 bir gelece\u011fe ad\u0131m atmam i\u00e7in el ele verelim.<\/p>\n\n\n\n<p>Her bir destek, bana bir umut \u0131\u015f\u0131\u011f\u0131 daha ekliyor. Sizin de yard\u0131m\u0131n\u0131zla bu sava\u015f\u0131 kazanabiliriz!<\/p>\n\n\n\n<p>L\u00fctfen ba\u011f\u0131\u015f yaparak bana ve aileme g\u00fc\u00e7 verin. Birlikte ba\u015faraca\u011f\u0131z!\u201d<\/p>\n\n\n\n<p>Valilik \u0130zinli \u0130ban Bilgilerimiz:<\/p>\n\n\n\n<p>\u2714\ufe0f\u0130BAN TL: TR42 0001 2001 5800 0066 0002 34<\/p>\n\n\n\n<p>\u2714\ufe0f\u0130BAN EURO: TR22 0001 2001 5800 0035 0017 22<\/p>\n\n\n\n<p>\u2714\ufe0f\u0130BAN USD: TR74 0001 2001 5800 0023 0011 10<\/p>\n\n\n\n<p>Baba K\u00fcr\u015fat Karada\u011f \u0130leti\u015fim: \u202a+90 545 641 61 07<\/p>\n\n\n\n<p>B\u00fc\u015fra Deveci \/ Haber<\/p>\n","protected":false},"excerpt":{"rendered":"<p>4 ayl\u0131k SMA hastas\u0131 Bur\u00e7e Karada\u011f yard\u0131m eli bekliyor. Valilik izni ile a\u00e7\u0131lan yard\u0131m kampanyas\u0131na Cumhuriyet meydan\u0131nda kurulan stantla devam ediliyor. K\u00fc\u00e7\u00fck bebek Bur\u00e7e Karada\u011f\u2019\u0131n <a href=\"https:\/\/akdenizhaber.com.tr\/index.php\/2024\/11\/18\/burce-kizimiza-sahip-cikalim\/\" class=\"read-more-link\">[more&#8230;]<\/a><\/p>\n","protected":false},"author":2,"featured_media":26523,"comment_status":"open","ping_status":"open","sticky":false,"template":"","format":"standard","meta":{"footnotes":""},"categories":[2],"tags":[],"class_list":["post-26522","post","type-post","status-publish","format-standard","has-post-thumbnail","hentry","category-gundem"],"_links":{"self":[{"href":"https:\/\/akdenizhaber.com.tr\/index.php\/wp-json\/wp\/v2\/posts\/26522","targetHints":{"allow":["GET"]}}],"collection":[{"href":"https:\/\/akdenizhaber.com.tr\/index.php\/wp-json\/wp\/v2\/posts"}],"about":[{"href":"https:\/\/akdenizhaber.com.tr\/index.php\/wp-json\/wp\/v2\/types\/post"}],"author":[{"embeddable":true,"href":"https:\/\/akdenizhaber.com.tr\/index.php\/wp-json\/wp\/v2\/users\/2"}],"replies":[{"embeddable":true,"href":"https:\/\/akdenizhaber.com.tr\/index.php\/wp-json\/wp\/v2\/comments?post=26522"}],"version-history":[{"count":1,"href":"https:\/\/akdenizhaber.com.tr\/index.php\/wp-json\/wp\/v2\/posts\/26522\/revisions"}],"predecessor-version":[{"id":26524,"href":"https:\/\/akdenizhaber.com.tr\/index.php\/wp-json\/wp\/v2\/posts\/26522\/revisions\/26524"}],"wp:featuredmedia":[{"embeddable":true,"href":"https:\/\/akdenizhaber.com.tr\/index.php\/wp-json\/wp\/v2\/media\/26523"}],"wp:attachment":[{"href":"https:\/\/akdenizhaber.com.tr\/index.php\/wp-json\/wp\/v2\/media?parent=26522"}],"wp:term":[{"taxonomy":"category","embeddable":true,"href":"https:\/\/akdenizhaber.com.tr\/index.php\/wp-json\/wp\/v2\/categories?post=26522"},{"taxonomy":"post_tag","embeddable":true,"href":"https:\/\/akdenizhaber.com.tr\/index.php\/wp-json\/wp\/v2\/tags?post=26522"}],"curies":[{"name":"wp","href":"https:\/\/api.w.org\/{rel}","templated":true}]}}