{"id":26505,"date":"2024-11-18T15:09:05","date_gmt":"2024-11-18T12:09:05","guid":{"rendered":"https:\/\/akdenizhaber.com.tr\/?p=26505"},"modified":"2024-11-18T15:09:06","modified_gmt":"2024-11-18T12:09:06","slug":"manavgat-belediyespor-uci-nirvana-gran-fondoda-podyuma-cikti","status":"publish","type":"post","link":"https:\/\/akdenizhaber.com.tr\/index.php\/2024\/11\/18\/manavgat-belediyespor-uci-nirvana-gran-fondoda-podyuma-cikti\/","title":{"rendered":"Manavgat Belediyespor, UCI N\u0130RVANA GRAN FONDO&#8217;DA Podyuma \u00c7\u0131kt\u0131"},"content":{"rendered":"\n<p>Manavgat Belediyespor Bisiklet Tak\u0131m\u0131, 14-17 Kas\u0131m tarihleri aras\u0131nda Antalya&#8217;da ger\u00e7ekle\u015ftirilen \u201cUCI Nirvana Gran Fondo World Series Antalya 2024\u201d yar\u0131\u015flar\u0131nda k\u00fcrs\u00fc yapma ba\u015far\u0131s\u0131 g\u00f6sterdi.<\/p>\n\n\n\n<p>Uluslararas\u0131 Bisiklet Birli\u011fi (UCI) taraf\u0131ndan organize edilen ve destinasyon partneri T\u00fcrkiye Turizm Tan\u0131t\u0131m ve Geli\u015ftirme Ajans\u0131 (TGA) olan &#8220;UCI Nirvana Gran Fondo World Series Antalya 2024\u201d yar\u0131\u015flar\u0131na 36 \u00fclkeden toplam 532 bisiklet\u00e7i kat\u0131ld\u0131. Bu y\u0131l d\u00f6rd\u00fcnc\u00fcs\u00fc d\u00fczenlenen organizasyonda, Manavgat Belediyespor Bisiklet Tak\u0131m\u0131 sporcusu Hakan \u015ei\u015fe, K\u0131sa Parkur 50-54 ya\u015f erkekler kategorisinde ba\u015far\u0131l\u0131 bir performans sergileyerek 3. oldu ve k\u00fcrs\u00fcye \u00e7\u0131karak b\u00fcy\u00fck bir ba\u015far\u0131ya imza att\u0131.<\/p>\n\n\n\n<p>Hakan \u015ei\u015fe, yar\u0131\u015f sonras\u0131 yapt\u0131\u011f\u0131 a\u00e7\u0131klamada Manavgat Belediyesi\u2019ne ve tak\u0131m\u0131na te\u015fekk\u00fcr ederek, \u201cBu ba\u015far\u0131 sadece benim de\u011fil, t\u00fcm tak\u0131m arkada\u015flar\u0131m\u0131n ve deste\u011fini her zaman yan\u0131m\u0131zda hissetti\u011fimiz Manavgat Belediye Ba\u015fkan\u0131m\u0131z Say\u0131n Niyazi Nefi Kara\u2019n\u0131n ba\u015far\u0131s\u0131d\u0131r. Hep birlikte daha b\u00fcy\u00fck ba\u015far\u0131lara imza ataca\u011f\u0131m\u0131za inan\u0131yorum.\u201d dedi.<\/p>\n\n\n\n<p>Manavgat Belediyesi \/ B\u00fclten<\/p>\n","protected":false},"excerpt":{"rendered":"<p>Manavgat Belediyespor Bisiklet Tak\u0131m\u0131, 14-17 Kas\u0131m tarihleri aras\u0131nda Antalya&#8217;da ger\u00e7ekle\u015ftirilen \u201cUCI Nirvana Gran Fondo World Series Antalya 2024\u201d yar\u0131\u015flar\u0131nda k\u00fcrs\u00fc yapma ba\u015far\u0131s\u0131 g\u00f6sterdi. Uluslararas\u0131 Bisiklet <a href=\"https:\/\/akdenizhaber.com.tr\/index.php\/2024\/11\/18\/manavgat-belediyespor-uci-nirvana-gran-fondoda-podyuma-cikti\/\" class=\"read-more-link\">[more&#8230;]<\/a><\/p>\n","protected":false},"author":2,"featured_media":26506,"comment_status":"open","ping_status":"open","sticky":false,"template":"","format":"standard","meta":{"footnotes":""},"categories":[2],"tags":[],"class_list":["post-26505","post","type-post","status-publish","format-standard","has-post-thumbnail","hentry","category-gundem"],"_links":{"self":[{"href":"https:\/\/akdenizhaber.com.tr\/index.php\/wp-json\/wp\/v2\/posts\/26505","targetHints":{"allow":["GET"]}}],"collection":[{"href":"https:\/\/akdenizhaber.com.tr\/index.php\/wp-json\/wp\/v2\/posts"}],"about":[{"href":"https:\/\/akdenizhaber.com.tr\/index.php\/wp-json\/wp\/v2\/types\/post"}],"author":[{"embeddable":true,"href":"https:\/\/akdenizhaber.com.tr\/index.php\/wp-json\/wp\/v2\/users\/2"}],"replies":[{"embeddable":true,"href":"https:\/\/akdenizhaber.com.tr\/index.php\/wp-json\/wp\/v2\/comments?post=26505"}],"version-history":[{"count":1,"href":"https:\/\/akdenizhaber.com.tr\/index.php\/wp-json\/wp\/v2\/posts\/26505\/revisions"}],"predecessor-version":[{"id":26507,"href":"https:\/\/akdenizhaber.com.tr\/index.php\/wp-json\/wp\/v2\/posts\/26505\/revisions\/26507"}],"wp:featuredmedia":[{"embeddable":true,"href":"https:\/\/akdenizhaber.com.tr\/index.php\/wp-json\/wp\/v2\/media\/26506"}],"wp:attachment":[{"href":"https:\/\/akdenizhaber.com.tr\/index.php\/wp-json\/wp\/v2\/media?parent=26505"}],"wp:term":[{"taxonomy":"category","embeddable":true,"href":"https:\/\/akdenizhaber.com.tr\/index.php\/wp-json\/wp\/v2\/categories?post=26505"},{"taxonomy":"post_tag","embeddable":true,"href":"https:\/\/akdenizhaber.com.tr\/index.php\/wp-json\/wp\/v2\/tags?post=26505"}],"curies":[{"name":"wp","href":"https:\/\/api.w.org\/{rel}","templated":true}]}}