{"id":26502,"date":"2024-11-18T15:08:20","date_gmt":"2024-11-18T12:08:20","guid":{"rendered":"https:\/\/akdenizhaber.com.tr\/?p=26502"},"modified":"2024-11-18T15:08:20","modified_gmt":"2024-11-18T12:08:20","slug":"kumluca-kuzcada-icme-suyu-calismasi","status":"publish","type":"post","link":"https:\/\/akdenizhaber.com.tr\/index.php\/2024\/11\/18\/kumluca-kuzcada-icme-suyu-calismasi\/","title":{"rendered":"Kumluca Kuzca\u2019da i\u00e7me suyu \u00e7al\u0131\u015fmas\u0131"},"content":{"rendered":"\n<p>Antalya B\u00fcy\u00fck\u015fehir Belediyesi, 25 milyon liral\u0131k yat\u0131r\u0131mla Kumluca il\u00e7esi Kuzca Mahallesi\u2019nde heyelan riski alt\u0131ndaki i\u00e7me suyu ana isale hatt\u0131n\u0131 yenileyerek, risksiz alana ta\u015f\u0131yor.<\/p>\n\n\n\n<p>Antalya\u2019n\u0131n 19 il\u00e7e ve 913 mahallesinde hizmet veren ASAT, i\u00e7me suyu ana isale hatt\u0131 imalat\u0131 ile vatanda\u015flar\u0131 sa\u011fl\u0131kl\u0131 ve temiz i\u00e7me suyu ile bulu\u015fturmaya devam ediyor. ASAT ekipleri, Kumluca\u2019n\u0131n yakla\u015f\u0131k y\u00fczde 90\u2019n\u0131n i\u00e7me suyunu sa\u011flayan Karaa\u011fa\u00e7 su hatt\u0131n\u0131n bulundu\u011fu Kuzca Mahallesi K\u00fcrce mevkiinde heyelan nedeniyle kesintiler ya\u015fanan ana ishale hatt\u0131nda \u00e7al\u0131\u015fma ba\u015flatt\u0131.<\/p>\n\n\n\n<p>SU KAYBI EN AZA \u0130ND\u0130R\u0130LECEK<\/p>\n\n\n\n<p>ASAT yetkilileri \u00e7al\u0131\u015fmalar hakk\u0131nda \u015fu bilgileri verdi: \u201cBu b\u00f6lgede k\u0131\u015f\u0131n a\u015f\u0131r\u0131 ya\u011f\u0131\u015flarda heyelan olu\u015fmas\u0131 patlaklar olu\u015fuyor, su kesintileri ya\u015fan\u0131yordu. \u00c7al\u0131\u015fma ile heyelan b\u00f6lgesindeki bu borular iptal edilerek heyelan riski olmayan yeni bir alana deplasesi yap\u0131l\u0131yor. Ger\u00e7ekle\u015ftirilen \u00e7al\u0131\u015fmayla su kesintilerinin \u00f6n\u00fcne ge\u00e7ilecek. Toplam maliyeti yakla\u015f\u0131k 25 milyon TL\u2019lik bir yat\u0131r\u0131md\u0131r.\u201d<\/p>\n\n\n\n<p>Antalya B\u00fcy\u00fck\u015fehir Belediyesi \/ B\u00fclten<\/p>\n","protected":false},"excerpt":{"rendered":"<p>Antalya B\u00fcy\u00fck\u015fehir Belediyesi, 25 milyon liral\u0131k yat\u0131r\u0131mla Kumluca il\u00e7esi Kuzca Mahallesi\u2019nde heyelan riski alt\u0131ndaki i\u00e7me suyu ana isale hatt\u0131n\u0131 yenileyerek, risksiz alana ta\u015f\u0131yor. Antalya\u2019n\u0131n 19 <a href=\"https:\/\/akdenizhaber.com.tr\/index.php\/2024\/11\/18\/kumluca-kuzcada-icme-suyu-calismasi\/\" class=\"read-more-link\">[more&#8230;]<\/a><\/p>\n","protected":false},"author":2,"featured_media":26503,"comment_status":"open","ping_status":"open","sticky":false,"template":"","format":"standard","meta":{"footnotes":""},"categories":[2],"tags":[],"class_list":["post-26502","post","type-post","status-publish","format-standard","has-post-thumbnail","hentry","category-gundem"],"_links":{"self":[{"href":"https:\/\/akdenizhaber.com.tr\/index.php\/wp-json\/wp\/v2\/posts\/26502","targetHints":{"allow":["GET"]}}],"collection":[{"href":"https:\/\/akdenizhaber.com.tr\/index.php\/wp-json\/wp\/v2\/posts"}],"about":[{"href":"https:\/\/akdenizhaber.com.tr\/index.php\/wp-json\/wp\/v2\/types\/post"}],"author":[{"embeddable":true,"href":"https:\/\/akdenizhaber.com.tr\/index.php\/wp-json\/wp\/v2\/users\/2"}],"replies":[{"embeddable":true,"href":"https:\/\/akdenizhaber.com.tr\/index.php\/wp-json\/wp\/v2\/comments?post=26502"}],"version-history":[{"count":1,"href":"https:\/\/akdenizhaber.com.tr\/index.php\/wp-json\/wp\/v2\/posts\/26502\/revisions"}],"predecessor-version":[{"id":26504,"href":"https:\/\/akdenizhaber.com.tr\/index.php\/wp-json\/wp\/v2\/posts\/26502\/revisions\/26504"}],"wp:featuredmedia":[{"embeddable":true,"href":"https:\/\/akdenizhaber.com.tr\/index.php\/wp-json\/wp\/v2\/media\/26503"}],"wp:attachment":[{"href":"https:\/\/akdenizhaber.com.tr\/index.php\/wp-json\/wp\/v2\/media?parent=26502"}],"wp:term":[{"taxonomy":"category","embeddable":true,"href":"https:\/\/akdenizhaber.com.tr\/index.php\/wp-json\/wp\/v2\/categories?post=26502"},{"taxonomy":"post_tag","embeddable":true,"href":"https:\/\/akdenizhaber.com.tr\/index.php\/wp-json\/wp\/v2\/tags?post=26502"}],"curies":[{"name":"wp","href":"https:\/\/api.w.org\/{rel}","templated":true}]}}