{"id":26499,"date":"2024-11-18T15:05:31","date_gmt":"2024-11-18T12:05:31","guid":{"rendered":"https:\/\/akdenizhaber.com.tr\/?p=26499"},"modified":"2024-11-18T15:05:31","modified_gmt":"2024-11-18T12:05:31","slug":"kepez-savas-magduru-cocuklar-dokumaparkta-agirladi","status":"publish","type":"post","link":"https:\/\/akdenizhaber.com.tr\/index.php\/2024\/11\/18\/kepez-savas-magduru-cocuklar-dokumaparkta-agirladi\/","title":{"rendered":"Kepez sava\u015f ma\u011fduru \u00e7ocuklar DokumaPark\u2019ta a\u011f\u0131rlad\u0131"},"content":{"rendered":"\n<p>&nbsp;Kepez Belediyesi, Ukrayna\u2019dan motivasyon i\u00e7in Antalya\u2019ya tatile gelen sava\u015f ma\u011fduru 45 \u00e7ocu\u011fu, Dokuma Park\u2019ta misafir etti.<\/p>\n\n\n\n<p>Kepez Belediyesi, Ukrayna&#8217;n\u0131n Sumi b\u00f6lgesinden Antalya\u2019ya aileleriyle tatile gelen sava\u015f ma\u011fduru \u00e7ocuklara, DokumaPark gezisiyle moral deste\u011fi verdi. Antalya tatili kapsam\u0131nda kentin \u00f6nemli noktalar\u0131n\u0131 g\u00f6ren \u00e7ocuklar, Kepez Belediyesinin daveti \u00fczerine DokumaPark\u2019\u0131 ziyaret etti.<br>Ukraynal\u0131 \u00e7ocuklar, Kepez Belediye Ba\u015fkan Yard\u0131mc\u0131s\u0131 Evrim Yal\u00e7\u0131n\u2019\u0131n rehberli\u011finde park alan\u0131ndaki k\u00fclt\u00fcr, sanat ve e\u011fitim tesislerini gezdi.&nbsp;<br>Ya\u015flar\u0131 13 ile 17 aras\u0131nda de\u011fi\u015fen 45 \u00e7ocuk, ilk olarak Anadolu Oyuncak M\u00fczesi\u2019ne ziyarette bulundu. Ard\u0131ndan Bir Zamanlar Antalya M\u00fczesi\u2019ne ge\u00e7en \u00e7ocuklar, burada kent tarihi hakk\u0131nda bilgi edindi. Daha sonra Ukraynal\u0131 konuklar, Kepez A\u00e7\u0131k Hava M\u00fczesi, \u015eehitler M\u00fczesi, Modern Sanatlar Galerisi ve Antalya Araba M\u00fczesi\u2019ni ziyaret ederek, Dokuma Park gezisini noktalad\u0131.<br>&nbsp;\u201c\u00c7ocuklara de\u011fer veren bir milletiz\u201d<br>Ukraynal\u0131 \u00e7ocuklar\u0131, Kepez\u2019de misafir ettikleri i\u00e7in mutlu olduklar\u0131n\u0131 belirten Ba\u015fkan Yard\u0131mc\u0131s\u0131 Evrim Yal\u00e7\u0131n, \u201cKepez Belediye Ba\u015fkan\u0131m\u0131z Mesut Kocag\u00f6z\u2019\u00fcn misafirleri olarak \u00e7ocuklar\u0131m\u0131z\u0131, DokumaPark\u2019ta a\u011f\u0131rlad\u0131k. Bu gezi ile konuklar\u0131m\u0131z\u0131n, sava\u015f\u0131n ac\u0131lar\u0131n\u0131 bir nebze de olsa unutabilmelerini sa\u011flad\u0131ysak ne mutlu bize.\u201d ifadesini kulland\u0131.<br>T\u00fcrk milletinin \u00e7ocuklara de\u011fer verdi\u011finin alt\u0131n\u0131 \u00e7izen Ba\u015fkan Yard\u0131mc\u0131s\u0131 Yal\u00e7\u0131n, s\u00f6zlerini \u015f\u00f6yle s\u00fcrd\u00fcrd\u00fc: &nbsp;\u201cLiderimiz, T\u00fcrkiye Cumhuriyetimizin kurucusu Mustafa Kemal Atat\u00fcrk, \u00e7ocuklara \u00e7ok \u00f6nem veriyordu. D\u00fcnyadaki ilk ve tek \u00e7ocuk bayram\u0131 bizim \u00fclkemizdedir. Onu da Atat\u00fcrk ilan etmi\u015ftir. Her y\u0131l 23 Nisan Ulusal Egemenlik ve \u00c7ocuk Bayram\u0131\u2019nda,&nbsp; d\u00fcnyan\u0131n d\u00f6rt bir yan\u0131ndan gelen \u00e7ocuklarla e\u011flenceler d\u00fczenler ve bu bayram\u0131 kutlar\u0131z.\u201d<br>Yal\u00e7\u0131n, konu\u015fmas\u0131n\u0131n ardan misafirlerine T\u00fcrk bayra\u011f\u0131 hediye etti.<br>Ukraynal\u0131 \u00e7ocuklar ve aileleri de, misafirperverliklerinden dolay\u0131 Kepez Belediyesine te\u015fekk\u00fcr etti.&nbsp;<\/p>\n\n\n\n<p>Kepez Belediyesi \/ B\u00fclten<\/p>\n","protected":false},"excerpt":{"rendered":"<p>&nbsp;Kepez Belediyesi, Ukrayna\u2019dan motivasyon i\u00e7in Antalya\u2019ya tatile gelen sava\u015f ma\u011fduru 45 \u00e7ocu\u011fu, Dokuma Park\u2019ta misafir etti. Kepez Belediyesi, Ukrayna&#8217;n\u0131n Sumi b\u00f6lgesinden Antalya\u2019ya aileleriyle tatile gelen <a href=\"https:\/\/akdenizhaber.com.tr\/index.php\/2024\/11\/18\/kepez-savas-magduru-cocuklar-dokumaparkta-agirladi\/\" class=\"read-more-link\">[more&#8230;]<\/a><\/p>\n","protected":false},"author":2,"featured_media":26500,"comment_status":"open","ping_status":"open","sticky":false,"template":"","format":"standard","meta":{"footnotes":""},"categories":[2],"tags":[],"class_list":["post-26499","post","type-post","status-publish","format-standard","has-post-thumbnail","hentry","category-gundem"],"_links":{"self":[{"href":"https:\/\/akdenizhaber.com.tr\/index.php\/wp-json\/wp\/v2\/posts\/26499","targetHints":{"allow":["GET"]}}],"collection":[{"href":"https:\/\/akdenizhaber.com.tr\/index.php\/wp-json\/wp\/v2\/posts"}],"about":[{"href":"https:\/\/akdenizhaber.com.tr\/index.php\/wp-json\/wp\/v2\/types\/post"}],"author":[{"embeddable":true,"href":"https:\/\/akdenizhaber.com.tr\/index.php\/wp-json\/wp\/v2\/users\/2"}],"replies":[{"embeddable":true,"href":"https:\/\/akdenizhaber.com.tr\/index.php\/wp-json\/wp\/v2\/comments?post=26499"}],"version-history":[{"count":1,"href":"https:\/\/akdenizhaber.com.tr\/index.php\/wp-json\/wp\/v2\/posts\/26499\/revisions"}],"predecessor-version":[{"id":26501,"href":"https:\/\/akdenizhaber.com.tr\/index.php\/wp-json\/wp\/v2\/posts\/26499\/revisions\/26501"}],"wp:featuredmedia":[{"embeddable":true,"href":"https:\/\/akdenizhaber.com.tr\/index.php\/wp-json\/wp\/v2\/media\/26500"}],"wp:attachment":[{"href":"https:\/\/akdenizhaber.com.tr\/index.php\/wp-json\/wp\/v2\/media?parent=26499"}],"wp:term":[{"taxonomy":"category","embeddable":true,"href":"https:\/\/akdenizhaber.com.tr\/index.php\/wp-json\/wp\/v2\/categories?post=26499"},{"taxonomy":"post_tag","embeddable":true,"href":"https:\/\/akdenizhaber.com.tr\/index.php\/wp-json\/wp\/v2\/tags?post=26499"}],"curies":[{"name":"wp","href":"https:\/\/api.w.org\/{rel}","templated":true}]}}