{"id":26495,"date":"2024-11-18T15:03:00","date_gmt":"2024-11-18T12:03:00","guid":{"rendered":"https:\/\/akdenizhaber.com.tr\/?p=26495"},"modified":"2024-11-18T15:03:00","modified_gmt":"2024-11-18T12:03:00","slug":"sapadere-ipek-evinde-egitim-kurslari-basladi","status":"publish","type":"post","link":"https:\/\/akdenizhaber.com.tr\/index.php\/2024\/11\/18\/sapadere-ipek-evinde-egitim-kurslari-basladi\/","title":{"rendered":"Sapadere \u0130pek Evi\u2019nde e\u011fitim kurslar\u0131 ba\u015flad\u0131"},"content":{"rendered":"\n<p><\/p>\n\n\n\n<p>Antalya B\u00fcy\u00fck\u015fehir Belediyesi taraf\u0131ndan Alanya Sapadere\u2019de olu\u015fturulan \u0130pek Evi \u00dcretim Merkezi\u2019nde e\u011fitim kurslar\u0131 ba\u015flad\u0131. Kurslarda, \u0130pek b\u00f6ce\u011fi yeti\u015ftiricili\u011fi ile \u0130pek Evi\u2019nde \u00fcretilen ipeklerden el dokumas\u0131 \u00fcr\u00fcnler, \u00e7i\u00e7ekler ve \u00e7e\u015fitli s\u00fcs e\u015fyalar\u0131n\u0131n yap\u0131m\u0131 \u00f6\u011fretiliyor. Yerelden \u00fcretime te\u015fvik eden \u0130pek Evi b\u00f6lge halk\u0131n\u0131n ekonomisine ve turizme de katk\u0131 sa\u011fl\u0131yor.<\/p>\n\n\n\n<p>Antalya B\u00fcy\u00fck\u015fehir Belediyesi Tar\u0131msal Hizmetler Daire Ba\u015fkanl\u0131\u011f\u0131, Alanya Sapadere\u2019de unutulmaya y\u00fcz tutmu\u015f ipek b\u00f6ce\u011fi yeti\u015ftiricili\u011fini \u201c\u0130pek Evi Projesi\u201d ile yeniden canland\u0131r\u0131yor. \u0130pek Evi\u2019nde kurslar a\u00e7an B\u00fcy\u00fck\u015fehir Belediyesi, b\u00f6lge halk\u0131n\u0131 \u00fcretime te\u015fvik ediyor. \u0130pek Evi\u2019nde, ipek b\u00f6ce\u011fi yeti\u015ftiricili\u011fi ile \u00fcretilen ipek ipler ekonomik de\u011feri olan \u00fcr\u00fcnlere d\u00f6n\u00fc\u015ft\u00fcr\u00fcl\u00fcyor. El i\u015fi ve dokuma at\u00f6lyelerinde kursiyerlere ipeklerden \u00e7i\u00e7ek, toka, rozet, s\u00fcs e\u015fyalar\u0131, dokuma kravat ve \u015fal gibi \u00fcr\u00fcnlerin yap\u0131m\u0131 \u00f6\u011fretiliyor. Her biri el eme\u011fi g\u00f6z nuru olan \u00fcr\u00fcnlere talepler yo\u011fun oluyor. Ev ekonomisine katk\u0131 sunmak isteyen kad\u0131nlar e\u011fitim at\u00f6lyelerine ilgi g\u00f6steriyor. Yeni turizm sezonu i\u00e7in sat\u0131\u015f reyonlar\u0131 ile dokuma m\u00fczesinin de haz\u0131rland\u0131\u011f\u0131 \u0130pek Evi\u2019ni turist ve turlar\u0131nda ziyaret etmesi planlan\u0131yor.<\/p>\n\n\n\n<p>T\u00dcM S\u00dcREC\u0130 TAK\u0130P ED\u0130YORUZ<\/p>\n\n\n\n<p>Sapadere \u0130pek Evi Sorumlusu Ay\u015fenur \u00d6zdo\u011fan G\u00fclmez, \u201cKoza \u00fcretimlerimizin ard\u0131ndan e\u011fitim at\u00f6lyelerimizde kurslar\u0131m\u0131z ba\u015flad\u0131. Kad\u0131nlar\u0131m\u0131z kurslar\u0131m\u0131za kat\u0131l\u0131m sa\u011fl\u0131yor. Eyl\u00fcl ay\u0131 itibariyle ilk olarak koza \u00e7i\u00e7ek ve s\u00fcs e\u015fyas\u0131 yap\u0131m\u0131n\u0131 \u00f6\u011fretiyoruz. Ard\u0131ndan Ocak ay\u0131 itibariyle dokuma kurslar\u0131m\u0131z ba\u015flayacak. \u0130pe\u011fimizin ilk a\u015famas\u0131ndan son a\u015famas\u0131na kadar t\u00fcm s\u00fcre\u00e7lerini \u0130pek Evi\u2019mizde takip ediyoruz. Elde etti\u011fimiz ipeklerden hediyelik e\u015fya ve ipek dokuma olarak sunuma haz\u0131rl\u0131yoruz\u201d diye konu\u015ftu.<\/p>\n\n\n\n<p>EV EKONOM\u0130S\u0130NE KATKI SUNACAK<\/p>\n\n\n\n<p>\u00dcretilen \u00fcr\u00fcnlerin yo\u011fun ilgi g\u00f6rd\u00fc\u011f\u00fcn\u00fc de belirten G\u00fclmez, \u201cMart ay\u0131 itibari ile Sapadere Kanyonu\u2019nu turlarla ziyarete gelen turistler hem b\u00f6lgenin y\u00f6resel zenginliklerini g\u00f6recekler hem de burada han\u0131mlar\u0131m\u0131z\u0131n \u00fcretmi\u015f oldu\u011fu \u00fcr\u00fcnlerin sat\u0131\u015f\u0131n\u0131 ger\u00e7ekle\u015ftirebilecekler. \u00dcr\u00fcnlerin sat\u0131\u015f\u0131yla mahalle sakinleri ev ekonomilerine katk\u0131 sa\u011flayabilecekler\u201d dedi.<\/p>\n\n\n\n<p>\u2018YILLARDIR A\u00c7ILMASINI BEKLED\u0130K\u2019<\/p>\n\n\n\n<p>E\u011fitim at\u00f6lyelerine kat\u0131lan Kursiyer Havva Yetkin ise \u201c\u0130pek b\u00f6ce\u011finden \u00fcretilen iplerden \u00e7i\u00e7ekler, zeytin, kardelen, portakal \u00e7i\u00e7e\u011fi, g\u00fcl gibi akl\u0131n\u0131za gelebilecek bir\u00e7ok de\u011fi\u015fik \u00fcr\u00fcnlerin yap\u0131m\u0131n\u0131 \u00f6\u011freniyoruz. Herkesin gelip bu \u00fcr\u00fcnleri g\u00f6rmesini tavsiye ederiz. K\u00f6y\u00fcm\u00fczde b\u00f6yle bir g\u00fczellik var bu g\u00fczelliklerin de\u011ferlendirilmesi gerekiyor. \u0130lk defa ipek b\u00f6ce\u011fi ve kozas\u0131n\u0131 g\u00f6ren \u00e7ocuklar \u00e7ok heyecanlan\u0131yor. Okullardan \u00f6\u011frenciler \u0130pek Evi\u2019ni ziyaret etsinler, ge\u00e7mi\u015fimizi unutmas\u0131nlar. \u0130pek b\u00f6ce\u011fi \u00e7ok de\u011ferli yeniden b\u00f6lgemizde \u00fcretimi canlan\u0131yor. K\u00f6yl\u00fclerimizde bu s\u00fcrece katk\u0131 sunmal\u0131. Sat\u0131\u015f stantlar\u0131m\u0131z haz\u0131rland\u0131 yeni sezonda yapt\u0131klar\u0131m\u0131z sergilenecek. Ba\u015fkan\u0131m\u0131z Muhittin B\u00f6cek\u2019e \u00e7ok te\u015fekk\u00fcr ediyoruz y\u0131llard\u0131r bekliyorduk buras\u0131n\u0131n a\u00e7\u0131lmas\u0131n\u0131 onun sayesinde a\u00e7\u0131ld\u0131 sa\u011f olsun var olsun\u201d dedi.<\/p>\n\n\n\n<p>Antalya B\u00fcy\u00fck\u015fehir Belediyesi \/ B\u00fclten<\/p>\n","protected":false},"excerpt":{"rendered":"<p>Antalya B\u00fcy\u00fck\u015fehir Belediyesi taraf\u0131ndan Alanya Sapadere\u2019de olu\u015fturulan \u0130pek Evi \u00dcretim Merkezi\u2019nde e\u011fitim kurslar\u0131 ba\u015flad\u0131. Kurslarda, \u0130pek b\u00f6ce\u011fi yeti\u015ftiricili\u011fi ile \u0130pek Evi\u2019nde \u00fcretilen ipeklerden el dokumas\u0131 <a href=\"https:\/\/akdenizhaber.com.tr\/index.php\/2024\/11\/18\/sapadere-ipek-evinde-egitim-kurslari-basladi\/\" class=\"read-more-link\">[more&#8230;]<\/a><\/p>\n","protected":false},"author":2,"featured_media":26496,"comment_status":"open","ping_status":"open","sticky":false,"template":"","format":"standard","meta":{"footnotes":""},"categories":[2],"tags":[],"class_list":["post-26495","post","type-post","status-publish","format-standard","has-post-thumbnail","hentry","category-gundem"],"_links":{"self":[{"href":"https:\/\/akdenizhaber.com.tr\/index.php\/wp-json\/wp\/v2\/posts\/26495","targetHints":{"allow":["GET"]}}],"collection":[{"href":"https:\/\/akdenizhaber.com.tr\/index.php\/wp-json\/wp\/v2\/posts"}],"about":[{"href":"https:\/\/akdenizhaber.com.tr\/index.php\/wp-json\/wp\/v2\/types\/post"}],"author":[{"embeddable":true,"href":"https:\/\/akdenizhaber.com.tr\/index.php\/wp-json\/wp\/v2\/users\/2"}],"replies":[{"embeddable":true,"href":"https:\/\/akdenizhaber.com.tr\/index.php\/wp-json\/wp\/v2\/comments?post=26495"}],"version-history":[{"count":1,"href":"https:\/\/akdenizhaber.com.tr\/index.php\/wp-json\/wp\/v2\/posts\/26495\/revisions"}],"predecessor-version":[{"id":26497,"href":"https:\/\/akdenizhaber.com.tr\/index.php\/wp-json\/wp\/v2\/posts\/26495\/revisions\/26497"}],"wp:featuredmedia":[{"embeddable":true,"href":"https:\/\/akdenizhaber.com.tr\/index.php\/wp-json\/wp\/v2\/media\/26496"}],"wp:attachment":[{"href":"https:\/\/akdenizhaber.com.tr\/index.php\/wp-json\/wp\/v2\/media?parent=26495"}],"wp:term":[{"taxonomy":"category","embeddable":true,"href":"https:\/\/akdenizhaber.com.tr\/index.php\/wp-json\/wp\/v2\/categories?post=26495"},{"taxonomy":"post_tag","embeddable":true,"href":"https:\/\/akdenizhaber.com.tr\/index.php\/wp-json\/wp\/v2\/tags?post=26495"}],"curies":[{"name":"wp","href":"https:\/\/api.w.org\/{rel}","templated":true}]}}