{"id":26492,"date":"2024-11-18T15:01:47","date_gmt":"2024-11-18T12:01:47","guid":{"rendered":"https:\/\/akdenizhaber.com.tr\/?p=26492"},"modified":"2024-11-18T15:01:47","modified_gmt":"2024-11-18T12:01:47","slug":"bocek-serikin-66-mahallesinde-yapilmasi-gereken-hizmete-yapacagiz","status":"publish","type":"post","link":"https:\/\/akdenizhaber.com.tr\/index.php\/2024\/11\/18\/bocek-serikin-66-mahallesinde-yapilmasi-gereken-hizmete-yapacagiz\/","title":{"rendered":"B\u00f6cek; \u201cSerik\u2019in 66 mahallesinde yap\u0131lmas\u0131 gereken hizmete yapaca\u011f\u0131z\u201d"},"content":{"rendered":"\n<p>Antalya B\u00fcy\u00fck\u015fehir Belediye Ba\u015fkan\u0131 Muhittin B\u00f6cek, Serik Belediyesi taraf\u0131ndan hizmete sunulan \u2018Halk Lokantas\u0131\u2019n\u0131n a\u00e7\u0131l\u0131\u015f\u0131na kat\u0131ld\u0131. Ba\u015fkan Muhittin B\u00f6cek, Serik\u2019in 66 mahallesine yap\u0131lmas\u0131 gereken b\u00fct\u00fcn hizmetleri yapacaklar\u0131n\u0131 s\u00f6yledi.<\/p>\n\n\n\n<p>Antalya B\u00fcy\u00fck\u015fehir Belediye Ba\u015fkan\u0131 Muhittin B\u00f6cek, bir dizi ziyaret ve a\u00e7\u0131l\u0131\u015f i\u00e7in Serik\u2019i ziyaret etti. Ba\u015fkan Muhittin B\u00f6cek, Cumhuriyet Halk Partisi (CHP) Serik \u0130l\u00e7e Ba\u015fkanl\u0131\u011f\u0131n\u0131 ziyaret etti. Ba\u015fkan B\u00f6cek, CHP \u0130l Ba\u015fkan\u0131 Nail Kamac\u0131, Serik Belediye Ba\u015fkan\u0131 Kadir Kumbul ile birlikte CHP Serik \u0130l\u00e7e Ba\u015fkan\u0131 \u015eeref \u00c7imen ve y\u00f6netimiyle bir araya geldi. Ba\u015fkan B\u00f6cek, CHP Serik \u00f6rg\u00fct\u00fcyle bir s\u00fcre sohbet ederek, \u00e7al\u0131\u015fmalar\u0131 de\u011ferlendirdi.<\/p>\n\n\n\n<p>SER\u0130K BELED\u0130YES\u0130\u2019NE Z\u0130YARET<\/p>\n\n\n\n<p>Antalya B\u00fcy\u00fck\u015fehir Belediye Ba\u015fkan\u0131 B\u00f6cek, ard\u0131ndan Serik Belediye Ba\u015fkan\u0131 Kadir Kumbul\u2019u makam\u0131nda ziyaret etti. Ba\u015fkan B\u00f6cek, B\u00fcy\u00fck\u015fehir Belediyesi b\u00fcrokratlar\u0131yla birlikte Serik Belediye Ba\u015fkan\u0131 Kadir Kumbul ile birlikte bir toplant\u0131 yaparak, Antalya B\u00fcy\u00fck\u015fehir Belediyesi\u2019nin Serik\u2019te yapt\u0131\u011f\u0131 \u00e7al\u0131\u015fmalar\u0131 ve hataya ge\u00e7ecek projeleri ele ald\u0131. Serik Belediyesi\u2019nin B\u00fcy\u00fck\u015fehir Belediyesi\u2019nden taleplerini dinleyen Ba\u015fkan Muhittin B\u00f6cek, B\u00fcy\u00fck\u015fehir Belediyesi olarak Serik\u2019te yap\u0131lmas\u0131 gereken projeleri tek tek hayata ge\u00e7ireceklerini kaydetti. Serik\u2019in bug\u00fcn\u00fc ve yar\u0131n\u0131 i\u00e7in \u00f6nemli \u00e7al\u0131\u015fmalar y\u00fcr\u00fctt\u00fcklerini s\u00f6yleyen Ba\u015fkan Muhittin B\u00f6cek, Kadir Ba\u015fkan ile birlikte Serik\u2019te halk\u0131n mutlulu\u011fu i\u00e7in birlikte \u00e7al\u0131\u015fmaya devam edeceklerini belirtti.<\/p>\n\n\n\n<p>66 MAHALLEM\u0130ZE \u00d6NEML\u0130 PROJELER YAPACA\u011eIZ<\/p>\n\n\n\n<p>Ba\u015fkan Muhittin B\u00f6cek, Serik ziyaretinde son olarak Serik Belediyesi taraf\u0131ndan hizmete a\u00e7\u0131lan \u2018Halk Lokantas\u0131n\u0131n\u2019 a\u00e7\u0131l\u0131\u015f\u0131na kat\u0131ld\u0131. Serikli vatanda\u015flar Ba\u015fkan Muhittin B\u00f6cek\u2019e yo\u011fun sevgi g\u00f6sterisinde bulundu. A\u00e7\u0131l\u0131\u015fta konu\u015fan Ba\u015fkan Muhittin B\u00f6cek, \u201cBu 5 y\u0131ll\u0131k s\u00fcre i\u00e7erisinde 66 mahallemizde yapmam\u0131z gereken ne varsa muhtarlar\u0131m\u0131zla, meclis \u00fcyelerimiz ve \u00e7al\u0131\u015fma arkada\u015flar\u0131m\u0131zla birlikte hayata ge\u00e7irece\u011fiz\u201d dedi.<\/p>\n\n\n\n<p>SOSYAL DESTEKLER ARTARAK DEVAM EDECEK<\/p>\n\n\n\n<p>Serik\u2019te \u00f6nemli projeler hayata ge\u00e7ireceklerini kaydeden Ba\u015fkan Muhittin B\u00f6cek, \u201cSerikli vatanda\u015flar\u0131m\u0131za, \u00fcreticimize, emeklimize, gen\u00e7lerimize, \u00e7ocuklar\u0131m\u0131za burslar da dahil olmak \u00fczere her t\u00fcrl\u00fc deste\u011fi sa\u011flamaya devam edece\u011fiz. Serik Belediyemizin bug\u00fcn hizmete a\u00e7t\u0131\u011f\u0131 Halk Lokantas\u0131 \u00e7ok \u00f6nemli. Sosyal belediyecilik anlay\u0131\u015f\u0131 i\u00e7erisinde ile T\u00fcrkiye\u2019de bir\u00e7ok \u00f6rnek \u00e7al\u0131\u015fmalar yap\u0131yoruz. 2019-2024 y\u0131llar\u0131 aras\u0131nda 11 b\u00fcy\u00fck\u015fehir belediye ba\u015fkan\u0131 olarak sosyal projelerle b\u00fct\u00fcn vatanda\u015flar\u0131m\u0131z\u0131n be\u011fenisini kazanarak, halk\u0131m\u0131z\u0131n iyi g\u00fcn\u00fcde k\u00f6t\u00fc g\u00fcn\u00fcnde yan\u0131nda olduk. Bundan sonra da b\u00fct\u00fcn vatanda\u015flar\u0131m\u0131z\u0131n mutlu ve huzurlu oldu\u011fu, in\u015fallah hep birlikte g\u00fczel g\u00fcnleri hep beraber g\u00f6rece\u011fiz\u201d diye konu\u015ftu.<\/p>\n\n\n\n<p>SER\u0130K BELED\u0130YES\u0130 HALK LOKANTASI A\u00c7ILDI<\/p>\n\n\n\n<p>Serik Belediye Ba\u015fkan\u0131 Kadir Kumbul, sosyal belediyecilik anlay\u0131\u015f\u0131yla vatanda\u015flar\u0131n hayatlar\u0131n\u0131 kolayla\u015ft\u0131racak projeler hayata ge\u00e7irdiklerini belirterek, \u201cSerik Belediyesi Halk Lokantas\u0131 da bu anlay\u0131\u015f\u0131n bir par\u00e7as\u0131d\u0131r. 180 ki\u015fi kapasiteli Halk Lokantam\u0131z\u0131 yo\u011fun ve \u00f6zverili \u00e7al\u0131\u015fmalarla k\u0131sa s\u00fcrede tamamlad\u0131k. Bu proje ile vatanda\u015flar\u0131m\u0131za hesapl\u0131, lezzetli ve g\u00fcvenilir yemek sunarak b\u00fct\u00e7elerine ve g\u00fcnl\u00fck ya\u015famlar\u0131na katk\u0131 sa\u011flamay\u0131 ama\u00e7l\u0131yoruz\u201d ifadelerini kulland\u0131.<\/p>\n\n\n\n<p>Ba\u015fkan B\u00f6cek, CHP \u0130l Ba\u015fkan\u0131 Nail Kamac\u0131, CHP Antalya Milletvekili Aykut Kaya, Serik Belediye Ba\u015fkan\u0131 Kadir Kumbul ve di\u011fer kat\u0131l\u0131mc\u0131larla birlikte Halk Lokantas\u0131\u2019n\u0131n a\u00e7\u0131l\u0131\u015f kurdelesinin kesti. Ba\u015fkan B\u00f6cek, Halk Lokantas\u0131nda vatanda\u015flarla birlikte \u00f6\u011fle yeme\u011fi yedi.<\/p>\n\n\n\n<p>Antalya B\u00fcy\u00fck\u015fehir Belediyesi \/ B\u00fclten<\/p>\n","protected":false},"excerpt":{"rendered":"<p>Antalya B\u00fcy\u00fck\u015fehir Belediye Ba\u015fkan\u0131 Muhittin B\u00f6cek, Serik Belediyesi taraf\u0131ndan hizmete sunulan \u2018Halk Lokantas\u0131\u2019n\u0131n a\u00e7\u0131l\u0131\u015f\u0131na kat\u0131ld\u0131. Ba\u015fkan Muhittin B\u00f6cek, Serik\u2019in 66 mahallesine yap\u0131lmas\u0131 gereken b\u00fct\u00fcn hizmetleri <a href=\"https:\/\/akdenizhaber.com.tr\/index.php\/2024\/11\/18\/bocek-serikin-66-mahallesinde-yapilmasi-gereken-hizmete-yapacagiz\/\" class=\"read-more-link\">[more&#8230;]<\/a><\/p>\n","protected":false},"author":2,"featured_media":26493,"comment_status":"open","ping_status":"open","sticky":false,"template":"","format":"standard","meta":{"footnotes":""},"categories":[2],"tags":[],"class_list":["post-26492","post","type-post","status-publish","format-standard","has-post-thumbnail","hentry","category-gundem"],"_links":{"self":[{"href":"https:\/\/akdenizhaber.com.tr\/index.php\/wp-json\/wp\/v2\/posts\/26492","targetHints":{"allow":["GET"]}}],"collection":[{"href":"https:\/\/akdenizhaber.com.tr\/index.php\/wp-json\/wp\/v2\/posts"}],"about":[{"href":"https:\/\/akdenizhaber.com.tr\/index.php\/wp-json\/wp\/v2\/types\/post"}],"author":[{"embeddable":true,"href":"https:\/\/akdenizhaber.com.tr\/index.php\/wp-json\/wp\/v2\/users\/2"}],"replies":[{"embeddable":true,"href":"https:\/\/akdenizhaber.com.tr\/index.php\/wp-json\/wp\/v2\/comments?post=26492"}],"version-history":[{"count":1,"href":"https:\/\/akdenizhaber.com.tr\/index.php\/wp-json\/wp\/v2\/posts\/26492\/revisions"}],"predecessor-version":[{"id":26494,"href":"https:\/\/akdenizhaber.com.tr\/index.php\/wp-json\/wp\/v2\/posts\/26492\/revisions\/26494"}],"wp:featuredmedia":[{"embeddable":true,"href":"https:\/\/akdenizhaber.com.tr\/index.php\/wp-json\/wp\/v2\/media\/26493"}],"wp:attachment":[{"href":"https:\/\/akdenizhaber.com.tr\/index.php\/wp-json\/wp\/v2\/media?parent=26492"}],"wp:term":[{"taxonomy":"category","embeddable":true,"href":"https:\/\/akdenizhaber.com.tr\/index.php\/wp-json\/wp\/v2\/categories?post=26492"},{"taxonomy":"post_tag","embeddable":true,"href":"https:\/\/akdenizhaber.com.tr\/index.php\/wp-json\/wp\/v2\/tags?post=26492"}],"curies":[{"name":"wp","href":"https:\/\/api.w.org\/{rel}","templated":true}]}}