{"id":26486,"date":"2024-11-15T13:57:15","date_gmt":"2024-11-15T10:57:15","guid":{"rendered":"https:\/\/akdenizhaber.com.tr\/?p=26486"},"modified":"2024-11-15T13:57:15","modified_gmt":"2024-11-15T10:57:15","slug":"festival-mi-panayir-mi","status":"publish","type":"post","link":"https:\/\/akdenizhaber.com.tr\/index.php\/2024\/11\/15\/festival-mi-panayir-mi\/","title":{"rendered":"FEST\u0130VAL M\u0130?..PANAYIR MI?.."},"content":{"rendered":"\n<p>Manavgat Belediyesi yeni y\u00f6netiminin bug\u00fcne dek yapt\u0131\u011f\u0131 t\u00fcm at\u0131l\u0131mlar\u0131na destek sa\u011flad\u0131k..<br>Kad\u0131nlar K\u0131raathanesi\u2026 Emekliler Kahvesi\u2026<br>Son olarak Halk Lokantas\u0131..<br>Bor\u00e7 har\u00e7 i\u00e7inde ald\u0131\u011f\u0131 belediye ba\u015fkanl\u0131\u011f\u0131 g\u00f6revini hakk\u0131yla y\u00fcr\u00fctmeye \u00e7al\u0131\u015fmakla birlikte halk\u0131n takdirini yedi ayl\u0131k s\u00fcre\u00e7te elde etmeyi ba\u015faran Halk\u0131n doktoru Niyazi Nefi Kara\u2019n\u0131n yapm\u0131\u015f oldu\u011fu t\u00fcm g\u00fczel hizmetlere katk\u0131 sunmaya devam edece\u011fiz..<br>Arada da yanl\u0131\u015f olanlar\u0131 Manavgat halk\u0131 ad\u0131na dile getirmek,yazmakta bizlerin g\u00f6revlerinin ba\u015f\u0131nda gelir..<br>13 \u2013 23 Kas\u0131m tarihleri aras\u0131nda Atat\u00fcrk K\u00fclt\u00fcr merkezi \u00f6n\u00fcnde ba\u015flayan bir fuardan yada ad\u0131na Festival denilen etkinlikten s\u00f6z edelim bug\u00fcn\u2026<br>Festival ismi ile a\u00e7\u0131lan ve 23 Kas\u0131m\u2019a kadar a\u00e7\u0131k olacak bu etkinli\u011fe ilk tepkinin Antalya Ticaret Borsas\u0131 ba\u015fkan\u0131 Ali \u00c7and\u0131r\u2019dan geldi\u011fini \u00fcz\u00fclerek okudum.<br>\u00c7and\u0131r Antalya G\u00fcn Haber\u2019e yapt\u0131\u011f\u0131 a\u00e7\u0131klamada \u201cY\u00f6rex ad\u0131n\u0131 kullanarak sa\u00e7malam\u0131\u015flar Y\u00f6rex y\u0131lda bir kez Anfa\u015f fuar alan\u0131nda 5174 say\u0131l\u0131 fuarc\u0131l\u0131k kapsam\u0131nda yap\u0131lmaktad\u0131r\u201d demi\u015f..<br>Nereden \u00e7\u0131kt\u0131 bu Manavgat\u2019ta Y\u00f6rex fuar i\u015fi birileri gelmi\u015f belediyeye festival d\u00fczenleyece\u011fim demi\u015f\u2026<br>Belediyede izin vermi\u015f\u2026\u00dclkenin her bir k\u00f6\u015fesinden envayi \u00e7e\u015fit yemek ve g\u0131da var festival alan\u0131nda..<br>Her ne hikmetse Manavgat\u2019tan kat\u0131l\u0131mc\u0131 yok denecek kadar az\u2026<br>Bununla birlikte ad\u0131na festival ismi verilen panay\u0131r g\u00f6r\u00fcn\u00fcml\u00fc etkinli\u011fin Manavgat esnaf\u0131ndan tepki alaca\u011f\u0131n\u0131 belediye yetkilileri hi\u00e7 mi d\u00fc\u015f\u00fcnmedi acaba?..<br>Organize edilen festival ismi bence yanl\u0131\u015f verilmi\u015f\u2026<br>Olsa olsa bu etkinli\u011fe panay\u0131r denilmeliydi..<br>Birileri b\u00fcy\u00fck olas\u0131l\u0131kla halk\u0131n doktoru ba\u015fkan\u0131m\u0131za bu konuyu tam anlam\u0131yla izah etmemi\u015f olmal\u0131.<br>Yani;Manavgat esnaf\u0131n\u0131n bu i\u015fe tepki koyaca\u011f\u0131n\u0131 bence ba\u015fkana hat\u0131rlatmal\u0131yd\u0131lar..<br>Bizim bildi\u011fimiz festival etkinli\u011fi \u00e7ok geni\u015f kapsaml\u0131 olmakla birlikte\u2026<br>Kentimizin esnaflar\u0131n\u0131n, \u00fcreticilerinin yer ald\u0131\u011f\u0131 stantlarla halkla bulu\u015fmas\u0131na katk\u0131da bulunmakla birlikte yine Manavgat halk\u0131n\u0131n ekonomik al\u0131\u015f veri\u015f yapmas\u0131na olanak sa\u011flanmal\u0131yd\u0131.<br>Erzurum \u00e7ar kebab\u0131..Urfa Adana..<br>Ve buna benzer bir \u00e7ok kentin yer ald\u0131\u011f\u0131 ad\u0131na festival denilen etkinlikte Manavgat\u2019\u0131n olmamas\u0131 ger\u00e7ek anlamda d\u00fc\u015f\u00fcnd\u00fcr\u00fcc\u00fc geldi bana..<br>Sormadan..Soru\u015fturmadan..<br>\u0130ncelenmeden a\u00e7\u0131lan bu festivale inan\u0131n Manavgat esnaf\u0131 ve Manavgatl\u0131 \u00e7ok tepkili..<br>Ayr\u0131ca bu festivali d\u00fczenleyenlerin g\u00fczelim kentimizin i\u00e7ine etti\u011fini de s\u00f6ylemeden ge\u00e7emeyece\u011fim \u00e7ar\u015f\u0131-Pazar..<br>T\u00fcm sokak ve caddeler \u00e7evre kirlili\u011fi g\u00f6r\u00fcnt\u00fcs\u00fc olu\u015fturacak \u00e7irkin afi\u015flerle donat\u0131lm\u0131\u015f..<br>Dost ac\u0131 ama ger\u00e7ek s\u00f6yler,bilin istedim..<br>Haydi, kal\u0131n sa\u011fl\u0131cakla.<br>Her \u015fey y\u00fcre\u011finize g\u00f6re olsun..<\/p>\n","protected":false},"excerpt":{"rendered":"<p>Manavgat Belediyesi yeni y\u00f6netiminin bug\u00fcne dek yapt\u0131\u011f\u0131 t\u00fcm at\u0131l\u0131mlar\u0131na destek sa\u011flad\u0131k..Kad\u0131nlar K\u0131raathanesi\u2026 Emekliler Kahvesi\u2026Son olarak Halk Lokantas\u0131..Bor\u00e7 har\u00e7 i\u00e7inde ald\u0131\u011f\u0131 belediye ba\u015fkanl\u0131\u011f\u0131 g\u00f6revini hakk\u0131yla y\u00fcr\u00fctmeye <a href=\"https:\/\/akdenizhaber.com.tr\/index.php\/2024\/11\/15\/festival-mi-panayir-mi\/\" class=\"read-more-link\">[more&#8230;]<\/a><\/p>\n","protected":false},"author":2,"featured_media":26442,"comment_status":"open","ping_status":"open","sticky":false,"template":"","format":"standard","meta":{"footnotes":""},"categories":[2],"tags":[],"class_list":["post-26486","post","type-post","status-publish","format-standard","has-post-thumbnail","hentry","category-gundem"],"_links":{"self":[{"href":"https:\/\/akdenizhaber.com.tr\/index.php\/wp-json\/wp\/v2\/posts\/26486","targetHints":{"allow":["GET"]}}],"collection":[{"href":"https:\/\/akdenizhaber.com.tr\/index.php\/wp-json\/wp\/v2\/posts"}],"about":[{"href":"https:\/\/akdenizhaber.com.tr\/index.php\/wp-json\/wp\/v2\/types\/post"}],"author":[{"embeddable":true,"href":"https:\/\/akdenizhaber.com.tr\/index.php\/wp-json\/wp\/v2\/users\/2"}],"replies":[{"embeddable":true,"href":"https:\/\/akdenizhaber.com.tr\/index.php\/wp-json\/wp\/v2\/comments?post=26486"}],"version-history":[{"count":1,"href":"https:\/\/akdenizhaber.com.tr\/index.php\/wp-json\/wp\/v2\/posts\/26486\/revisions"}],"predecessor-version":[{"id":26487,"href":"https:\/\/akdenizhaber.com.tr\/index.php\/wp-json\/wp\/v2\/posts\/26486\/revisions\/26487"}],"wp:featuredmedia":[{"embeddable":true,"href":"https:\/\/akdenizhaber.com.tr\/index.php\/wp-json\/wp\/v2\/media\/26442"}],"wp:attachment":[{"href":"https:\/\/akdenizhaber.com.tr\/index.php\/wp-json\/wp\/v2\/media?parent=26486"}],"wp:term":[{"taxonomy":"category","embeddable":true,"href":"https:\/\/akdenizhaber.com.tr\/index.php\/wp-json\/wp\/v2\/categories?post=26486"},{"taxonomy":"post_tag","embeddable":true,"href":"https:\/\/akdenizhaber.com.tr\/index.php\/wp-json\/wp\/v2\/tags?post=26486"}],"curies":[{"name":"wp","href":"https:\/\/api.w.org\/{rel}","templated":true}]}}