{"id":26448,"date":"2024-11-14T15:54:00","date_gmt":"2024-11-14T12:54:00","guid":{"rendered":"https:\/\/akdenizhaber.com.tr\/?p=26448"},"modified":"2024-11-14T15:54:00","modified_gmt":"2024-11-14T12:54:00","slug":"kent-soylesileri-cumhuriyet-101-etkinligi-duzenlendi","status":"publish","type":"post","link":"https:\/\/akdenizhaber.com.tr\/index.php\/2024\/11\/14\/kent-soylesileri-cumhuriyet-101-etkinligi-duzenlendi\/","title":{"rendered":"\u2018Kent S\u00f6yle\u015fileri Cumhuriyet 101\u2019 etkinli\u011fi d\u00fczenlendi"},"content":{"rendered":"\n<p>Antalya B\u00fcy\u00fck\u015fehir Belediyesi, payla\u015fmaya de\u011fer fikirleri, ya\u015famlar\u0131 ve deneyimleri ANTTALKS etkinli\u011fiyle Antalyal\u0131larla bulu\u015fturmaya devam ediyor.&nbsp;Kent Tarihi ve Tan\u0131t\u0131m Dairesi Ba\u015fkanl\u0131\u011f\u0131 taraf\u0131ndan ger\u00e7ekle\u015ftirilen ANTTALKS etkinli\u011finde birbirinden de\u011ferli konu\u015fmac\u0131lar etkileyici konu ba\u015fl\u0131klar\u0131yla vatanda\u015flarla bulu\u015ftu.<\/p>\n\n\n\n<p>Antalya B\u00fcy\u00fck\u015fehir Belediyesi Kent Tarihi ve Tan\u0131t\u0131m Dairesi Ba\u015fkanl\u0131\u011f\u0131 taraf\u0131ndan d\u00fczenlenen&nbsp;\u201cKent S\u00f6yle\u015fileri Cumhuriyet 101\u201d ba\u015fl\u0131kl\u0131 etkinlik birbirinden de\u011ferli konu\u015fmac\u0131lara ev sahipli\u011fi yapt\u0131.&nbsp;B\u00fclent Ecevit K\u00fclt\u00fcr Merkezi\u2019nde d\u00fczenlenen etkinlik Harmoni Talks Kurucusu Erdem Arslan\u2019\u0131n sunumu ile ba\u015flad\u0131 ve \u0130stanbul Planlama Ajans\u0131 Marmara B\u00f6lge Koordinat\u00f6r\u00fc Cem K\u0131l\u0131\u00e7\u2019\u0131n a\u00e7\u0131l\u0131\u015f konu\u015fmas\u0131yla devam etti. A\u00e7\u0131l\u0131\u015f konu\u015fmalar\u0131ndan sonra sahneye \u00e7\u0131kan \u00c7ellist Melisa Y\u0131lmaz da mini bir konser verdi.<\/p>\n\n\n\n<p>\u2018ANLAM ARAYI\u015eINDA \u0130NSAN\u2019<\/p>\n\n\n\n<p>T\u00fcrkiye Tan\u0131t\u0131m Ara\u015ft\u0131rma Demokrasi ve Laik Olu\u015fum Vakf\u0131 Y\u00f6netim Kurulu \u00dcyesi, yazar \u00d6zel Oytun T\u00fcrko\u011flu\u2019nun moderat\u00f6rl\u00fc\u011f\u00fcnde ger\u00e7ekle\u015fen Anttalks etkinli\u011finde Antalya B\u00fcy\u00fck\u015fehir Belediye Meclis \u00dcyesi, T\u00dcLOV Antalya Temsilcisi Osman Sert de \u201cAnlam Aray\u0131\u015f\u0131nda \u0130nsan\u201d ba\u015fl\u0131kl\u0131 bir s\u00f6yle\u015fi d\u00fczenledi. Sert, insan\u0131n ya\u015famda anlam aray\u0131\u015f\u0131na ve bu aray\u0131\u015f\u0131n bireyin i\u00e7sel geli\u015fimindeki rol\u00fcne vurgu yapt\u0131. Sert, ayr\u0131ca modern toplumlarda anlam bulma s\u00fcre\u00e7lerinin zorluklar\u0131na ve bireyin bu aray\u0131\u015fta kar\u015f\u0131la\u015ft\u0131\u011f\u0131 engellerin \u00fcstesinden gelme yollar\u0131na dair d\u00fc\u015f\u00fcncelerini kat\u0131l\u0131mc\u0131larla payla\u015ft\u0131.<\/p>\n\n\n\n<p>\u2018HUKUK U\u011eRUNDA SAVA\u015e\u2019 S\u00d6YLE\u015e\u0130S\u0130<\/p>\n\n\n\n<p>Kent S\u00f6yle\u015fileri Cumhuriyet 101 etkinli\u011finde Akademisyen-Yazar Av. Dr. Onur Alt\u0131nkan ise \u201cHukuk U\u011frunda Sava\u015f\u201d &nbsp;ba\u015fl\u0131kl\u0131 bir s\u00f6yle\u015fi ger\u00e7ekle\u015ftirdi. Alt\u0131nkan, hukuk m\u00fccadelesinin toplumlar i\u00e7in \u00f6nemine ve adaletin korunmas\u0131 i\u00e7in verilen \u00e7abalara de\u011finerek, hukuk alan\u0131nda fark\u0131ndal\u0131\u011f\u0131 art\u0131rmay\u0131 hedefleyen bir sunum ger\u00e7ekle\u015ftirdi. S\u00f6yle\u015fi, kat\u0131l\u0131mc\u0131lara hukuk kavram\u0131n\u0131n tarihsel geli\u015fimi, hukukun toplum \u00fczerindeki etkileri ve g\u00fcncel hukuk sorunlar\u0131 hakk\u0131nda bilgiler verdi.<\/p>\n\n\n\n<p>\u00c7A\u011eDA\u015e TOPLUMUN TEMELLER\u0130 KONU\u015eULDU<\/p>\n\n\n\n<p>Antalya Barosu Ba\u015fkan\u0131 Avukat Ali \u00c7a\u011fda\u015f Bozaner\u2019in da konu\u015fmac\u0131 oldu\u011fu \u201c\u00c7a\u011fda\u015f Toplumun Milli M\u00fccadele ve Cumhuriyetin \u0130lk Y\u0131llar\u0131nda At\u0131lan Tohumlar\u0131\u201d ba\u015fl\u0131kl\u0131 s\u00f6yle\u015fiye de, milli m\u00fccadelenin kazan\u0131mlar\u0131 ve Cumhuriyetin ilk y\u0131llar\u0131nda at\u0131lan ad\u0131mlar\u0131n, \u00e7a\u011fda\u015f bir toplum olu\u015fturmadaki rol\u00fc ele al\u0131nd\u0131. Ayr\u0131ca, Cumhuriyet de\u011ferlerinin geli\u015fim s\u00fcrecine katk\u0131 sa\u011flayan toplumsal dinamikler ve Cumhuriyet\u2019in temel ilkeleri \u00fczerinde durarak, bu de\u011ferlerin g\u00fcn\u00fcm\u00fcz T\u00fcrkiye\u2019sindeki \u00f6nemi \u00fczerinde duruldu.<\/p>\n\n\n\n<p>B\u00dcY\u00dcK \u00d6NDER H\u0130K\u00c2YELERLE ANLATILDI<\/p>\n\n\n\n<p>Oyuncu Kahraman Sivri ve Soner T\u00fcrker ise \u201cHik\u00e2yelerle Mustafa Kemal ATAT\u00dcRK\u201d ba\u015fl\u0131kl\u0131 sunumuyla vatanda\u015flarla bulu\u015ftu.&nbsp;Sunumda, Atat\u00fcrk\u2019\u00fcn hayat\u0131ndan ilham verici an\u0131lar ve onun karakterini, liderlik \u00f6zelliklerini yans\u0131tan hik\u00e2yeler anlat\u0131ld\u0131. Atat\u00fcrk\u2019\u00fcn ya\u015fad\u0131\u011f\u0131 zorluklar ve ger\u00e7ekle\u015ftirdi\u011fi devrimlerle ilgili hik\u00e2yeler vatanda\u015flara duygusal ve \u00f6\u011fretici bir deneyim sundu. Vatanda\u015flar bu etkileyici sunum sayesinde Atat\u00fcrk\u2019\u00fcn liderlik miras\u0131n\u0131 ve Cumhuriyet\u2019e katk\u0131lar\u0131n\u0131 daha yak\u0131ndan \u00f6\u011frenme imk\u00e2n\u0131 buldular. Etkinli\u011fin sonunda konu\u015fmac\u0131lara te\u015fekk\u00fcr plaketi verildi.<\/p>\n\n\n\n<p>Antalya B\u00fcy\u00fck\u015fehir Belediyesi \/ B\u00fclten<\/p>\n","protected":false},"excerpt":{"rendered":"<p>Antalya B\u00fcy\u00fck\u015fehir Belediyesi, payla\u015fmaya de\u011fer fikirleri, ya\u015famlar\u0131 ve deneyimleri ANTTALKS etkinli\u011fiyle Antalyal\u0131larla bulu\u015fturmaya devam ediyor.&nbsp;Kent Tarihi ve Tan\u0131t\u0131m Dairesi Ba\u015fkanl\u0131\u011f\u0131 taraf\u0131ndan ger\u00e7ekle\u015ftirilen ANTTALKS etkinli\u011finde birbirinden <a href=\"https:\/\/akdenizhaber.com.tr\/index.php\/2024\/11\/14\/kent-soylesileri-cumhuriyet-101-etkinligi-duzenlendi\/\" class=\"read-more-link\">[more&#8230;]<\/a><\/p>\n","protected":false},"author":2,"featured_media":26449,"comment_status":"open","ping_status":"open","sticky":false,"template":"","format":"standard","meta":{"footnotes":""},"categories":[2],"tags":[],"class_list":["post-26448","post","type-post","status-publish","format-standard","has-post-thumbnail","hentry","category-gundem"],"_links":{"self":[{"href":"https:\/\/akdenizhaber.com.tr\/index.php\/wp-json\/wp\/v2\/posts\/26448","targetHints":{"allow":["GET"]}}],"collection":[{"href":"https:\/\/akdenizhaber.com.tr\/index.php\/wp-json\/wp\/v2\/posts"}],"about":[{"href":"https:\/\/akdenizhaber.com.tr\/index.php\/wp-json\/wp\/v2\/types\/post"}],"author":[{"embeddable":true,"href":"https:\/\/akdenizhaber.com.tr\/index.php\/wp-json\/wp\/v2\/users\/2"}],"replies":[{"embeddable":true,"href":"https:\/\/akdenizhaber.com.tr\/index.php\/wp-json\/wp\/v2\/comments?post=26448"}],"version-history":[{"count":1,"href":"https:\/\/akdenizhaber.com.tr\/index.php\/wp-json\/wp\/v2\/posts\/26448\/revisions"}],"predecessor-version":[{"id":26450,"href":"https:\/\/akdenizhaber.com.tr\/index.php\/wp-json\/wp\/v2\/posts\/26448\/revisions\/26450"}],"wp:featuredmedia":[{"embeddable":true,"href":"https:\/\/akdenizhaber.com.tr\/index.php\/wp-json\/wp\/v2\/media\/26449"}],"wp:attachment":[{"href":"https:\/\/akdenizhaber.com.tr\/index.php\/wp-json\/wp\/v2\/media?parent=26448"}],"wp:term":[{"taxonomy":"category","embeddable":true,"href":"https:\/\/akdenizhaber.com.tr\/index.php\/wp-json\/wp\/v2\/categories?post=26448"},{"taxonomy":"post_tag","embeddable":true,"href":"https:\/\/akdenizhaber.com.tr\/index.php\/wp-json\/wp\/v2\/tags?post=26448"}],"curies":[{"name":"wp","href":"https:\/\/api.w.org\/{rel}","templated":true}]}}