{"id":26409,"date":"2024-11-08T15:25:44","date_gmt":"2024-11-08T12:25:44","guid":{"rendered":"https:\/\/akdenizhaber.com.tr\/?p=26409"},"modified":"2024-11-08T15:25:44","modified_gmt":"2024-11-08T12:25:44","slug":"likyanin-atlari-sergisi-sanatseverlerle-bulustu","status":"publish","type":"post","link":"https:\/\/akdenizhaber.com.tr\/index.php\/2024\/11\/08\/likyanin-atlari-sergisi-sanatseverlerle-bulustu\/","title":{"rendered":"Likya&#8217;n\u0131n Atlar\u0131 Sergisi Sanatseverlerle Bulu\u015ftu\u00a0"},"content":{"rendered":"\n<p>Antalya K\u00fclt\u00fcr Yolu Festivali kapsam\u0131nda akademisyen ve heykel sanat\u00e7\u0131s\u0131 Cem G\u00fcney \u00c7evikba\u015f\u2019\u0131n &#8216;Likya&#8217;n\u0131n Atlar\u0131&#8217; adl\u0131 heykel sergisi sanatseverlerle bulu\u015ftu.<br>Antalya K\u00fclt\u00fcr Yolu Festivali kapsam\u0131nda akademisyen ve heykel sanat\u00e7\u0131s\u0131 Cem G\u00fcney \u00c7evikba\u015f, &#8216;Likya&#8217;n\u0131n Atlar\u0131&#8217; heykel sergisiyle sanatseverlerin kar\u015f\u0131s\u0131na \u00e7\u0131kt\u0131. Antalya Nekropol M\u00fczesi sergi salonunda a\u00e7\u0131lan sergi, ge\u00e7mi\u015ften g\u00fcn\u00fcm\u00fcze atlar\u0131n hik\u00e2yelerini ve insan ya\u015fam\u0131ndaki k\u00fclt\u00fcrel anlam\u0131n\u0131 heykellerle anlat\u0131yor.<br>D\u00fczenlenen sergiye Antalya Valisi Hulusi \u015eahin&#8217;in yan\u0131 s\u0131ra, Muratpa\u015fa Kaymakam\u0131 \u0130hsan Kara, Belek \u00dcniversitesi Rekt\u00f6r\u00fc Prof. Dr. Mehmet Yaz\u0131c\u0131, \u0130l K\u00fclt\u00fcr ve Turizm M\u00fcd\u00fcr\u00fc Candemir Zoro\u011flu, akademisyen ve heykel sanat\u00e7\u0131s\u0131 Cem G\u00fcney \u00c7evikba\u015f ile sanatseverler kat\u0131ld\u0131.<br>Antalya K\u00fclt\u00fcr Yolu Festivali Uygarl\u0131klar\u0131 Bulu\u015fturuyor<br>Bas\u0131n mensuplar\u0131na verdi\u011fi r\u00f6portajda T\u00fcrkiye K\u00fclt\u00fcr Yolu Festivali&#8217;nin Antalya&#8217;da sanat de\u011feri y\u00fcksek etkinliklerle devam etti\u011fini ifade eden Vali \u015eahin, &#8220;T\u00fcrkiye K\u00fclt\u00fcr Yolu Festivali bu y\u0131l 16 ilimizde d\u00fczenleniyor. Bu kapsamda d\u00fczenlenen Antalya K\u00fclt\u00fcr Yolu Festivali de yo\u011fun ve hareketli bir \u015fekilde devam ediyor. Ger\u00e7ekle\u015ftirilen etkinlikler aras\u0131nda &#8216;Likya&#8217;n\u0131n Atlar\u0131&#8217; Sergisi gibi sanat de\u011feri y\u00fcksek faaliyetler de yer al\u0131yor. At, bizim k\u00fclt\u00fcr\u00fcm\u00fczde \u00e7ok de\u011ferli bir yere sahiptir. Ge\u00e7mi\u015fte Likya uygarl\u0131\u011f\u0131n\u0131n var oldu\u011fu bu co\u011frafyada kendi k\u00fclt\u00fcr\u00fcm\u00fczden getirdi\u011fimiz at fig\u00fcr\u00fcn\u00fc bulduk. De\u011ferli sanat\u00e7\u0131m\u0131z da bunu \u00e7ok g\u00fczel bir bi\u00e7imde yorumlam\u0131\u015f. \u00c7al\u0131\u015fmalar\u0131ndan dolay\u0131 kendisine te\u015fekk\u00fcr ederim.&#8221; dedi.<br>Akademisyen ve heykel sanat\u00e7\u0131s\u0131 Cem G\u00fcney \u00c7evikba\u015f&#8217;\u0131n &#8216;Likya&#8217;n\u0131n Atlar\u0131&#8217; adl\u0131 sergisi, 10 Kas\u0131m Pazar g\u00fcn\u00fcne kadar Antalya Nekropol M\u00fczesi&#8217;nde sanatseverlerin ziyaretine a\u00e7\u0131k olacakt\u0131r.<\/p>\n\n\n\n<p>Antalya Valili\u011fi \/ B\u00fclten<\/p>\n","protected":false},"excerpt":{"rendered":"<p>Antalya K\u00fclt\u00fcr Yolu Festivali kapsam\u0131nda akademisyen ve heykel sanat\u00e7\u0131s\u0131 Cem G\u00fcney \u00c7evikba\u015f\u2019\u0131n &#8216;Likya&#8217;n\u0131n Atlar\u0131&#8217; adl\u0131 heykel sergisi sanatseverlerle bulu\u015ftu.Antalya K\u00fclt\u00fcr Yolu Festivali kapsam\u0131nda akademisyen ve <a href=\"https:\/\/akdenizhaber.com.tr\/index.php\/2024\/11\/08\/likyanin-atlari-sergisi-sanatseverlerle-bulustu\/\" class=\"read-more-link\">[more&#8230;]<\/a><\/p>\n","protected":false},"author":2,"featured_media":26410,"comment_status":"open","ping_status":"open","sticky":false,"template":"","format":"standard","meta":{"footnotes":""},"categories":[2],"tags":[],"class_list":["post-26409","post","type-post","status-publish","format-standard","has-post-thumbnail","hentry","category-gundem"],"_links":{"self":[{"href":"https:\/\/akdenizhaber.com.tr\/index.php\/wp-json\/wp\/v2\/posts\/26409","targetHints":{"allow":["GET"]}}],"collection":[{"href":"https:\/\/akdenizhaber.com.tr\/index.php\/wp-json\/wp\/v2\/posts"}],"about":[{"href":"https:\/\/akdenizhaber.com.tr\/index.php\/wp-json\/wp\/v2\/types\/post"}],"author":[{"embeddable":true,"href":"https:\/\/akdenizhaber.com.tr\/index.php\/wp-json\/wp\/v2\/users\/2"}],"replies":[{"embeddable":true,"href":"https:\/\/akdenizhaber.com.tr\/index.php\/wp-json\/wp\/v2\/comments?post=26409"}],"version-history":[{"count":1,"href":"https:\/\/akdenizhaber.com.tr\/index.php\/wp-json\/wp\/v2\/posts\/26409\/revisions"}],"predecessor-version":[{"id":26411,"href":"https:\/\/akdenizhaber.com.tr\/index.php\/wp-json\/wp\/v2\/posts\/26409\/revisions\/26411"}],"wp:featuredmedia":[{"embeddable":true,"href":"https:\/\/akdenizhaber.com.tr\/index.php\/wp-json\/wp\/v2\/media\/26410"}],"wp:attachment":[{"href":"https:\/\/akdenizhaber.com.tr\/index.php\/wp-json\/wp\/v2\/media?parent=26409"}],"wp:term":[{"taxonomy":"category","embeddable":true,"href":"https:\/\/akdenizhaber.com.tr\/index.php\/wp-json\/wp\/v2\/categories?post=26409"},{"taxonomy":"post_tag","embeddable":true,"href":"https:\/\/akdenizhaber.com.tr\/index.php\/wp-json\/wp\/v2\/tags?post=26409"}],"curies":[{"name":"wp","href":"https:\/\/api.w.org\/{rel}","templated":true}]}}