{"id":26386,"date":"2024-11-05T09:43:49","date_gmt":"2024-11-05T06:43:49","guid":{"rendered":"https:\/\/akdenizhaber.com.tr\/?p=26386"},"modified":"2024-11-05T09:43:50","modified_gmt":"2024-11-05T06:43:50","slug":"fener-alayi","status":"publish","type":"post","link":"https:\/\/akdenizhaber.com.tr\/index.php\/2024\/11\/05\/fener-alayi\/","title":{"rendered":"FENER ALAYI"},"content":{"rendered":"\n<p>29 Ekim Fener alay\u0131na, motorsikletleri ile ge\u00e7i\u015f yapan motorsiklet sevdal\u0131lar\u0131 geceye ayr\u0131 bir anlam katt\u0131.<\/p>\n\n\n\n<p>Polis motorsikletlerinin ve emniyet arabalar\u0131n\u0131n sirenlerini a\u00e7\u0131p konvoyun ba\u015f\u0131n\u0131 \u00e7ekti\u011fi olu\u015fum geceye ayr\u0131 bir g\u00fczellik verdi.<\/p>\n\n\n\n<p>Say\u0131s\u0131n\u0131 bilmiyorum ama binlerce motorsikletin ge\u00e7i\u015fi tam 20 dakikada son buldu. Yaln\u0131z motorsiklet de\u011fil; eski model arabalar 1950 \u2013 1956 model Chevrolet\u2019ler, 1962 \u2013 1964 model Chevrolet\u2019ler, 1966 model inpalalar, 1972 model Murat 124\u2019ler geceye renk katt\u0131.<\/p>\n\n\n\n<p>Ford Kamyonetler, Scooter\u2019lar, herkesin birbirine sayg\u0131s\u0131, iyi niyet ta\u015f\u0131yan ho\u015fg\u00f6r\u00fcs\u00fc ile gecenin anlam\u0131 hedefine vard\u0131.<\/p>\n\n\n\n<p>Emniyet te\u015fkilat\u0131n\u0131n ve Belediye zab\u0131tas\u0131n\u0131n ho\u015fg\u00f6r\u00fcs\u00fc, iyi ve i\u00e7ten tavr\u0131 taktire \u015fayand\u0131. Kalemimle te\u015fekk\u00fcrlerimi arz ederim. Fener alay\u0131n\u0131 derliyen organize eden ba\u015fta Belediye Ba\u015fkan\u0131 Say\u0131n Niyazi Nefi Kara\u2019ya, olu\u015fumu organize eden bay ve bayan herkese te\u015fekk\u00fcr ederim.<\/p>\n\n\n\n<p>G\u00f6z\u00fcn\u00fc budaktan sak\u0131nmayan, \u00e7\u0131kabilecek olumsuzluklara kar\u015f\u0131 tedbiri elden b\u0131rakmayan Emniyet g\u00fc\u00e7lerine ve zab\u0131ta personeline te\u015fekk\u00fcr ederim.<\/p>\n\n\n\n<p>G\u00fcn\u00fcn anlam\u0131 Fener alay\u0131n\u0131n, Fener alay\u0131, motorsiklet konvoyu ve antika arabalar\u0131n\u0131n ge\u00e7i\u015fi ile per\u00e7inle\u015fmi\u015ftir.<\/p>\n\n\n\n<p>Motorsiklet ve tarihi arabalar\u0131n ge\u00e7i\u015fi son buldu\u011funda kalabal\u0131k bir kitle me\u015faleler yak\u0131p korteji olu\u015fturarak gecenin anlam ve g\u00fczelli\u011fine g\u00fczellik katt\u0131lar.<\/p>\n","protected":false},"excerpt":{"rendered":"<p>29 Ekim Fener alay\u0131na, motorsikletleri ile ge\u00e7i\u015f yapan motorsiklet sevdal\u0131lar\u0131 geceye ayr\u0131 bir anlam katt\u0131. Polis motorsikletlerinin ve emniyet arabalar\u0131n\u0131n sirenlerini a\u00e7\u0131p konvoyun ba\u015f\u0131n\u0131 \u00e7ekti\u011fi <a href=\"https:\/\/akdenizhaber.com.tr\/index.php\/2024\/11\/05\/fener-alayi\/\" class=\"read-more-link\">[more&#8230;]<\/a><\/p>\n","protected":false},"author":2,"featured_media":26387,"comment_status":"open","ping_status":"open","sticky":false,"template":"","format":"standard","meta":{"footnotes":""},"categories":[1],"tags":[],"class_list":["post-26386","post","type-post","status-publish","format-standard","has-post-thumbnail","hentry","category-blog"],"_links":{"self":[{"href":"https:\/\/akdenizhaber.com.tr\/index.php\/wp-json\/wp\/v2\/posts\/26386","targetHints":{"allow":["GET"]}}],"collection":[{"href":"https:\/\/akdenizhaber.com.tr\/index.php\/wp-json\/wp\/v2\/posts"}],"about":[{"href":"https:\/\/akdenizhaber.com.tr\/index.php\/wp-json\/wp\/v2\/types\/post"}],"author":[{"embeddable":true,"href":"https:\/\/akdenizhaber.com.tr\/index.php\/wp-json\/wp\/v2\/users\/2"}],"replies":[{"embeddable":true,"href":"https:\/\/akdenizhaber.com.tr\/index.php\/wp-json\/wp\/v2\/comments?post=26386"}],"version-history":[{"count":1,"href":"https:\/\/akdenizhaber.com.tr\/index.php\/wp-json\/wp\/v2\/posts\/26386\/revisions"}],"predecessor-version":[{"id":26388,"href":"https:\/\/akdenizhaber.com.tr\/index.php\/wp-json\/wp\/v2\/posts\/26386\/revisions\/26388"}],"wp:featuredmedia":[{"embeddable":true,"href":"https:\/\/akdenizhaber.com.tr\/index.php\/wp-json\/wp\/v2\/media\/26387"}],"wp:attachment":[{"href":"https:\/\/akdenizhaber.com.tr\/index.php\/wp-json\/wp\/v2\/media?parent=26386"}],"wp:term":[{"taxonomy":"category","embeddable":true,"href":"https:\/\/akdenizhaber.com.tr\/index.php\/wp-json\/wp\/v2\/categories?post=26386"},{"taxonomy":"post_tag","embeddable":true,"href":"https:\/\/akdenizhaber.com.tr\/index.php\/wp-json\/wp\/v2\/tags?post=26386"}],"curies":[{"name":"wp","href":"https:\/\/api.w.org\/{rel}","templated":true}]}}