{"id":26380,"date":"2024-11-05T09:31:14","date_gmt":"2024-11-05T06:31:14","guid":{"rendered":"https:\/\/akdenizhaber.com.tr\/?p=26380"},"modified":"2024-11-05T09:31:14","modified_gmt":"2024-11-05T06:31:14","slug":"baskan-kara-genc-futbolculari-odullendirdi","status":"publish","type":"post","link":"https:\/\/akdenizhaber.com.tr\/index.php\/2024\/11\/05\/baskan-kara-genc-futbolculari-odullendirdi\/","title":{"rendered":"BA\u015eKAN KARA GEN\u00c7 FUTBOLCULARI \u00d6D\u00dcLLEND\u0130RD\u0130"},"content":{"rendered":"\n<p>Manavgat Belediye Ba\u015fkan\u0131 Dr. Niyazi Nefi Kara, Antalya Elit Grubu\u2019nda 6 ma\u00e7t\u0131r yenilmeyen Manavgat Belediyespor U-18 tak\u0131m\u0131n\u0131 ziyaret ederek g\u00f6sterdikleri ba\u015far\u0131dan dolay\u0131 \u00f6d\u00fcllendirdi.<\/p>\n\n\n\n<p>Manavgat Belediye Ba\u015fkan\u0131 Dr. Niyazi Nefi Kara\u2019ya Manavgat Belediyesi Yaz\u0131 \u0130\u015fleri ve Spor \u015eube M\u00fcd\u00fcr\u00fc \u00d6zkan \u0130\u015fbilir ile U-18 tak\u0131m\u0131n\u0131n antren\u00f6r\u00fc Mustafa Y\u00fcksel de e\u015flik etti.<\/p>\n\n\n\n<p>Gen\u00e7 futbolcular, Ba\u015fkan Niyazi Nefi Kara\u2019ya 12 tak\u0131mdan olu\u015fan Antalya Elit Grubu\u2019nu \u015fampiyon olarak tamamlayacaklar\u0131n\u0131n s\u00f6z\u00fcn\u00fc vererek Manavgat Belediyespor\u2019u T\u00fcrkiye \u015fampiyonas\u0131nda en iyi \u015fekilde temsil edeceklerini s\u00f6ylediler.<\/p>\n\n\n\n<p>Manavgat Belediye Ba\u015fkan\u0131 Dr. Niyazi Nefi Kara, gen\u00e7lerin ba\u015far\u0131s\u0131ndan dolay\u0131 gurur duyduklar\u0131n\u0131 belirterek Manavgat\u2019\u0131n gen\u00e7lerini spor konusunda her zaman destekleyeceklerini s\u00f6yledi. Ba\u015fkan Kara, \u201cBizler Manavgat Belediyesi olarak spora ve sporcuya her zaman destek olmaya devam edece\u011fiz. Gen\u00e7lerin ba\u015far\u0131s\u0131n\u0131, spora olan tutkusunu ve azmini olduk\u00e7a \u00f6nemsiyoruz. Sezon sonunda \u015fampiyon olaca\u011f\u0131m\u0131za inanc\u0131m tam. Bug\u00fcn de onlar\u0131 ziyaret ederek onlara sonuna kadar destek olaca\u011f\u0131m\u0131z\u0131 bir kez daha belirtmek istedik. Futbolcular\u0131m\u0131za ve teknik kadromuza te\u015fekk\u00fcr ediyorum. Manavgat, \u015fampiyonlar\u0131n yeti\u015fti\u011fi bir kent olacak\u201d dedi.&nbsp;<\/p>\n\n\n\n<p>01.11.2024<\/p>\n","protected":false},"excerpt":{"rendered":"<p>Manavgat Belediye Ba\u015fkan\u0131 Dr. Niyazi Nefi Kara, Antalya Elit Grubu\u2019nda 6 ma\u00e7t\u0131r yenilmeyen Manavgat Belediyespor U-18 tak\u0131m\u0131n\u0131 ziyaret ederek g\u00f6sterdikleri ba\u015far\u0131dan dolay\u0131 \u00f6d\u00fcllendirdi. Manavgat Belediye <a href=\"https:\/\/akdenizhaber.com.tr\/index.php\/2024\/11\/05\/baskan-kara-genc-futbolculari-odullendirdi\/\" class=\"read-more-link\">[more&#8230;]<\/a><\/p>\n","protected":false},"author":2,"featured_media":26381,"comment_status":"open","ping_status":"open","sticky":false,"template":"","format":"standard","meta":{"footnotes":""},"categories":[2],"tags":[],"class_list":["post-26380","post","type-post","status-publish","format-standard","has-post-thumbnail","hentry","category-gundem"],"_links":{"self":[{"href":"https:\/\/akdenizhaber.com.tr\/index.php\/wp-json\/wp\/v2\/posts\/26380","targetHints":{"allow":["GET"]}}],"collection":[{"href":"https:\/\/akdenizhaber.com.tr\/index.php\/wp-json\/wp\/v2\/posts"}],"about":[{"href":"https:\/\/akdenizhaber.com.tr\/index.php\/wp-json\/wp\/v2\/types\/post"}],"author":[{"embeddable":true,"href":"https:\/\/akdenizhaber.com.tr\/index.php\/wp-json\/wp\/v2\/users\/2"}],"replies":[{"embeddable":true,"href":"https:\/\/akdenizhaber.com.tr\/index.php\/wp-json\/wp\/v2\/comments?post=26380"}],"version-history":[{"count":1,"href":"https:\/\/akdenizhaber.com.tr\/index.php\/wp-json\/wp\/v2\/posts\/26380\/revisions"}],"predecessor-version":[{"id":26382,"href":"https:\/\/akdenizhaber.com.tr\/index.php\/wp-json\/wp\/v2\/posts\/26380\/revisions\/26382"}],"wp:featuredmedia":[{"embeddable":true,"href":"https:\/\/akdenizhaber.com.tr\/index.php\/wp-json\/wp\/v2\/media\/26381"}],"wp:attachment":[{"href":"https:\/\/akdenizhaber.com.tr\/index.php\/wp-json\/wp\/v2\/media?parent=26380"}],"wp:term":[{"taxonomy":"category","embeddable":true,"href":"https:\/\/akdenizhaber.com.tr\/index.php\/wp-json\/wp\/v2\/categories?post=26380"},{"taxonomy":"post_tag","embeddable":true,"href":"https:\/\/akdenizhaber.com.tr\/index.php\/wp-json\/wp\/v2\/tags?post=26380"}],"curies":[{"name":"wp","href":"https:\/\/api.w.org\/{rel}","templated":true}]}}