{"id":26376,"date":"2024-11-05T09:29:53","date_gmt":"2024-11-05T06:29:53","guid":{"rendered":"https:\/\/akdenizhaber.com.tr\/?p=26376"},"modified":"2024-11-05T09:29:53","modified_gmt":"2024-11-05T06:29:53","slug":"festival-manavgatin-zeytin-potansiyelini-ortaya-cikardi","status":"publish","type":"post","link":"https:\/\/akdenizhaber.com.tr\/index.php\/2024\/11\/05\/festival-manavgatin-zeytin-potansiyelini-ortaya-cikardi\/","title":{"rendered":"FEST\u0130VAL, MANAVGAT\u2019IN ZEYT\u0130N POTANS\u0130YEL\u0130N\u0130 ORTAYA \u00c7IKARDI"},"content":{"rendered":"\n<p><strong>Manavgat Belediyesi taraf\u0131ndan 1-3 Kas\u0131m tarihleri aras\u0131nda ilk kez d\u00fczenlenen \u201cZeytin ve Zeytinya\u011f\u0131 Festivali\u201d, <\/strong><strong>\u015fehrin zeytin potansiyelini g\u00fcn y\u00fcz\u00fcne \u00e7\u0131kard\u0131.<\/strong><\/p>\n\n\n\n<p>Manavgat Belediyesi\u2019nin 1-3 Kas\u0131m tarihleri aras\u0131nda; Antalya B\u00fcy\u00fck\u015fehir Belediyesi, Akdeniz \u00dcniversitesi Manavgat Meslek Y\u00fcksekokulu, MATSO ve Manavgat Ziraat Odas\u0131\u2019n\u0131n katk\u0131lar\u0131yla ilk kez d\u00fczenledi\u011fi \u201cZeytin ve Zeytinya\u011f\u0131 Festivali\u201d zeytin temal\u0131 kortejle ba\u015flayarak, antik ta\u015f yataklarda zeytin s\u0131k\u0131m\u0131 gibi \u00e7e\u015fitli etkinliklere sahne oldu. Ayr\u0131ca, Manavgat Atat\u00fcrk K\u00fclt\u00fcr Merkezi\u2019nde zeytin tar\u0131m\u0131 ve zeytinya\u011f\u0131 sekt\u00f6r\u00fcne dair \u00e7al\u0131\u015ftay, s\u00f6yle\u015fi ve forumlar d\u00fczenlendi. Festivale \u00e7e\u015fitli yerlerden gelen vatanda\u015flar ve Manavgatl\u0131lar yo\u011fun ilgi g\u00f6sterdi.<\/p>\n\n\n\n<p><strong>\u201cZEYT\u0130N\u0130N KATMA DE\u011eER\u0130N\u0130 ARTIRACA\u011eIZ\u201d<\/strong><\/p>\n\n\n\n<p>Manavgat Belediye Ba\u015fkan\u0131 Dr. Niyazi Nefi Kara ilk kez d\u00fczenledikleri festivali geleneksel hale getirip her sene daha da g\u00fc\u00e7lendirerek, uluslararas\u0131 boyuta ta\u015f\u0131yacaklar\u0131n\u0131 s\u00f6yledi. Kara \u201cBu festival vesilesiyle il\u00e7emizin ciddi bir zeytin ve zeytinya\u011f\u0131 \u00fcreticisi oldu\u011funu ve b\u00f6lgemizin bu konudaki g\u00fcc\u00fcn\u00fc kamuoyuna duyurmak amac\u0131yla \u00e7\u0131kt\u0131\u011f\u0131m\u0131z yolda \u00e7ok \u00f6nemli bir ad\u0131m att\u0131\u011f\u0131m\u0131za inan\u0131yorum. Sekt\u00f6r payda\u015flar\u0131 ve zeytin \u00fcreticilerimiz ilk kez b\u00f6lgede zeytinin konu\u015fulmas\u0131ndan \u00e7ok memnun oldular. Zeytin, 2 milyon zeytin a\u011fac\u0131na ev sahipli\u011fi yapan il\u00e7emiz tar\u0131m k\u00fclt\u00fcr\u00fcn\u00fcn \u00f6nemli bir par\u00e7as\u0131d\u0131r. Ayr\u0131ca \u00f6nemli bir ekonomik de\u011fere de sahiptir.&nbsp; 11 Farkl\u0131 zeytin t\u00fcr\u00fcne ev sahipli\u011fi yapan il\u00e7emizde; kalamata, memecik, ayval\u0131k, tar\u0131 ak, domat, manzanilla, arbek\u00fcn, girit, gemlik tav\u015fan y\u00fcre\u011fi ve sadece bize has beylik zeytini yeti\u015fiyor. \u2018Beylik Zeytin\u2019imiz i\u00e7in ilgili kurumlarla bir araya gelerek co\u011frafi&nbsp; i\u015faret al\u0131nmas\u0131na \u00f6nc\u00fcl\u00fck edece\u011fiz. Manavgat\u2019ta \u015fu an 50 bin d\u00f6n\u00fcm \u00fcretim alan\u0131nda y\u0131lda yakla\u015f\u0131k 50 bin ton zeytin elde ediliyor. Ayr\u0131ca b\u00f6lgede faaliyet g\u00f6stere 11 adet zeytinya\u011f\u0131 fabrikas\u0131nda y\u0131lda yakla\u015f\u0131k 9-10 bin ton zeytinya\u011f\u0131 \u00fcretiliyor.\u201d dedi.<\/p>\n\n\n\n<p><strong>\u201cMANAVGAT ZEYT\u0130NDE KEND\u0130 MARKALARINI YARATACAK\u201d<\/strong><\/p>\n\n\n\n<p>Belediye Ba\u015fkan\u0131 Dr. Niyazi Nefi Kara s\u00f6zlerine \u015f\u00f6yle devam etti: &nbsp;\u201c\u0130l\u00e7emizde giderek b\u00fcy\u00fcyen zeytin tar\u0131m\u0131n\u0131 destekleyerek, zeytinya\u011f\u0131 \u00fcretiminde daha ileri end\u00fcstriye ge\u00e7memiz i\u00e7in gerekli markala\u015fma ve mekanizasyon \u00e7al\u0131\u015fmalar\u0131na \u00f6nc\u00fcl\u00fck edece\u011fiz. Zeytinya\u011f\u0131n\u0131n katma de\u011ferini y\u00fckseltecek, \u00fcreticinin refah\u0131n\u0131n da artmas\u0131na katk\u0131 sa\u011flayacak pazarlama ve kooperatifle ilgili \u00e7al\u0131\u015fmalar\u0131 destekleyece\u011fiz. Manavgat kendi markalar\u0131n\u0131 yaratacak ve ben belediye ba\u015fkan\u0131 olarak zeytin tar\u0131m\u0131n\u0131n ve zeytinya\u011f\u0131 sekt\u00f6r\u00fcn\u00fcn s\u00fcrd\u00fcr\u00fclebilirli\u011fine sahip \u00e7\u0131kaca\u011f\u0131m.\u201d<\/p>\n\n\n\n<p><strong>\u201cZEYT\u0130N SA\u011eLIKTIR\u201d<\/strong><\/p>\n\n\n\n<p>Doktor Ba\u015fkan zeytinin sa\u011fl\u0131\u011fa faydas\u0131na dikkat \u00e7ekerken \u015funlar\u0131 s\u00f6yledi: \u201cZeytin sa\u00e7\u0131m\u0131zdan t\u0131rna\u011f\u0131m\u0131za kadar, kalbimizden beynimize kadar her \u015fey i\u00e7in sa\u011fl\u0131kl\u0131 bir \u00fcr\u00fcnd\u00fcr ve antioksidan \u00f6zelli\u011fe sahiptir. Zeytini ve zeytin ya\u011f\u0131n\u0131 t\u00fcketmemiz gerekiyor. Zeytin, v\u00fccut i\u00e7in bar\u0131\u015ft\u0131r ve v\u00fccudun kendisiyle bar\u0131\u015f\u0131k olmas\u0131n\u0131 sa\u011flar. Bu kadar faydal\u0131 olan zeytinin ve zeytinya\u011f\u0131n\u0131n t\u00fcketilmesi ve onun de\u011ferlendirilmesi temel hedefimizdir.\u201d dedi.<\/p>\n\n\n\n<p><strong>S\u00dcRD\u00dcR\u00dcLEB\u0130RL\u0130K, DESTEKLER, \u00d6RG\u00dcTLENME VE MARKALA\u015eMA KONU\u015eULDU<\/strong><\/p>\n\n\n\n<p>Festival kapsam\u0131nda \u00e7al\u0131\u015ftay, s\u00f6yle\u015fi ve forum d\u00fczenlendi. Tar\u0131m yazar\u0131 Mine Ataman moderat\u00f6rl\u00fc\u011f\u00fcnde zeytin ve zeytinya\u011f\u0131 \u00e7al\u0131\u015ftay\u0131 ger\u00e7ekle\u015ftirildi. Uzman akademisyenler taraf\u0131ndan kalite, co\u011frafi i\u015faret ve gastronomi konular\u0131 ele al\u0131nd\u0131. \u0130kinci g\u00fcnde gazeteci Meliha Okur moderat\u00f6rl\u00fc\u011f\u00fcnde bir forum d\u00fczenlendi. Foruma kat\u0131lan \u00fcnl\u00fc tar\u0131m yazar\u0131 Ali Ekber Y\u0131ld\u0131r\u0131m, zeytincilikteki \u00fcretici, i\u015f g\u00fcc\u00fc ve ta\u011f\u015fi\u015f sorunlar\u0131n\u0131 dile getirirken tar\u0131m\u0131n devlet taraf\u0131ndan desteklenmesi gerekti\u011fini s\u00f6yledi. Antalya Tar\u0131msal Daire Hizmetleri Ba\u015fkan\u0131 Seda \u00d6zel ise iklim sorununa dikkat \u00e7ekerek, suyu fazla t\u00fcketen \u00fcr\u00fcnlerden ka\u00e7\u0131n\u0131lmas\u0131 gerekti\u011fini ve tar\u0131mda \u00f6rg\u00fctlenmenin \u00f6nemini ifade etti. Festivalde ayr\u0131ca Ezgi G\u00f6zeger\u2019in moderat\u00f6rl\u00fc\u011f\u00fcnde Sara\u00e7l\u0131 Mahallesinde \u00fcreticilerle zeytinya\u011f\u0131 konulu s\u00f6yle\u015fi d\u00fczenlendi. Manavgat\u2019\u0131n geneti\u011fi bozulmam\u0131\u015f zeytinlerinden geleneksel ta\u015f s\u0131kma y\u00f6ntemiyle, antik \u00e7a\u011fdan kalma ta\u015f yataklarda, zeytin \u00fcreticisi kad\u0131nlar taraf\u0131ndan so\u011fuk s\u0131k\u0131m zeytinya\u011f\u0131 etkinli\u011fi yap\u0131ld\u0131.<\/p>\n\n\n\n<p><strong>FEST\u0130VAL \u00c7AR\u015eISINDA SERG\u0130LENEN MANAVGAT\u2019IN ZEYT\u0130NLER\u0130 VATANDA\u015e TARAFINDAN B\u00dcY\u00dcK \u0130LG\u0130 G\u00d6RD\u00dc<\/strong><\/p>\n\n\n\n<p>Festival boyunca, Manavgat y\u00f6resine ait zeytin ve zeytinya\u011flar\u0131n\u0131n sergilendi\u011fi festival \u00e7ar\u015f\u0131s\u0131, 1-3 Kas\u0131m tarihleri aras\u0131nda Manavgat Atat\u00fcrk K\u00fclt\u00fcr Merkezi \u00f6n\u00fcnde vatanda\u015flar taraf\u0131ndan ziyaret edildi. Burada, yerel \u00fcreticilerin sundu\u011fu zeytin \u00e7e\u015fitleri ve zeytinya\u011flar\u0131 ziyaret\u00e7iyle bulu\u015furken, vatanda\u015flar taraf\u0131ndan b\u00fcy\u00fck ilgi g\u00f6rd\u00fc.<\/p>\n\n\n\n<p><strong>04.11.2024<\/strong><\/p>\n","protected":false},"excerpt":{"rendered":"<p>Manavgat Belediyesi taraf\u0131ndan 1-3 Kas\u0131m tarihleri aras\u0131nda ilk kez d\u00fczenlenen \u201cZeytin ve Zeytinya\u011f\u0131 Festivali\u201d, \u015fehrin zeytin potansiyelini g\u00fcn y\u00fcz\u00fcne \u00e7\u0131kard\u0131. Manavgat Belediyesi\u2019nin 1-3 Kas\u0131m tarihleri <a href=\"https:\/\/akdenizhaber.com.tr\/index.php\/2024\/11\/05\/festival-manavgatin-zeytin-potansiyelini-ortaya-cikardi\/\" class=\"read-more-link\">[more&#8230;]<\/a><\/p>\n","protected":false},"author":2,"featured_media":26378,"comment_status":"open","ping_status":"open","sticky":false,"template":"","format":"standard","meta":{"footnotes":""},"categories":[2],"tags":[],"class_list":["post-26376","post","type-post","status-publish","format-standard","has-post-thumbnail","hentry","category-gundem"],"_links":{"self":[{"href":"https:\/\/akdenizhaber.com.tr\/index.php\/wp-json\/wp\/v2\/posts\/26376","targetHints":{"allow":["GET"]}}],"collection":[{"href":"https:\/\/akdenizhaber.com.tr\/index.php\/wp-json\/wp\/v2\/posts"}],"about":[{"href":"https:\/\/akdenizhaber.com.tr\/index.php\/wp-json\/wp\/v2\/types\/post"}],"author":[{"embeddable":true,"href":"https:\/\/akdenizhaber.com.tr\/index.php\/wp-json\/wp\/v2\/users\/2"}],"replies":[{"embeddable":true,"href":"https:\/\/akdenizhaber.com.tr\/index.php\/wp-json\/wp\/v2\/comments?post=26376"}],"version-history":[{"count":1,"href":"https:\/\/akdenizhaber.com.tr\/index.php\/wp-json\/wp\/v2\/posts\/26376\/revisions"}],"predecessor-version":[{"id":26379,"href":"https:\/\/akdenizhaber.com.tr\/index.php\/wp-json\/wp\/v2\/posts\/26376\/revisions\/26379"}],"wp:featuredmedia":[{"embeddable":true,"href":"https:\/\/akdenizhaber.com.tr\/index.php\/wp-json\/wp\/v2\/media\/26378"}],"wp:attachment":[{"href":"https:\/\/akdenizhaber.com.tr\/index.php\/wp-json\/wp\/v2\/media?parent=26376"}],"wp:term":[{"taxonomy":"category","embeddable":true,"href":"https:\/\/akdenizhaber.com.tr\/index.php\/wp-json\/wp\/v2\/categories?post=26376"},{"taxonomy":"post_tag","embeddable":true,"href":"https:\/\/akdenizhaber.com.tr\/index.php\/wp-json\/wp\/v2\/tags?post=26376"}],"curies":[{"name":"wp","href":"https:\/\/api.w.org\/{rel}","templated":true}]}}