{"id":26366,"date":"2024-11-05T09:20:41","date_gmt":"2024-11-05T06:20:41","guid":{"rendered":"https:\/\/akdenizhaber.com.tr\/?p=26366"},"modified":"2024-11-05T09:20:42","modified_gmt":"2024-11-05T06:20:42","slug":"manavgatta-kizilay-kan-alma-birimi-acildi","status":"publish","type":"post","link":"https:\/\/akdenizhaber.com.tr\/index.php\/2024\/11\/05\/manavgatta-kizilay-kan-alma-birimi-acildi\/","title":{"rendered":"MANAVGAT\u2019TA KIZILAY KAN ALMA B\u0130R\u0130M\u0130 A\u00c7ILDI"},"content":{"rendered":"\n<p>Manavgat Ticaret ve Sanayi Odas\u0131 (MATSO) taraf\u0131ndan hayata ge\u00e7irilen T\u00fcrk K\u0131z\u0131lay Manavgat Kan Alma Birimi, eski Manavgat Kaymakaml\u0131k binas\u0131 bah\u00e7esinde d\u00fczenlenen t\u00f6renle a\u00e7\u0131ld\u0131.<\/p>\n\n\n\n<p>A\u00e7\u0131l\u0131\u015f t\u00f6renine Manavgat Belediye Ba\u015fkan\u0131 Dr. Niyazi Nefi Kara, Manavgat Kaymakam\u0131 Adil Karata\u015f, AK Parti Antalya Milletvekili Tuba Vural \u00c7okal, CHP Manavgat \u0130l\u00e7e Ba\u015fkan\u0131 Oykun Ba\u015far, MATSO Ba\u015fkan\u0131 Seydi Tahsin G\u00fcng\u00f6r, T\u00fcrk K\u0131z\u0131lay\u2019\u0131 Bat\u0131 Akdeniz B\u00f6lge Kan Merkezi M\u00fcd\u00fcr\u00fc Dr. Tufan Ertop, siyasi parti temsilcileri, oda ba\u015fkanlar\u0131, STK temsilcileri, muhtarlar, bas\u0131n mensuplar\u0131 ve vatanda\u015flar kat\u0131ld\u0131.<\/p>\n\n\n\n<p><strong>BA\u015eKAN KARA\u2019YA TE\u015eEKK\u00dcR<\/strong><strong><\/strong><\/p>\n\n\n\n<p>A\u00e7\u0131l\u0131\u015fta T\u00fcrk K\u0131z\u0131lay\u2019\u0131 Bat\u0131 Akdeniz B\u00f6lge Kan Merkezi M\u00fcd\u00fcr\u00fc Dr. Tufan Ertop, \u201cAntalya ilimizde bir\u00e7ok noktada olmas\u0131na ra\u011fmen Manavgat\u2019\u0131m\u0131zda yoktu. Bug\u00fcn burada bunun onur ve gururunu ya\u015f\u0131yoruz,\u201d diyerek bu birimin \u00f6nemine dikkat \u00e7ekti. Dr. Ertop, Manavgat Belediye Ba\u015fkan\u0131 Dr. Niyazi Nefi Kara\u2019ya, \u201c\u0130\u015fin ba\u015f\u0131ndan beri hi\u00e7bir iste\u011fimizi geri \u00e7evirmedi, bizi hi\u00e7 k\u0131rmad\u0131. Bu kan ba\u011f\u0131\u015f noktas\u0131n\u0131n a\u00e7\u0131lmas\u0131nda en de\u011ferli katk\u0131lardan biri kendisinindir.\u201d \u015feklinde te\u015fekk\u00fcrlerini iletti.<\/p>\n\n\n\n<p><strong>\u201cB\u0130R UMUT KAYNA\u011eI OLACAKTIR\u201d<\/strong><\/p>\n\n\n\n<p>MATSO Ba\u015fkan\u0131 Seydi Tahsin G\u00fcng\u00f6r, \u201cOdam\u0131z\u0131n \u00f6z sermayesiyle sabit bir kan alma merkezini Manavgat\u2019\u0131m\u0131za kazand\u0131rman\u0131n heyecan\u0131n\u0131 ya\u015f\u0131yoruz. \u0130nsan sa\u011fl\u0131\u011f\u0131na yap\u0131lan bu yat\u0131r\u0131mla birlikte daha sa\u011fl\u0131kl\u0131 ve g\u00fc\u00e7l\u00fc bir toplum hedefine ula\u015fma yolunda g\u00fc\u00e7l\u00fc bir ad\u0131m at\u0131yoruz,\u201d diyerek projeye duydu\u011fu memnuniyeti dile getirdi. G\u00fcng\u00f6r, \u201cMATSO-K\u0131z\u0131lay Kan Alma Merkezi, sadece bir sa\u011fl\u0131k noktas\u0131 de\u011fil, ayn\u0131 zamanda insan hayat\u0131na dokunan bir umut kayna\u011f\u0131 olacakt\u0131r.\u201d ifadelerini kulland\u0131.<\/p>\n\n\n\n<p><strong>\u201cEL ELE VERD\u0130\u011e\u0130M\u0130ZDE BA\u015eARAMAYACA\u011eIMIZ \u015eEY YOK\u201d<\/strong><\/p>\n\n\n\n<p>Manavgat Belediye Ba\u015fkan\u0131 Dr. Niyazi Nefi Kara, \u201cB\u00f6lge insan\u0131n\u0131n kan ihtiyac\u0131 oldu\u011funda iki arada bir derede kal\u0131n\u0131yordu. Buran\u0131n yap\u0131lmas\u0131 benim i\u00e7in ayr\u0131 bir mutluluk kayna\u011f\u0131.\u201d diyerek a\u00e7\u0131l\u0131\u015f\u0131n kendisi i\u00e7in ne kadar \u00f6nemli oldu\u011funu vurgulad\u0131. Ayr\u0131ca, Manavgat Devlet Hastanesi sorununa da de\u011finen Kara, \u201cBir araya geldi\u011fimizde, el ele verdi\u011fimizde ba\u015faramayaca\u011f\u0131m\u0131z hi\u00e7bir \u015fey yok.\u201d \u015feklinde konu\u015ftu.<\/p>\n\n\n\n<p>Kara, a\u00e7\u0131l\u0131\u015f\u0131n yan\u0131 s\u0131ra d\u00fczenlenen Manavgat Belediyesi taraf\u0131ndan ilk kez d\u00fczenlenen zeytin festivaline de dikkat \u00e7ekerek, \u201cBug\u00fcn b\u00f6lgede bir ilk olan zeytin festivalimizi ba\u015flatt\u0131k. Ekonomisi ve end\u00fcstrisiyle zeytinin her \u015feyinin tart\u0131\u015f\u0131ld\u0131\u011f\u0131 bir festival ve \u00e7al\u0131\u015ftay yap\u0131yoruz.\u201d dedi.<\/p>\n\n\n\n<p><strong>\u0130\u015e B\u0130RL\u0130\u011e\u0130 VURGUSU<\/strong><\/p>\n\n\n\n<p>AK Parti Antalya Milletvekili Tuba Vural \u00c7okal, \u201cK\u0131ymetli Ba\u015fkan\u0131m ile birlikte, siyaseti bir kenara koyup Manavgat\u2019\u0131 hak etti\u011fi de\u011ferlere ula\u015ft\u0131rmak i\u00e7in beraberiz.\u201d diyerek i\u015fbirli\u011fi vurgusu yapt\u0131.<\/p>\n\n\n\n<p><strong>\u201cHER DA\u0130M KAZANAN MANAVGAT OLSUN\u201d<\/strong><\/p>\n\n\n\n<p>Manavgat Kaymakam\u0131 Adil Karata\u015f ise, \u201cKan Merkezi, mali olarak \u00e7ok bir de\u011fer ifade etmeyebilir ancak manevi olarak Manavgat i\u00e7in milyarlar de\u011ferinde bir hizmet buras\u0131. \u00c7\u00fcnk\u00fc yap\u0131 insan\u0131m\u0131za hizmet edecek.\u201d dedi. Eme\u011fi ge\u00e7en herkese \u015f\u00fckranlar\u0131n\u0131 sunan Karata\u015f, \u201cHer daim kazanan Manavgat olsun.\u201d ifadelerini kulland\u0131.<\/p>\n\n\n\n<p><strong>01.11.2024<\/strong><\/p>\n","protected":false},"excerpt":{"rendered":"<p>Manavgat Ticaret ve Sanayi Odas\u0131 (MATSO) taraf\u0131ndan hayata ge\u00e7irilen T\u00fcrk K\u0131z\u0131lay Manavgat Kan Alma Birimi, eski Manavgat Kaymakaml\u0131k binas\u0131 bah\u00e7esinde d\u00fczenlenen t\u00f6renle a\u00e7\u0131ld\u0131. A\u00e7\u0131l\u0131\u015f t\u00f6renine <a href=\"https:\/\/akdenizhaber.com.tr\/index.php\/2024\/11\/05\/manavgatta-kizilay-kan-alma-birimi-acildi\/\" class=\"read-more-link\">[more&#8230;]<\/a><\/p>\n","protected":false},"author":2,"featured_media":26367,"comment_status":"open","ping_status":"open","sticky":false,"template":"","format":"standard","meta":{"footnotes":""},"categories":[2],"tags":[],"class_list":["post-26366","post","type-post","status-publish","format-standard","has-post-thumbnail","hentry","category-gundem"],"_links":{"self":[{"href":"https:\/\/akdenizhaber.com.tr\/index.php\/wp-json\/wp\/v2\/posts\/26366","targetHints":{"allow":["GET"]}}],"collection":[{"href":"https:\/\/akdenizhaber.com.tr\/index.php\/wp-json\/wp\/v2\/posts"}],"about":[{"href":"https:\/\/akdenizhaber.com.tr\/index.php\/wp-json\/wp\/v2\/types\/post"}],"author":[{"embeddable":true,"href":"https:\/\/akdenizhaber.com.tr\/index.php\/wp-json\/wp\/v2\/users\/2"}],"replies":[{"embeddable":true,"href":"https:\/\/akdenizhaber.com.tr\/index.php\/wp-json\/wp\/v2\/comments?post=26366"}],"version-history":[{"count":1,"href":"https:\/\/akdenizhaber.com.tr\/index.php\/wp-json\/wp\/v2\/posts\/26366\/revisions"}],"predecessor-version":[{"id":26368,"href":"https:\/\/akdenizhaber.com.tr\/index.php\/wp-json\/wp\/v2\/posts\/26366\/revisions\/26368"}],"wp:featuredmedia":[{"embeddable":true,"href":"https:\/\/akdenizhaber.com.tr\/index.php\/wp-json\/wp\/v2\/media\/26367"}],"wp:attachment":[{"href":"https:\/\/akdenizhaber.com.tr\/index.php\/wp-json\/wp\/v2\/media?parent=26366"}],"wp:term":[{"taxonomy":"category","embeddable":true,"href":"https:\/\/akdenizhaber.com.tr\/index.php\/wp-json\/wp\/v2\/categories?post=26366"},{"taxonomy":"post_tag","embeddable":true,"href":"https:\/\/akdenizhaber.com.tr\/index.php\/wp-json\/wp\/v2\/tags?post=26366"}],"curies":[{"name":"wp","href":"https:\/\/api.w.org\/{rel}","templated":true}]}}