{"id":26356,"date":"2024-11-01T11:29:16","date_gmt":"2024-11-01T08:29:16","guid":{"rendered":"https:\/\/akdenizhaber.com.tr\/?p=26356"},"modified":"2024-11-01T11:29:17","modified_gmt":"2024-11-01T08:29:17","slug":"101-yil-turkiye-cumhuriyetinin-101-yildonumu-tum-yurtta-oldugu-gibi-antalyada-da-cesitli-etkinliklerle-kutlandi-manavgat-serbest-muhasebeci-mali-musavirler-odasi-masmo-her-yil-oldu","status":"publish","type":"post","link":"https:\/\/akdenizhaber.com.tr\/index.php\/2024\/11\/01\/101-yil-turkiye-cumhuriyetinin-101-yildonumu-tum-yurtta-oldugu-gibi-antalyada-da-cesitli-etkinliklerle-kutlandi-manavgat-serbest-muhasebeci-mali-musavirler-odasi-masmo-her-yil-oldu\/","title":{"rendered":"101. YIL T\u00fcrkiye Cumhuriyetinin 101. Y\u0131ld\u00f6n\u00fcm\u00fc t\u00fcm yurtta oldu\u011fu gibi Antalya\u2019da da \u00e7e\u015fitli etkinliklerle kutland\u0131. Manavgat Serbest Muhasebeci Mali M\u00fc\u015favirler Odas\u0131 (MASMO) \u00a0her y\u0131l oldu\u011fu gibi 101. y\u0131lda da Cumhuriyete sahip \u00e7\u0131kt\u0131."},"content":{"rendered":"\n<p><\/p>\n\n\n\n<p><strong>Manavgat Serbest Muhasebeci Mali M\u00fc\u015favirler Odas\u0131 ( MASMO) Geleneksel Cumhuriyet Balosunda meslekta\u015flar\u0131yla bir araya geldi. Cumhuriyetimizin 101. y\u0131l\u0131n\u0131 b\u00fcy\u00fck bir co\u015fkuyla kutlad\u0131<\/strong>.<strong> MASMO<\/strong>&nbsp;taraf\u0131ndan her y\u0131l aral\u0131ks\u0131z olarak d\u00fczenlenen&nbsp;<strong>Cumhuriyet Balosu<\/strong>\u2018na&nbsp;<strong>Diamond Prem\u0131um Hotel <\/strong>&nbsp;ev sahipli\u011fi yapt\u0131. Balo\u2019ya &nbsp;<strong>Masmo<\/strong>&nbsp;\u00fcyelerinin yan\u0131 s\u0131ra<strong>&nbsp; Alanya Serbest Muhasebeci Mali m\u00fc\u015favirler Odas<\/strong>\u0131 Ba\u015fkan\u0131 Tevfik Atar, ve Manavgat\u2019ta bulunan STK temsilcileri de kat\u0131ld\u0131.<\/p>\n\n\n\n<p>MASMO\u2019nun co\u015fkulu kutlamas\u0131n\u0131n bu y\u0131lki adresi&nbsp;<a href=\"https:\/\/www.thediamondhotels.com\/diamond-premium-hotel-spa\/\">Diamont Premium Hotel<\/a>&nbsp;oldu. Manavgat Serbest Muhasebeci Mali M\u00fc\u015favirler Odas\u0131 \u00fcyeleri ellerinde T\u00fcrk bayraklar\u0131 dillerinde 10. y\u0131l ve \u0130zmir mar\u015flar\u0131yla co\u015ftu.<\/p>\n\n\n\n<p>MASMO ba\u015fkan\u0131 Sabri Keskin &nbsp;Cumhuriyet balosunda meslekta\u015flar\u0131na seslendi;<\/p>\n\n\n\n<p>Keskin ,\u201dD\u00fcnyan\u0131n en k\u0131ymetli topraklar\u0131 \u00fczerinde olan aziz vatan\u0131m\u0131z \u00fczerinde bulunan b\u00fcy\u00fck milletimizin sayg\u0131yla selaml\u0131yorum. Cumhuriyet idaresiyle beraber h\u00fcr ve ba\u011f\u0131ms\u0131z bir b\u00fct\u00fcn olarak d\u00fcnya durduk\u00e7a ya\u015fayaca\u011f\u0131na olan inanc\u0131m\u0131 belirleyip hepinizin Cumhuriyet Bayram Bayram\u0131n\u0131 kutlar, hepinizi sevgilerimi ve sayg\u0131lar\u0131m\u0131 sunar\u0131m. Bu k\u0131ymetli vatan\u0131 bize vatan yapan Ba\u015fta Gazi Mustafa Kemal Atat\u00fcrk ve onun silah arkada\u015flar\u0131 olmak \u00fczere bu k\u0131ymetli vatan\u0131n b\u00f6l\u00fcnmez b\u00fct\u00fcnl\u00fc\u011f\u00fcn\u00fc, milletin huzur ve dikunlu\u011funu sa\u011flayan ve bu \u00f6l\u00fcml\u00fc gaye i\u00e7in topra\u011fa d\u00fc\u015ferek \u015fehitlik mertebesine ula\u015fan b\u00fct\u00fcn \u015fehitlerimizi ve gazilerimizi rahmetle an\u0131yor ve manevi huzurlar\u0131nda sayg\u0131yla e\u011filiyorum. Bu vatan ve devletimiz i\u00e7in \u00e7al\u0131\u015fan, \u00e7aba harcayan, daha fazlas\u0131n\u0131 yapmak i\u00e7in gayret eden hem bizleri bir sayg\u0131yla selaml\u0131yorum. Cumhuriyetimizin ikinci y\u00fczy\u0131l\u0131nda ilk y\u00fczy\u0131lda ger\u00e7ekle\u015ftiremedi\u011fimiz uygarl\u0131k seviyesinin \u00fczerine \u00e7\u0131kma hedefine mutlaka ula\u015faca\u011f\u0131z. Cumhuriyetimin ikinci y\u00fczy\u0131lda ta\u00e7land\u0131r\u0131lmal\u0131, insan haklar\u0131n\u0131n korunmas\u0131, adaletin ki\u015fiye g\u00f6re de\u011fi\u015fmedi\u011fi, \u015feffaf \u00fcretim anlay\u0131\u015f\u0131nda \u00f6nemli ad\u0131mlar at\u0131lmal\u0131d\u0131r. Cumhuriyetimizin g\u00fc\u00e7l\u00fc temellerle gelece\u011fe ta\u015f\u0131nmas\u0131 i\u00e7in bizlere d\u00fc\u015fen her t\u00fcrl\u00fc g\u00f6reve haz\u0131r\u0131z Cumhuriyetimizin y\u00fcz\u00fcnc\u00fc y\u0131l\u0131 ge\u00e7mi\u015fimize olan sayg\u0131m\u0131z\u0131 ve gelece\u011fe olan umutlar\u0131m\u0131z\u0131 birle\u015ftirdi\u011fimiz anlaml\u0131 bir d\u00f6nemdir. Bu y\u0131l\u0131n \u00f6nemini idrak ederek T\u00fcrkiye Cumhuriyeti&#8217;nin de\u011ferlerine sahip \u00e7\u0131kal\u0131m ve daha da ileriye ta\u015f\u0131yal\u0131m. Gelecek nesillere daha g\u00fc\u00e7l\u00fc, daha \u00f6zg\u00fcr ve daha m\u00fcreffeh bir \u00fclke b\u0131rakma vizyonunu \u00fcsteleyin. Cumhuriyetimizin y\u00fcz birinci y\u0131l\u0131nda e\u015fitlik, adalet, \u00f6zg\u00fcrl\u00fck ve demokrasinin de\u011ferlerimize daha da g\u00fc\u00e7l\u00fc olarak, yolculu\u011funuza devam edelim. Birlikte daha Cumhuriyet y\u0131llar\u0131na ula\u015fman\u0131n gururunu ya\u015fayal\u0131m. Ne mutlu T\u00fcrk&#8217;\u00fcm diyene\u201d diye konu\u015ftu.<\/p>\n\n\n\n<p>Balo\u2019da mali m\u00fc\u015favirlik ruhsat\u0131n\u0131 almaya hak kazanarak mesle\u011fe ilk ad\u0131m\u0131n\u0131 atan gen\u00e7 muhasebecilere ruhsat ve plaketleri verildi. MASMO, Ayr\u0131ca meslekte 25. Y\u0131l\u0131n\u0131 tamamlayan meslekta\u015flar\u0131n\u0131 da plaketle onurlard\u0131rd\u0131.<\/p>\n\n\n\n<p><\/p>\n","protected":false},"excerpt":{"rendered":"<p>Manavgat Serbest Muhasebeci Mali M\u00fc\u015favirler Odas\u0131 ( MASMO) Geleneksel Cumhuriyet Balosunda meslekta\u015flar\u0131yla bir araya geldi. Cumhuriyetimizin 101. y\u0131l\u0131n\u0131 b\u00fcy\u00fck bir co\u015fkuyla kutlad\u0131. MASMO&nbsp;taraf\u0131ndan her y\u0131l <a href=\"https:\/\/akdenizhaber.com.tr\/index.php\/2024\/11\/01\/101-yil-turkiye-cumhuriyetinin-101-yildonumu-tum-yurtta-oldugu-gibi-antalyada-da-cesitli-etkinliklerle-kutlandi-manavgat-serbest-muhasebeci-mali-musavirler-odasi-masmo-her-yil-oldu\/\" class=\"read-more-link\">[more&#8230;]<\/a><\/p>\n","protected":false},"author":2,"featured_media":26357,"comment_status":"open","ping_status":"open","sticky":false,"template":"","format":"standard","meta":{"footnotes":""},"categories":[2],"tags":[],"class_list":["post-26356","post","type-post","status-publish","format-standard","has-post-thumbnail","hentry","category-gundem"],"_links":{"self":[{"href":"https:\/\/akdenizhaber.com.tr\/index.php\/wp-json\/wp\/v2\/posts\/26356","targetHints":{"allow":["GET"]}}],"collection":[{"href":"https:\/\/akdenizhaber.com.tr\/index.php\/wp-json\/wp\/v2\/posts"}],"about":[{"href":"https:\/\/akdenizhaber.com.tr\/index.php\/wp-json\/wp\/v2\/types\/post"}],"author":[{"embeddable":true,"href":"https:\/\/akdenizhaber.com.tr\/index.php\/wp-json\/wp\/v2\/users\/2"}],"replies":[{"embeddable":true,"href":"https:\/\/akdenizhaber.com.tr\/index.php\/wp-json\/wp\/v2\/comments?post=26356"}],"version-history":[{"count":1,"href":"https:\/\/akdenizhaber.com.tr\/index.php\/wp-json\/wp\/v2\/posts\/26356\/revisions"}],"predecessor-version":[{"id":26358,"href":"https:\/\/akdenizhaber.com.tr\/index.php\/wp-json\/wp\/v2\/posts\/26356\/revisions\/26358"}],"wp:featuredmedia":[{"embeddable":true,"href":"https:\/\/akdenizhaber.com.tr\/index.php\/wp-json\/wp\/v2\/media\/26357"}],"wp:attachment":[{"href":"https:\/\/akdenizhaber.com.tr\/index.php\/wp-json\/wp\/v2\/media?parent=26356"}],"wp:term":[{"taxonomy":"category","embeddable":true,"href":"https:\/\/akdenizhaber.com.tr\/index.php\/wp-json\/wp\/v2\/categories?post=26356"},{"taxonomy":"post_tag","embeddable":true,"href":"https:\/\/akdenizhaber.com.tr\/index.php\/wp-json\/wp\/v2\/tags?post=26356"}],"curies":[{"name":"wp","href":"https:\/\/api.w.org\/{rel}","templated":true}]}}