{"id":26348,"date":"2024-11-01T11:22:42","date_gmt":"2024-11-01T08:22:42","guid":{"rendered":"https:\/\/akdenizhaber.com.tr\/?p=26348"},"modified":"2024-11-01T11:22:43","modified_gmt":"2024-11-01T08:22:43","slug":"ataturkculerden-muhtesem-balo","status":"publish","type":"post","link":"https:\/\/akdenizhaber.com.tr\/index.php\/2024\/11\/01\/ataturkculerden-muhtesem-balo\/","title":{"rendered":"Atat\u00fcrk\u00e7\u00fclerden Muhte\u015fem Balo"},"content":{"rendered":"\n<p>Atat\u00fcrk\u00e7\u00fc D\u00fc\u015f\u00fcnce Derne\u011fi Manavgat \u015fubesi taraf\u0131ndan Cumhuriyetin 101\u2019inci y\u0131l\u0131 nedeniyle Cumhuriyet Balosu&nbsp; d\u00fczenlendi.&nbsp;<\/p>\n\n\n\n<p>28 Ekim Pazartesi gecesi K\u0131z\u0131la\u011fa\u00e7 Sunmelia Otelde d\u00fczenlenen geceye siyasiler, oda ba\u015fkanlar\u0131 ve \u00e7ok say\u0131da Atat\u00fcrk\u2019e g\u00f6n\u00fcl vermi\u015f ki\u015fi kat\u0131ld\u0131.<\/p>\n\n\n\n<p>Sayg\u0131 duru\u015fu ve \u0130stiklal Mar\u015f\u0131\u2019n\u0131n okunmas\u0131 ile ba\u015flayan baloda g\u00fcn\u00fcn anlam ve \u00f6nemine dair konu\u015fma yapan ADD Manavgat \u015eube Ba\u015fkan\u0131 \u00d6mer Faruk G\u00fcven, \u201cAtat\u00fcrk\u2019\u00fcn 29 Ekim 1923 y\u0131l\u0131nda ilan etti\u011fi cumhuriyet T\u00fcrk milletine verilmi\u015f en b\u00fcy\u00fck miras ve vazge\u00e7ilmez bir de\u011ferdir. Cumhuriyetin kazan\u0131mlar\u0131na ve de\u011ferlerine kar\u015f\u0131 s\u00fcrd\u00fcr\u00fclen y\u0131pratma \u00e7abalar\u0131n\u0131 asla kabul etmiyoruz. Demokrasi s\u0131n\u0131rlar\u0131 i\u00e7inde hukuki ele\u015ftirilerimizi, tepkilerimizi her zaman ortaya koyaca\u011f\u0131z. \u00c7\u00fcnk\u00fc cumhuriyet bizim i\u00e7in vazge\u00e7ilmezdir. Atat\u00fcrk olmazsa olmaz\u0131d\u0131r. \u0130\u00e7imizdeki Atat\u00fcrk ve cumhuriyet sevgisi Atat\u00fcrk ilke ve devrimlerinin korunmas\u0131, cumhuriyetin t\u00fcm de\u011ferleri ile sonsuza de\u011fin ya\u015fat\u0131lmas\u0131. Y\u0131lmadan, inatla cumhuriyeti ya\u015fatma m\u00fccadelemiz sonsuza dek s\u00fcrecek. Bunu hep birlikte ba\u015faraca\u011f\u0131z\u201d dedi.<\/p>\n\n\n\n<p>Baloya kat\u0131lanlar Cumhuriyete yak\u0131\u015f\u0131r bi\u00e7imde ge\u00e7 saatlere kadar e\u011flenerek hep bir a\u011f\u0131zdan t\u00fcrk\u00fcler ve \u015fark\u0131lar s\u00f6ylediler.<\/p>\n","protected":false},"excerpt":{"rendered":"<p>Atat\u00fcrk\u00e7\u00fc D\u00fc\u015f\u00fcnce Derne\u011fi Manavgat \u015fubesi taraf\u0131ndan Cumhuriyetin 101\u2019inci y\u0131l\u0131 nedeniyle Cumhuriyet Balosu&nbsp; d\u00fczenlendi.&nbsp; 28 Ekim Pazartesi gecesi K\u0131z\u0131la\u011fa\u00e7 Sunmelia Otelde d\u00fczenlenen geceye siyasiler, oda ba\u015fkanlar\u0131 <a href=\"https:\/\/akdenizhaber.com.tr\/index.php\/2024\/11\/01\/ataturkculerden-muhtesem-balo\/\" class=\"read-more-link\">[more&#8230;]<\/a><\/p>\n","protected":false},"author":2,"featured_media":26349,"comment_status":"open","ping_status":"open","sticky":false,"template":"","format":"standard","meta":{"footnotes":""},"categories":[2],"tags":[],"class_list":["post-26348","post","type-post","status-publish","format-standard","has-post-thumbnail","hentry","category-gundem"],"_links":{"self":[{"href":"https:\/\/akdenizhaber.com.tr\/index.php\/wp-json\/wp\/v2\/posts\/26348","targetHints":{"allow":["GET"]}}],"collection":[{"href":"https:\/\/akdenizhaber.com.tr\/index.php\/wp-json\/wp\/v2\/posts"}],"about":[{"href":"https:\/\/akdenizhaber.com.tr\/index.php\/wp-json\/wp\/v2\/types\/post"}],"author":[{"embeddable":true,"href":"https:\/\/akdenizhaber.com.tr\/index.php\/wp-json\/wp\/v2\/users\/2"}],"replies":[{"embeddable":true,"href":"https:\/\/akdenizhaber.com.tr\/index.php\/wp-json\/wp\/v2\/comments?post=26348"}],"version-history":[{"count":1,"href":"https:\/\/akdenizhaber.com.tr\/index.php\/wp-json\/wp\/v2\/posts\/26348\/revisions"}],"predecessor-version":[{"id":26350,"href":"https:\/\/akdenizhaber.com.tr\/index.php\/wp-json\/wp\/v2\/posts\/26348\/revisions\/26350"}],"wp:featuredmedia":[{"embeddable":true,"href":"https:\/\/akdenizhaber.com.tr\/index.php\/wp-json\/wp\/v2\/media\/26349"}],"wp:attachment":[{"href":"https:\/\/akdenizhaber.com.tr\/index.php\/wp-json\/wp\/v2\/media?parent=26348"}],"wp:term":[{"taxonomy":"category","embeddable":true,"href":"https:\/\/akdenizhaber.com.tr\/index.php\/wp-json\/wp\/v2\/categories?post=26348"},{"taxonomy":"post_tag","embeddable":true,"href":"https:\/\/akdenizhaber.com.tr\/index.php\/wp-json\/wp\/v2\/tags?post=26348"}],"curies":[{"name":"wp","href":"https:\/\/api.w.org\/{rel}","templated":true}]}}