{"id":26344,"date":"2024-11-01T11:18:40","date_gmt":"2024-11-01T08:18:40","guid":{"rendered":"https:\/\/akdenizhaber.com.tr\/?p=26344"},"modified":"2024-11-01T11:18:41","modified_gmt":"2024-11-01T08:18:41","slug":"manavgat-zeytin-ve-zeytinyagi-festivali-bugun-basladi","status":"publish","type":"post","link":"https:\/\/akdenizhaber.com.tr\/index.php\/2024\/11\/01\/manavgat-zeytin-ve-zeytinyagi-festivali-bugun-basladi\/","title":{"rendered":"\u201cManavgat Zeytin ve Zeytinya\u011f\u0131 Festivali\u201d bug\u00fcn ba\u015flad\u0131"},"content":{"rendered":"\n<p>Antalya\u2019n\u0131n Manavgat \u0130l\u00e7esinde 1-3 Kas\u0131m tarihleri aras\u0131nda Manavgat Belediyesi taraf\u0131ndan, ilk kez d\u00fczenlenecek olan \u201cZeytin ve Zeytinya\u011f\u0131\u201d festivali bug\u00fcn ba\u015flad\u0131. Manavgat Belediye Ba\u015fkan\u0131 Dr. Niyazi Nefi Kara festival \u00f6ncesi bas\u0131n mensuplar\u0131yla Manavgat&#8217;ta bir araya gelerek festivali program\u0131n\u0131 ve zeytincilik konusundaki hedeflerini payla\u015ft\u0131.<\/p>\n\n\n\n<p><strong>\u201cMANAVGAT&#8217;IN \u00c7OK KAL\u0130TEL\u0130 ZEYT\u0130N\u0130 VAR\u201d<\/strong><\/p>\n\n\n\n<p>Manavgat Belediye Ba\u015fkan\u0131 Dr. Niyazi Nefi Kara, tarihi 500-700 y\u0131l ve \u00f6ncesine dayanan Manavgat b\u00f6lgesindeki zeytinleri kamuoyuna tan\u0131tmak ve sekt\u00f6r\u00fcn katma de\u011ferini art\u0131rmak amac\u0131yla festivali d\u00fczenlediklerini belirtti.Ba\u015fkan Kara toplant\u0131da&nbsp; \u201cZeytin ve zeytinya\u011f\u0131 \u00fcreticisinin sorunlar\u0131n\u0131 masaya yat\u0131rmak, ihtiya\u00e7lar\u0131n\u0131 daha iyi anlamak, g\u00fcc\u00fcm\u00fcz\u00fcn yetti\u011fince de sekt\u00f6r\u00fc desteklemek istiyoruz \u201c dedi.<\/p>\n\n\n\n<p>Manavgat\u2019\u0131n, iklim ve toprak yap\u0131s\u0131 nedeniyle zeytin yeti\u015ftiricili\u011fi a\u00e7\u0131s\u0131ndan olduk\u00e7a zengin bir b\u00f6lge oldu\u011funu s\u00f6yleyen Kara: \u201c\u0130l\u00e7emizde \u015fu an \u00fcretim alan\u0131 50 bin d\u00f6n\u00fcme yay\u0131lm\u0131\u015f durumda. Tahmini 2 milyon zeytin a\u011fac\u0131ndan y\u0131lda yakla\u015f\u0131k 50 bin ton zeytin elde ediliyor. Ayr\u0131ca b\u00f6lgede faaliyet g\u00f6stere 11 adet zeytinya\u011f\u0131 fabrikas\u0131nda y\u0131lda yakla\u015f\u0131k 9-10 bin ton zeytinya\u011f\u0131 \u00fcretiliyor. Yani kamuoyunda \u00e7ok bilinmese de Manavgat \u00e7ok kaliteli zeytinleri olan \u00f6nemli bir zeytin \u015fehridir\u201d dedi<strong>.<\/strong><\/p>\n\n\n\n<p><strong>MANAVGAT\u2019IN Y\u00d6REYE HAS ZEYT\u0130N \u00c7E\u015e\u0130D\u0130 \u201cBEYL\u0130K ZEYT\u0130N\u0130\u201d<\/strong><\/p>\n\n\n\n<p>Hemen her \u00e7e\u015fit zeytin t\u00fcr\u00fcn\u00fcn yeti\u015fti\u011fi b\u00f6lge toplam 11 \u00e7e\u015fit zeytin t\u00fcr\u00fcne ev sahipli\u011fe yap\u0131yor. B\u00f6lgede kalamata, memecik, ayval\u0131k, tar\u0131 ak, domat, manzalya, arbek\u00fcn, girit, gemlik ve Antalya\u2019 b\u00f6lgesinde co\u011frafi i\u015fareti al\u0131nm\u0131\u015f tav\u015fan y\u00fcre\u011fi ile yaln\u0131zca Manavgat\u2019a ait beylik zeytini yeti\u015fiyor. Beylik zeytini b\u00f6lgeye \u00f6zg\u00fc, iri taneli, dolgun bir t\u00fcr. Konuyla ilgili olarak Ba\u015fkan Kara, \u201cB\u00f6lgeye has \u2018beylik\u2019 zeytinimiz i\u00e7in co\u011frafi i\u015faret al\u0131nmas\u0131yla ilgili \u00e7al\u0131\u015fmalara k\u0131sa zamanda ba\u015flayarak bu konuya \u00f6ncelikle edece\u011fiz\u201d dedi.<\/p>\n\n\n\n<p><strong>\u201cZEYT\u0130N BARI\u015eIN S\u0130MGES\u0130D\u0130R VE M\u0130LL\u0130 B\u0130R MESELED\u0130R\u201d<\/strong><\/p>\n\n\n\n<p>Ba\u015fkan Kara toplant\u0131da zeytinin milli bir mesele oldu\u011funu ifade ederek, \u201cZeytinin en g\u00fczel taraf\u0131: zeytin bar\u0131\u015f demektir. \u00d6zellikle bu d\u00f6nemde zeytinin b\u00fct\u00fcn insanl\u0131\u011f\u0131n bar\u0131\u015f simgesi olarak kullan\u0131lmas\u0131, zeytinin ba\u015fkenti Anadolu i\u00e7in ayr\u0131 bir anlam ta\u015f\u0131yor. Bar\u0131\u015f ve sa\u011fl\u0131k i\u00e7in zeytinya\u011f\u0131na sahip \u00e7\u0131kmam\u0131z gerekiyor. Zeytin hem \u00fclkemiz hem de il\u00e7emiz tar\u0131m k\u00fclt\u00fcr\u00fcn\u00fcn \u00f6nemli bir par\u00e7as\u0131d\u0131r ve&nbsp; \u00f6nemli bir ekonomik de\u011fere sahiptir. Zeytin a\u011fa\u00e7lar\u0131 tarihsel olarak k\u00fclt\u00fcr\u00fcm\u00fcz\u00fc ifade eder. 500-600 Ya\u015f\u0131ndaki a\u011fa\u00e7lar\u0131m\u0131zla Manavgat bu tarihi k\u00fclt\u00fcr simgemizin \u00f6nemli temsilcilerinden biridir\u201d dedi.<\/p>\n\n\n\n<p>Ba\u015fkan Dr Niyazi Nefi Kara s\u00f6zlerine \u015f\u00f6yle devam etti, \u201c\u00dclkemiz, d\u00fcnya genelinde en b\u00fcy\u00fck zeytin \u00fcreticilerinden biridir ve zeytin, hem i\u00e7 t\u00fcketim hem de ihracat a\u00e7\u0131s\u0131ndan stratejik bir \u00fcr\u00fcnd\u00fcr. Bu nedenle zeytinle ilgili politikalar, tar\u0131m destekleri ve \u00fcretim y\u00f6ntemleri ve bug\u00fcn burada yapt\u0131\u011f\u0131m\u0131z tan\u0131t\u0131m gibi konular\u0131n tamam\u0131, milli bir mesele olarak ele al\u0131n\u0131r.&nbsp; Ben de zeytin konusuna milli bir mesele olarak bak\u0131yorum. Bu manada&nbsp; zeytinliklerin korunmas\u0131 ve s\u00fcrd\u00fcr\u00fclebilir tar\u0131m uygulamalar\u0131, \u00e7evresel ve k\u00fclt\u00fcrel miras a\u00e7\u0131s\u0131ndan b\u00fcy\u00fck \u00f6neme sahiptir.&nbsp; Ben Manavgat Belediye Ba\u015fkan\u0131 olarak, g\u00f6rev yapt\u0131\u011f\u0131m s\u00fcre boyunca zeytinliklerimizin korunmas\u0131, zeytin \u00fcreticisinin desteklenmesi ve zeytinya\u011f\u0131 end\u00fcstrimizin geli\u015ferek katma de\u011ferinin art\u0131r\u0131lmas\u0131 konusunda, \u00fczerime d\u00fc\u015fen her\u015feyi yapaca\u011f\u0131m. \u00c7\u00fcnk\u00fc zeytin a\u011fa\u00e7lar\u0131m\u0131z\u0131n korunmas\u0131, \u00fcretimin geni\u015flemesi ve sekt\u00f6r\u00fcn desteklenmesi sadece ekonomik bir de\u011fer de\u011fil ayn\u0131 zamanda tarihi bir sorumlulu\u011fumuzdur.<\/p>\n\n\n\n<p><strong>DOKTOR BA\u015eKAN: \u201c SA\u011eLIKLI YA\u015eAMAK \u0130\u00c7\u0130N MUTLAKA ZEYT\u0130NYA\u011eI T\u00dcKET\u0130LMEL\u0130\u201d<\/strong><\/p>\n\n\n\n<p>Belediye Ba\u015fkan\u0131 Dr. Niyazi Nefi Kara, festival vesilesiyle zeytin ve zeytinya\u011f\u0131n\u0131n sa\u011fl\u0131k a\u00e7\u0131s\u0131ndan bir\u00e7ok faydas\u0131n\u0131n da alt\u0131n\u0131 \u00e7izdi. Ba\u015fkan Kara: \u201cBizim ku\u015faklar hat\u0131rlar, \u00e7ocuklu\u011fumuzda zeytinya\u011fl\u0131 yiyemem aman diye t\u00fcrk\u00fcler vard\u0131. Zeytinya\u011f\u0131 ne kadar faydal\u0131 diye tart\u0131\u015f\u0131lmazd\u0131 bile, neredeyse \u00f6telenirdi. Son y\u0131llarda biz hekimler olarak zeytinya\u011f\u0131n\u0131 \u00f6n plana \u00e7\u0131kard\u0131k. Sa\u011fl\u0131kl\u0131 ya\u015famak i\u00e7in mutlaka zeytinya\u011f\u0131 t\u00fcketilmeli. Toplumun \u00e7o\u011funun bildi\u011fi gibi zeytinya\u011f\u0131 \u00e7ok faydal\u0131. Antioksidan \u00f6zellikleri, kalp sa\u011fl\u0131\u011f\u0131n\u0131z\u0131 destekler ve sindirim sistemine yard\u0131mc\u0131 olur. Beyin sa\u011fl\u0131\u011f\u0131na ve cilde de \u00e7ok iyi gelen zeytinya\u011f\u0131 b\u00f6lgemizde kolay ula\u015f\u0131labilir ve di\u011fer b\u00f6lgelere g\u00f6re daha ekonomik. Ben bu festival vesilesiyle, bir hekim olarak zeytin ve zeytinya\u011f\u0131 t\u00fcketmenin \u00f6nemine ayr\u0131ca dikkat \u00e7ekmek istiyorum\u201d dedi.<\/p>\n\n\n\n<p><strong>ZENG\u0130N PROGRAMI OLAN FEST\u0130VAL, 1-3 KASIM\u2019DA MANAVGAT AKM&#8217;DE GER\u00c7EKLE\u015eECEK<\/strong><\/p>\n\n\n\n<p>Manavgat Zeytin ve Zeytinya\u011f\u0131 Festival\u2019i 1 Kas\u0131m Cuma g\u00fcn\u00fc Manavgat Cumhuriyet Meydan\u0131\u2019ndan saat 10\u2019da ba\u015flayacak kortejle start verecek ve Manavgat Atat\u00fcrk K\u00fclt\u00fcr Merkezi \u00f6n\u00fcnde 10:30&#8217;da&nbsp; a\u00e7\u0131l\u0131\u015f t\u00f6reni ger\u00e7ekle\u015fecek&nbsp; Festival 3 g\u00fcn boyunca \u00e7e\u015fitli etkinliklere sahne olacak.<\/p>\n\n\n\n<p>Festival Saat 12:00-14:00 aras\u0131 \u00fcnl\u00fc televizyoncu Ezgi G\u00f6zeger\u2019le \u201cZeytin Tad\u0131m\u0131\u201d etkinli\u011fi ile devam edecek. Etkinlikte Manavgat merkezde bulunan Sara\u00e7l\u0131 Mahallesinde b\u00f6lgenin en ya\u015fl\u0131 zeytin a\u011fa\u00e7lar\u0131 ziyaret edilecek. Konuklarla beraber zeytin ve zeytinya\u011f\u0131 tad\u0131m\u0131 ger\u00e7ekle\u015fecek. Ayn\u0131 zamanda b\u00f6lgedeki zeytinya\u011f\u0131 \u00fcretim merkezi ziyaret edilerek zeytinya\u011f\u0131 s\u0131k\u0131m i\u015flemi de deneyimlenecek.<\/p>\n\n\n\n<p>Ayn\u0131 g\u00fcn AKM salonunda tar\u0131m yazar\u0131 Mine Ataman moderat\u00f6rl\u00fc\u011f\u00fcnde akademisyen ve \u00fcretici konu\u015fmac\u0131lar\u0131n yer alaca\u011f\u0131 \u201c\u00c7al\u0131\u015ftay\u201d yap\u0131lacak. \u00c7al\u0131\u015ftay saat 11:00-16:00 aras\u0131nda zeytin konusunda uzman akademisyenlerin kat\u0131l\u0131m\u0131yla ger\u00e7ekle\u015fecek. \u00c7al\u0131\u015ftayda zeytin ve zeytinya\u011f\u0131n\u0131n beslenmedeki \u00f6nemi, zeytin yeti\u015ftiricili\u011fi, co\u011frafi i\u015faret ve markala\u015fma, zeytinya\u011f\u0131 \u00fcreticilerinin sorunlar\u0131 ve zeytinya\u011f\u0131n\u0131n gastronomideki yeri gibi konular uzmanlar taraf\u0131ndan konu\u015fulacak.<\/p>\n\n\n\n<p>Festivalin 2. g\u00fcn\u00fc olan 2 Kas\u0131m tarihinde ise saat 11:00 &#8211; 14:00 aras\u0131 \u00fcnl\u00fc gazeteci Meliha Okur\u2019un moderat\u00f6rl\u00fc\u011f\u00fcnde &#8220;Zeytin ve Zeytinya\u011f\u0131&#8221; konulu &#8216;Forum&#8217; d\u00fczenlenecek. Forumda \u00fcnl\u00fc tar\u0131m yazar\u0131 konu\u011fu Ali Ekber Y\u0131ld\u0131r\u0131m konu\u015fmac\u0131 olacak. Y\u0131ld\u0131r\u0131m sekt\u00f6rdeki \u00fcretim, i\u015fg\u00fcc\u00fc, pazar ve ihracat konular\u0131na de\u011finirken, b\u00f6lgedeki \u00fcreticiler ise Manavgat \u00f6zelinde sekt\u00f6r\u00fc de\u011ferlendirecek.<\/p>\n\n\n\n<p>3 G\u00fcn s\u00fcrecek festivalde Manavgat y\u00f6resine ait zeytin ve zeytinya\u011flar\u0131n\u0131n sergilenece\u011fi festival \u00e7ar\u015f\u0131s\u0131 ise 1-3 Kas\u0131m tarihleri aras\u0131nda Manavgat K\u00fclt\u00fcr Merkezi \u00f6n\u00fcnde vatanda\u015flar\u0131n ziyaretine a\u00e7\u0131k olacak.<\/p>\n","protected":false},"excerpt":{"rendered":"<p>Antalya\u2019n\u0131n Manavgat \u0130l\u00e7esinde 1-3 Kas\u0131m tarihleri aras\u0131nda Manavgat Belediyesi taraf\u0131ndan, ilk kez d\u00fczenlenecek olan \u201cZeytin ve Zeytinya\u011f\u0131\u201d festivali bug\u00fcn ba\u015flad\u0131. Manavgat Belediye Ba\u015fkan\u0131 Dr. Niyazi <a href=\"https:\/\/akdenizhaber.com.tr\/index.php\/2024\/11\/01\/manavgat-zeytin-ve-zeytinyagi-festivali-bugun-basladi\/\" class=\"read-more-link\">[more&#8230;]<\/a><\/p>\n","protected":false},"author":2,"featured_media":26345,"comment_status":"open","ping_status":"open","sticky":false,"template":"","format":"standard","meta":{"footnotes":""},"categories":[2],"tags":[],"class_list":["post-26344","post","type-post","status-publish","format-standard","has-post-thumbnail","hentry","category-gundem"],"_links":{"self":[{"href":"https:\/\/akdenizhaber.com.tr\/index.php\/wp-json\/wp\/v2\/posts\/26344","targetHints":{"allow":["GET"]}}],"collection":[{"href":"https:\/\/akdenizhaber.com.tr\/index.php\/wp-json\/wp\/v2\/posts"}],"about":[{"href":"https:\/\/akdenizhaber.com.tr\/index.php\/wp-json\/wp\/v2\/types\/post"}],"author":[{"embeddable":true,"href":"https:\/\/akdenizhaber.com.tr\/index.php\/wp-json\/wp\/v2\/users\/2"}],"replies":[{"embeddable":true,"href":"https:\/\/akdenizhaber.com.tr\/index.php\/wp-json\/wp\/v2\/comments?post=26344"}],"version-history":[{"count":1,"href":"https:\/\/akdenizhaber.com.tr\/index.php\/wp-json\/wp\/v2\/posts\/26344\/revisions"}],"predecessor-version":[{"id":26346,"href":"https:\/\/akdenizhaber.com.tr\/index.php\/wp-json\/wp\/v2\/posts\/26344\/revisions\/26346"}],"wp:featuredmedia":[{"embeddable":true,"href":"https:\/\/akdenizhaber.com.tr\/index.php\/wp-json\/wp\/v2\/media\/26345"}],"wp:attachment":[{"href":"https:\/\/akdenizhaber.com.tr\/index.php\/wp-json\/wp\/v2\/media?parent=26344"}],"wp:term":[{"taxonomy":"category","embeddable":true,"href":"https:\/\/akdenizhaber.com.tr\/index.php\/wp-json\/wp\/v2\/categories?post=26344"},{"taxonomy":"post_tag","embeddable":true,"href":"https:\/\/akdenizhaber.com.tr\/index.php\/wp-json\/wp\/v2\/tags?post=26344"}],"curies":[{"name":"wp","href":"https:\/\/api.w.org\/{rel}","templated":true}]}}