{"id":26341,"date":"2024-11-01T10:58:30","date_gmt":"2024-11-01T07:58:30","guid":{"rendered":"https:\/\/akdenizhaber.com.tr\/?p=26341"},"modified":"2024-11-01T11:13:40","modified_gmt":"2024-11-01T08:13:40","slug":"zeytin-ve-yer-fistigi-fiyatlari-dipte-baskan-metinden-yetkililere-cagri","status":"publish","type":"post","link":"https:\/\/akdenizhaber.com.tr\/index.php\/2024\/11\/01\/zeytin-ve-yer-fistigi-fiyatlari-dipte-baskan-metinden-yetkililere-cagri\/","title":{"rendered":"ZEYT\u0130N VE YER FISTI\u011eI F\u0130YATLARI D\u0130PTE: BA\u015eKAN MET\u0130N&#8217;DEN YETK\u0130L\u0130LERE \u00c7A\u011eRI"},"content":{"rendered":"\n<p>Manavgat\u2019ta zeytin ve yer f\u0131st\u0131\u011f\u0131 \u00fcreticileri, bu y\u0131l ya\u015fanan fiyat d\u00fc\u015f\u00fc\u015fleriyle b\u00fcy\u00fck zorluklar ya\u015f\u0131yor. Ziraat Odas\u0131 Ba\u015fkan\u0131 Metin, yapt\u0131\u011f\u0131 a\u00e7\u0131klamada, \u00f6zellikle yer f\u0131st\u0131\u011f\u0131 fiyatlar\u0131n\u0131n ge\u00e7en y\u0131la g\u00f6re neredeyse yar\u0131 yar\u0131ya d\u00fc\u015ft\u00fc\u011f\u00fcn\u00fc belirterek, \u00fcreticilerin b\u00fcy\u00fck zarara u\u011frad\u0131\u011f\u0131n\u0131 ifade etti.<\/p>\n\n\n\n<p>Rasim Metin, \u201cGe\u00e7en y\u0131l 45-50 lira hatta 55 liraya kadar sat\u0131lan yer f\u0131st\u0131\u011f\u0131, bu y\u0131l 25-29 lira aras\u0131nda al\u0131c\u0131 buluyor. Bu durum, \u00fcreticilerimizi y\u00fczde 40-45 oran\u0131nda zarara sokuyor. Halbuki mazot, g\u00fcbre ve ila\u00e7 gibi girdi maliyetleri y\u00fczde 40-50 oran\u0131nda artm\u0131\u015f durumda. Bu durum hem \u00fcreticiyi hem de bizi \u00fcretici temsilcisi olarak \u00fcz\u00fcyor.\u201d dedi.<\/p>\n\n\n\n<p>ZEYT\u0130NDE DE BENZER DURUM<\/p>\n\n\n\n<p>Sadece yer f\u0131st\u0131\u011f\u0131 de\u011fil, zeytin fiyatlar\u0131nda da benzer bir d\u00fc\u015f\u00fc\u015f ya\u015fan\u0131yor. Ge\u00e7en y\u0131l 45-50 liraya sat\u0131lan sofral\u0131k zeytin, bu y\u0131l 25-30 lira aras\u0131nda al\u0131c\u0131 buluyor. Ba\u015fkan Metin, devletin bu konuda bir \u00e7\u00f6z\u00fcm bulmas\u0131n\u0131 bekledi\u011fini s\u00f6yledi.<\/p>\n\n\n\n<p>DEVLETTEN DESTEK TALEB\u0130<\/p>\n\n\n\n<p>Metin, yapt\u0131\u011f\u0131 a\u00e7\u0131klamada, h\u00fck\u00fcmetten \u00fcreticilere daha fazla destek verilmesini talep etti. \u00d6zellikle ya\u011fl\u0131 tohumlarda, yani hem yer f\u0131st\u0131\u011f\u0131nda hem de zeytinde, verilen deste\u011fin art\u0131r\u0131lmas\u0131n\u0131 istedi. Metin, \u201c\u00dcreticilerimiz ma\u011fdur durumda. Onlar\u0131n bu zor g\u00fcnlerinde devletimizin destek olmas\u0131 gerekiyor.\u201d \u015feklinde konu\u015ftu.<\/p>\n\n\n\n<p>PAZAR SORUNU VE T\u00dcCCARIN EL\u0130NDE KALMA<\/p>\n\n\n\n<p>Ba\u015fkan Metin, ya\u015fanan fiyat d\u00fc\u015f\u00fc\u015f\u00fcn\u00fcn temel nedenlerinden birinin pazar sorunu oldu\u011funu belirtti. \u00dcreticilerin \u00fcr\u00fcnlerini t\u00fcccarlara ba\u011f\u0131ml\u0131 olarak satmak zorunda kald\u0131\u011f\u0131n\u0131 ve bu durumun fiyatlar\u0131n d\u00fc\u015fmesine neden oldu\u011funu ifade etti.<\/p>\n\n\n\n<p>\u00dcRET\u0130C\u0130LERE TAVS\u0130YE<\/p>\n\n\n\n<p>Metin, \u00fcreticilere de seslenerek, imkan\u0131 olanlar\u0131n \u00fcr\u00fcnlerini biraz daha bekleterek daha iyi fiyatlar almalar\u0131n\u0131 \u00f6nerdi. Metin, \u201c20-25 liraya f\u0131st\u0131k satmak \u00fcreticinin belini k\u0131rar. Biraz daha sab\u0131rl\u0131 olmalar\u0131n\u0131 rica ediyorum.\u201d dedi.<\/p>\n","protected":false},"excerpt":{"rendered":"<p>Manavgat\u2019ta zeytin ve yer f\u0131st\u0131\u011f\u0131 \u00fcreticileri, bu y\u0131l ya\u015fanan fiyat d\u00fc\u015f\u00fc\u015fleriyle b\u00fcy\u00fck zorluklar ya\u015f\u0131yor. Ziraat Odas\u0131 Ba\u015fkan\u0131 Metin, yapt\u0131\u011f\u0131 a\u00e7\u0131klamada, \u00f6zellikle yer f\u0131st\u0131\u011f\u0131 fiyatlar\u0131n\u0131n ge\u00e7en <a href=\"https:\/\/akdenizhaber.com.tr\/index.php\/2024\/11\/01\/zeytin-ve-yer-fistigi-fiyatlari-dipte-baskan-metinden-yetkililere-cagri\/\" class=\"read-more-link\">[more&#8230;]<\/a><\/p>\n","protected":false},"author":2,"featured_media":26342,"comment_status":"open","ping_status":"open","sticky":false,"template":"","format":"standard","meta":{"footnotes":""},"categories":[2],"tags":[],"class_list":["post-26341","post","type-post","status-publish","format-standard","has-post-thumbnail","hentry","category-gundem"],"_links":{"self":[{"href":"https:\/\/akdenizhaber.com.tr\/index.php\/wp-json\/wp\/v2\/posts\/26341","targetHints":{"allow":["GET"]}}],"collection":[{"href":"https:\/\/akdenizhaber.com.tr\/index.php\/wp-json\/wp\/v2\/posts"}],"about":[{"href":"https:\/\/akdenizhaber.com.tr\/index.php\/wp-json\/wp\/v2\/types\/post"}],"author":[{"embeddable":true,"href":"https:\/\/akdenizhaber.com.tr\/index.php\/wp-json\/wp\/v2\/users\/2"}],"replies":[{"embeddable":true,"href":"https:\/\/akdenizhaber.com.tr\/index.php\/wp-json\/wp\/v2\/comments?post=26341"}],"version-history":[{"count":1,"href":"https:\/\/akdenizhaber.com.tr\/index.php\/wp-json\/wp\/v2\/posts\/26341\/revisions"}],"predecessor-version":[{"id":26343,"href":"https:\/\/akdenizhaber.com.tr\/index.php\/wp-json\/wp\/v2\/posts\/26341\/revisions\/26343"}],"wp:featuredmedia":[{"embeddable":true,"href":"https:\/\/akdenizhaber.com.tr\/index.php\/wp-json\/wp\/v2\/media\/26342"}],"wp:attachment":[{"href":"https:\/\/akdenizhaber.com.tr\/index.php\/wp-json\/wp\/v2\/media?parent=26341"}],"wp:term":[{"taxonomy":"category","embeddable":true,"href":"https:\/\/akdenizhaber.com.tr\/index.php\/wp-json\/wp\/v2\/categories?post=26341"},{"taxonomy":"post_tag","embeddable":true,"href":"https:\/\/akdenizhaber.com.tr\/index.php\/wp-json\/wp\/v2\/tags?post=26341"}],"curies":[{"name":"wp","href":"https:\/\/api.w.org\/{rel}","templated":true}]}}