{"id":26330,"date":"2024-11-01T09:36:49","date_gmt":"2024-11-01T06:36:49","guid":{"rendered":"https:\/\/akdenizhaber.com.tr\/?p=26330"},"modified":"2024-11-01T09:48:39","modified_gmt":"2024-11-01T06:48:39","slug":"tgf-11-genel-kurulu-manavgatta-yapilacak","status":"publish","type":"post","link":"https:\/\/akdenizhaber.com.tr\/index.php\/2024\/11\/01\/tgf-11-genel-kurulu-manavgatta-yapilacak\/","title":{"rendered":"TGF 11. GENEL KURULU MANAVGAT\u2019TA YAPILACAK"},"content":{"rendered":"\n<p>T\u00fcrkiye Gazeteciler Federasyonu (TGF) 11\u2019inci Genel Kurulu 1-3 Kas\u0131m tarihlerinde Manavgat\u2019ta Titreyeng\u00f6l Mega Saray Otel\u2019de ger\u00e7ekle\u015ftirilecek.<\/p>\n\n\n\n<p>20 bin \u00fcyesi bulunan T\u00fcrkiye\u2019nin en b\u00fcy\u00fck bas\u0131n meslek \u00f6rg\u00fct\u00fc olan T\u00fcrkiye Gazeteciler Federasyonu\u2019nun Genel Kurulu\u2019na 150\u2019ye yak\u0131n delege kat\u0131lacak.<\/p>\n\n\n\n<p>Manavgat Gazeteciler ve Yazarlar Cemiyeti\u2019nin ev sahipli\u011findeki genel kurul, Manavgat\u2019taki Megasaray Resort Side Hoteli\u2019nde yap\u0131lacak.<\/p>\n\n\n\n<p>YILMAZ KARACA; G\u00dc\u00c7LENEREK YOLUMUZA DEVAM ED\u0130YORUZ<\/p>\n\n\n\n<p>T\u00fcrkiye Gazeteciler Federasyonu Genel Ba\u015fkan\u0131 Y\u0131lmaz Karaca, genel kurul ile ilgili olarak \u015funlar\u0131 dile getirdi;<\/p>\n\n\n\n<p>\u201cAnadolu bas\u0131n\u0131n\u0131n sorunlar\u0131n\u0131 \u00e7\u00f6zmek i\u00e7in gecemizi g\u00fcnd\u00fcz\u00fcm\u00fcze katarak \u00e7al\u0131\u015f\u0131yoruz. 3 y\u0131ll\u0131k d\u00f6nemde pandemiye, 6 \u015eubat depremine, ekonomik krizlere ra\u011fmen Anadolu bas\u0131n\u0131n\u0131n yan\u0131nda olduk. Mesle\u011fimizin ve meslekta\u015flar\u0131m\u0131z\u0131n sorunlar\u0131n\u0131 \u00e7\u00f6zmek i\u00e7in T\u00fcrkiye\u2019nin her b\u00f6lgesinde \u00e7al\u0131\u015fmalar yapt\u0131k. T\u00fcm bunlar\u0131 yaparken kurulu\u015f olarak her g\u00fcn daha fazla geli\u015fmeyi ve b\u00fcy\u00fcmeyi hedefledik. Yeni kat\u0131l\u0131mlarla g\u00fc\u00e7lenerek yolumuza ve m\u00fccadelemize devam edece\u011fiz.\u201d<\/p>\n\n\n\n<p>TGF Genel Ba\u015fkan\u0131 Y\u0131lmaz Karaca, genel kurula ev sahipli\u011fi yapan Manavgat Gazeteciler ve Yazarlar Cemiyeti Ba\u015fkan\u0131 H\u00fcseyin Avni Gelendost ve y\u00f6netimine te\u015fekk\u00fcr etti.<\/p>\n\n\n\n<p>Manavgat Gazeteciler ve Yazarlar Cemiyeti Ba\u015fkan\u0131 H\u00fcseyin Avni Gelendost da T\u00fcrkiye\u2019nin d\u00f6rt bir yan\u0131ndan gazetecileri a\u011f\u0131rlamaktan mutluluk duyacaklar\u0131n\u0131 s\u00f6yledi.<\/p>\n","protected":false},"excerpt":{"rendered":"<p>T\u00fcrkiye Gazeteciler Federasyonu (TGF) 11\u2019inci Genel Kurulu 1-3 Kas\u0131m tarihlerinde Manavgat\u2019ta Titreyeng\u00f6l Mega Saray Otel\u2019de ger\u00e7ekle\u015ftirilecek. 20 bin \u00fcyesi bulunan T\u00fcrkiye\u2019nin en b\u00fcy\u00fck bas\u0131n meslek <a href=\"https:\/\/akdenizhaber.com.tr\/index.php\/2024\/11\/01\/tgf-11-genel-kurulu-manavgatta-yapilacak\/\" class=\"read-more-link\">[more&#8230;]<\/a><\/p>\n","protected":false},"author":2,"featured_media":26331,"comment_status":"open","ping_status":"open","sticky":false,"template":"","format":"standard","meta":{"footnotes":""},"categories":[2],"tags":[],"class_list":["post-26330","post","type-post","status-publish","format-standard","has-post-thumbnail","hentry","category-gundem"],"_links":{"self":[{"href":"https:\/\/akdenizhaber.com.tr\/index.php\/wp-json\/wp\/v2\/posts\/26330","targetHints":{"allow":["GET"]}}],"collection":[{"href":"https:\/\/akdenizhaber.com.tr\/index.php\/wp-json\/wp\/v2\/posts"}],"about":[{"href":"https:\/\/akdenizhaber.com.tr\/index.php\/wp-json\/wp\/v2\/types\/post"}],"author":[{"embeddable":true,"href":"https:\/\/akdenizhaber.com.tr\/index.php\/wp-json\/wp\/v2\/users\/2"}],"replies":[{"embeddable":true,"href":"https:\/\/akdenizhaber.com.tr\/index.php\/wp-json\/wp\/v2\/comments?post=26330"}],"version-history":[{"count":1,"href":"https:\/\/akdenizhaber.com.tr\/index.php\/wp-json\/wp\/v2\/posts\/26330\/revisions"}],"predecessor-version":[{"id":26332,"href":"https:\/\/akdenizhaber.com.tr\/index.php\/wp-json\/wp\/v2\/posts\/26330\/revisions\/26332"}],"wp:featuredmedia":[{"embeddable":true,"href":"https:\/\/akdenizhaber.com.tr\/index.php\/wp-json\/wp\/v2\/media\/26331"}],"wp:attachment":[{"href":"https:\/\/akdenizhaber.com.tr\/index.php\/wp-json\/wp\/v2\/media?parent=26330"}],"wp:term":[{"taxonomy":"category","embeddable":true,"href":"https:\/\/akdenizhaber.com.tr\/index.php\/wp-json\/wp\/v2\/categories?post=26330"},{"taxonomy":"post_tag","embeddable":true,"href":"https:\/\/akdenizhaber.com.tr\/index.php\/wp-json\/wp\/v2\/tags?post=26330"}],"curies":[{"name":"wp","href":"https:\/\/api.w.org\/{rel}","templated":true}]}}