{"id":26316,"date":"2024-10-28T16:05:50","date_gmt":"2024-10-28T13:05:50","guid":{"rendered":"https:\/\/akdenizhaber.com.tr\/?p=26316"},"modified":"2024-10-28T16:05:50","modified_gmt":"2024-10-28T13:05:50","slug":"tgf-manavgati-tercih-etti","status":"publish","type":"post","link":"https:\/\/akdenizhaber.com.tr\/index.php\/2024\/10\/28\/tgf-manavgati-tercih-etti\/","title":{"rendered":"TGF Manavgat\u2019\u0131 Tercih Etti"},"content":{"rendered":"\n<p>K\u0131sa ad\u0131 TGF olan T\u00fcrkiye Gazeteciler Federasyonunun 11. B\u00fcy\u00fck kongresi 1-3 Kas\u0131m 2024 tarihleri aras\u0131nda il\u00e7emiz Titreyeng\u00f6l Mega Saray Otel\u2019de yap\u0131lacak.<\/p>\n\n\n\n<p>T\u00fcrkiye\u2019nin en b\u00fcy\u00fck bas\u0131n kurulu\u015fu olan T\u00fcrkiye Gazeteciler Federasyonunun 11. B\u00fcy\u00fck kongresini Manavgat\u2019ta yapmay\u0131 tercih etmesi Manavgat Gazeteciler ve Yazarlar Cemiyeti taraf\u0131ndan olumlu kar\u015f\u0131land\u0131.<\/p>\n\n\n\n<p>T\u00fcrkiye Gazeteciler Federasyonunun T\u00fcrkiye ve Yurt d\u0131\u015f\u0131ndan tam 88 Gazeteciler Cemiyeti ve Derne\u011fi ile birlikte yirmi bine yak\u0131n \u00fcyesi bulunuyor.<\/p>\n\n\n\n<p>Manavgat Gazeteciler ve Yazarlar Cemiyetinin ev sahipli\u011finde yap\u0131lacak olan 11. Ola\u011fan genel kuruluna Manavgat Belediyesi ve Ba\u015fkan\u0131 Dr. Niyazi Nefi Kara\u2019da destek sa\u011fl\u0131yor.<\/p>\n\n\n\n<p>T\u00fcrkiye genelindeki Gazeteciler Cemiyet ba\u015fkanlar\u0131 ve delegelerin yan\u0131 s\u0131ra K\u0131br\u0131s T\u00fcrk Cumhuriyeti ile Azerbaycan\u2019dan gazeteciler Manavgat\u2019ta konuk olacaklar.<\/p>\n\n\n\n<p>\u00dc\u00e7 g\u00fcn s\u00fcrecek olan T\u00fcrkiye Gazeteciler Federasyonu genel kuruluna gazetecilerin yan\u0131 s\u0131ra siyasi partilerin temsilcileri, \u00fcst d\u00fczey protokol ve \u00e7ok say\u0131da davetlinin kat\u0131lmas\u0131 bekleniyor.<\/p>\n\n\n\n<p>Kongre s\u00fcrecinde gazetecilerin Manavgat\u2019la ilgili bilgi edinmesinin yan\u0131 s\u0131ra baz\u0131 etkinliklerle birlikte Manavgat\u2019\u0131 gezme ve tan\u0131ma f\u0131rsat\u0131n\u0131 da elde etmi\u015f olacaklar.<\/p>\n\n\n\n<p>B\u00fc\u015fra Deveci \/ Haber<\/p>\n","protected":false},"excerpt":{"rendered":"<p>K\u0131sa ad\u0131 TGF olan T\u00fcrkiye Gazeteciler Federasyonunun 11. B\u00fcy\u00fck kongresi 1-3 Kas\u0131m 2024 tarihleri aras\u0131nda il\u00e7emiz Titreyeng\u00f6l Mega Saray Otel\u2019de yap\u0131lacak. T\u00fcrkiye\u2019nin en b\u00fcy\u00fck bas\u0131n <a href=\"https:\/\/akdenizhaber.com.tr\/index.php\/2024\/10\/28\/tgf-manavgati-tercih-etti\/\" class=\"read-more-link\">[more&#8230;]<\/a><\/p>\n","protected":false},"author":2,"featured_media":26317,"comment_status":"open","ping_status":"open","sticky":false,"template":"","format":"standard","meta":{"footnotes":""},"categories":[2],"tags":[],"class_list":["post-26316","post","type-post","status-publish","format-standard","has-post-thumbnail","hentry","category-gundem"],"_links":{"self":[{"href":"https:\/\/akdenizhaber.com.tr\/index.php\/wp-json\/wp\/v2\/posts\/26316","targetHints":{"allow":["GET"]}}],"collection":[{"href":"https:\/\/akdenizhaber.com.tr\/index.php\/wp-json\/wp\/v2\/posts"}],"about":[{"href":"https:\/\/akdenizhaber.com.tr\/index.php\/wp-json\/wp\/v2\/types\/post"}],"author":[{"embeddable":true,"href":"https:\/\/akdenizhaber.com.tr\/index.php\/wp-json\/wp\/v2\/users\/2"}],"replies":[{"embeddable":true,"href":"https:\/\/akdenizhaber.com.tr\/index.php\/wp-json\/wp\/v2\/comments?post=26316"}],"version-history":[{"count":1,"href":"https:\/\/akdenizhaber.com.tr\/index.php\/wp-json\/wp\/v2\/posts\/26316\/revisions"}],"predecessor-version":[{"id":26318,"href":"https:\/\/akdenizhaber.com.tr\/index.php\/wp-json\/wp\/v2\/posts\/26316\/revisions\/26318"}],"wp:featuredmedia":[{"embeddable":true,"href":"https:\/\/akdenizhaber.com.tr\/index.php\/wp-json\/wp\/v2\/media\/26317"}],"wp:attachment":[{"href":"https:\/\/akdenizhaber.com.tr\/index.php\/wp-json\/wp\/v2\/media?parent=26316"}],"wp:term":[{"taxonomy":"category","embeddable":true,"href":"https:\/\/akdenizhaber.com.tr\/index.php\/wp-json\/wp\/v2\/categories?post=26316"},{"taxonomy":"post_tag","embeddable":true,"href":"https:\/\/akdenizhaber.com.tr\/index.php\/wp-json\/wp\/v2\/tags?post=26316"}],"curies":[{"name":"wp","href":"https:\/\/api.w.org\/{rel}","templated":true}]}}