{"id":26287,"date":"2024-10-28T15:54:33","date_gmt":"2024-10-28T12:54:33","guid":{"rendered":"https:\/\/akdenizhaber.com.tr\/?p=26287"},"modified":"2024-10-28T15:54:34","modified_gmt":"2024-10-28T12:54:34","slug":"manavgat-belediyesinden-cumhuriyet-bayramina-ozel-satranc-turnuvasi","status":"publish","type":"post","link":"https:\/\/akdenizhaber.com.tr\/index.php\/2024\/10\/28\/manavgat-belediyesinden-cumhuriyet-bayramina-ozel-satranc-turnuvasi\/","title":{"rendered":"Manavgat Belediyesi\u2019nden Cumhuriyet Bayram\u0131\u2019na \u00d6zel Satran\u00e7 Turnuvas\u0131"},"content":{"rendered":"\n<p>Manavgat Belediyesi ve T\u00fcrkiye Satran\u00e7 Federasyonu Manavgat Temsilcili\u011fi i\u015f birli\u011fiyle 29 Ekim Cumhuriyet Bayram\u0131 vesilesiyle d\u00fczenlenen Satran\u00e7 Turnuvas\u0131, 26-27 Ekim 2024 tarihlerinde Atat\u00fcrk K\u00fclt\u00fcr Merkezi\u2019nde ger\u00e7ekle\u015ftirildi.<\/p>\n\n\n\n<p>Turnuvaya, satran\u00e7 tutkunlar\u0131 yo\u011fun ilgi g\u00f6sterirken, kat\u0131l\u0131mc\u0131lar hem yeteneklerini sergileme f\u0131rsat\u0131 buldu hem de Cumhuriyet Bayram\u0131\u2019n\u0131n co\u015fkusunu ya\u015fad\u0131. Turnuvaya kat\u0131lan sporcular, farkl\u0131 ya\u015f gruplar\u0131nda ve seviyelerde m\u00fccadele etme f\u0131rsat\u0131 buldu. 200\u2019\u00fcn \u00fcst\u00fcnde sporcunun kay\u0131t yapt\u0131rd\u0131\u011f\u0131 turnuvada, gen\u00e7 yeteneklerden deneyimli oyunculara kadar geni\u015f bir kat\u0131l\u0131m sa\u011fland\u0131.<\/p>\n\n\n\n<p>BA\u015eKAN KARA, GEN\u00c7 SPORCULARA \u00d6D\u00dcLLER\u0130N\u0130 TAKD\u0130M ETT\u0130<\/p>\n\n\n\n<p>Turnuvan\u0131n sona ermesinin ard\u0131ndan d\u00fczenlenen \u00f6d\u00fcl t\u00f6renine Manavgat Belediye Ba\u015fkan\u0131 Dr. Niyazi Nefi Kara kat\u0131ld\u0131. Ba\u015fkan Kara, \u00f6d\u00fcl t\u00f6reninde dereceye giren sporculara madalyalar\u0131n\u0131 takdim ederek, gen\u00e7 sporcular\u0131 kutlad\u0131. T\u00f6rende yapt\u0131\u011f\u0131 konu\u015fmada, zeka oyunlar\u0131n\u0131n \u00f6nemine dikkat \u00e7eken Kara, bu t\u00fcr organizasyonlar\u0131n \u00e7ocuklar\u0131n ve gen\u00e7lerin analitik d\u00fc\u015f\u00fcnme becerilerini geli\u015ftirmeleri a\u00e7\u0131s\u0131ndan b\u00fcy\u00fck \u00f6nem ta\u015f\u0131d\u0131\u011f\u0131n\u0131 belirtti.<\/p>\n\n\n\n<p>Kara, \u201cCumhuriyetimizin 101. y\u0131l\u0131 vesilesiyle d\u00fczenlenen bu turnuvada sizlerle birlikte olmaktan b\u00fcy\u00fck mutluluk duyuyorum. Satran\u00e7, sadece bir oyun de\u011fil, ayn\u0131 zamanda strateji ve sab\u0131r gerektiren bir disiplindir. Gen\u00e7lerimizi spora y\u00f6nlendirmek ve onlara destek olmak, bizim i\u00e7in \u00f6ncelikli bir hedef. Bu t\u00fcr etkinliklerle hem Cumhuriyet Bayram\u0131\u2019n\u0131 co\u015fkuyla kutluyor hem de gelece\u011fin zihinlerine f\u0131rsat sa\u011fl\u0131yoruz.\u201d dedi.<\/p>\n\n\n\n<p>Turnuvada kategorilerine g\u00f6re birinci olan sporcular \u015fu \u015fekilde:<\/p>\n\n\n\n<p>7 Ya\u015f Genel \u2013 Orhun F\u0131rat Okur<\/p>\n\n\n\n<p>8 Ya\u015f Genel \u2013 Demir Do\u011fan<\/p>\n\n\n\n<p>8 Ya\u015f K\u0131zlar \u2013 Zeynep H\u00fcma Keskin<\/p>\n\n\n\n<p>10 Ya\u015f ve Alt\u0131 \u2013 Mert An\u0131l Topta\u015f<\/p>\n\n\n\n<p>10 Ya\u015f ve Alt\u0131 K\u0131zlar \u2013 Ayzit Karao\u011flan<\/p>\n\n\n\n<p>12 Ya\u015f ve Alt\u0131 \u2013 K\u0131van\u00e7 Kartal K\u00fc\u00e7\u00fck<\/p>\n\n\n\n<p>A\u00e7\u0131k Ya\u015f \u2013 Feyza Keskin<\/p>\n\n\n\n<p>Manavgat Belediyesi \/ B\u00fclten<\/p>\n","protected":false},"excerpt":{"rendered":"<p>Manavgat Belediyesi ve T\u00fcrkiye Satran\u00e7 Federasyonu Manavgat Temsilcili\u011fi i\u015f birli\u011fiyle 29 Ekim Cumhuriyet Bayram\u0131 vesilesiyle d\u00fczenlenen Satran\u00e7 Turnuvas\u0131, 26-27 Ekim 2024 tarihlerinde Atat\u00fcrk K\u00fclt\u00fcr Merkezi\u2019nde <a href=\"https:\/\/akdenizhaber.com.tr\/index.php\/2024\/10\/28\/manavgat-belediyesinden-cumhuriyet-bayramina-ozel-satranc-turnuvasi\/\" class=\"read-more-link\">[more&#8230;]<\/a><\/p>\n","protected":false},"author":2,"featured_media":26288,"comment_status":"open","ping_status":"open","sticky":false,"template":"","format":"standard","meta":{"footnotes":""},"categories":[2],"tags":[],"class_list":["post-26287","post","type-post","status-publish","format-standard","has-post-thumbnail","hentry","category-gundem"],"_links":{"self":[{"href":"https:\/\/akdenizhaber.com.tr\/index.php\/wp-json\/wp\/v2\/posts\/26287","targetHints":{"allow":["GET"]}}],"collection":[{"href":"https:\/\/akdenizhaber.com.tr\/index.php\/wp-json\/wp\/v2\/posts"}],"about":[{"href":"https:\/\/akdenizhaber.com.tr\/index.php\/wp-json\/wp\/v2\/types\/post"}],"author":[{"embeddable":true,"href":"https:\/\/akdenizhaber.com.tr\/index.php\/wp-json\/wp\/v2\/users\/2"}],"replies":[{"embeddable":true,"href":"https:\/\/akdenizhaber.com.tr\/index.php\/wp-json\/wp\/v2\/comments?post=26287"}],"version-history":[{"count":1,"href":"https:\/\/akdenizhaber.com.tr\/index.php\/wp-json\/wp\/v2\/posts\/26287\/revisions"}],"predecessor-version":[{"id":26289,"href":"https:\/\/akdenizhaber.com.tr\/index.php\/wp-json\/wp\/v2\/posts\/26287\/revisions\/26289"}],"wp:featuredmedia":[{"embeddable":true,"href":"https:\/\/akdenizhaber.com.tr\/index.php\/wp-json\/wp\/v2\/media\/26288"}],"wp:attachment":[{"href":"https:\/\/akdenizhaber.com.tr\/index.php\/wp-json\/wp\/v2\/media?parent=26287"}],"wp:term":[{"taxonomy":"category","embeddable":true,"href":"https:\/\/akdenizhaber.com.tr\/index.php\/wp-json\/wp\/v2\/categories?post=26287"},{"taxonomy":"post_tag","embeddable":true,"href":"https:\/\/akdenizhaber.com.tr\/index.php\/wp-json\/wp\/v2\/tags?post=26287"}],"curies":[{"name":"wp","href":"https:\/\/api.w.org\/{rel}","templated":true}]}}