{"id":26278,"date":"2024-10-28T15:52:46","date_gmt":"2024-10-28T12:52:46","guid":{"rendered":"https:\/\/akdenizhaber.com.tr\/?p=26278"},"modified":"2024-10-28T15:52:46","modified_gmt":"2024-10-28T12:52:46","slug":"sanatin-isiginda-cumhuriyetin-101-yili-sergisi-duzenlendi","status":"publish","type":"post","link":"https:\/\/akdenizhaber.com.tr\/index.php\/2024\/10\/28\/sanatin-isiginda-cumhuriyetin-101-yili-sergisi-duzenlendi\/","title":{"rendered":"Sanat\u0131n I\u015f\u0131\u011f\u0131nda Cumhuriyet&#8217;in 101. Y\u0131l\u0131 Sergisi d\u00fczenlendi"},"content":{"rendered":"\n<p>Akdeniz \u00dcniversitesi G\u00fczel Sanatlar Fak\u00fcltesi taraf\u0131ndan 22. Geleneksel Ulusal-Davetli Cumhuriyet Sergisi &#8220;Sanat\u0131n I\u015f\u0131\u011f\u0131nda Cumhuriyet&#8217;in 101. Y\u0131l\u0131&#8221; sergisi a\u00e7\u0131l\u0131\u015f\u0131 ger\u00e7ekle\u015ftirildi.<\/p>\n\n\n\n<p>G\u00fczel Sanatlar Fak\u00fcltesi Fikret Otyam Sanat Galerisi\u2019nde Cumhuriyetin 101. y\u0131l d\u00f6n\u00fcm\u00fcn\u00fc kutlamak amac\u0131yla d\u00fczenlenen 22. Geleneksel Ulusal-Davetli Cumhuriyet Sergisi &#8220;Sanat\u0131n I\u015f\u0131\u011f\u0131nda Cumhuriyet&#8217;in 101. Y\u0131l\u0131&#8221; sergisinin a\u00e7\u0131l\u0131\u015f\u0131na Rekt\u00f6r Yard\u0131mc\u0131s\u0131 Prof. Dr. Cengiz Toker, G\u00fczel Sanatlar Fak\u00fcltesi Dekan\u0131 Prof. Dr. Sibel Pa\u015fao\u011flu, akademisyenler, sanat\u00e7\u0131lar ve \u00f6\u011frenciler kat\u0131ld\u0131.<\/p>\n\n\n\n<p>K\u00dcLT\u00dcREL GEL\u0130\u015e\u0130M\u0130N MERKEZE ALINMASI BO\u015eUNA DE\u011e\u0130LD\u0130R<\/p>\n\n\n\n<p>G\u00fczel Sanatlar Fak\u00fcltesi Dekan\u0131 Prof. Dr. Sibel Pa\u015fao\u011flu, \u201cGazi Mustafa Kemal Atat\u00fcrk \u00f6nderli\u011finde tam 101 y\u0131l \u00f6nce a\u011f\u0131r bedeller \u00f6deyerek k\u00fcllerinden do\u011fan bir milletin ve devletin, bug\u00fcn gelmi\u015f oldu\u011fu noktadan her T\u00fcrk vatanda\u015f\u0131 gibi bizler de hakl\u0131 bir gurur ve k\u0131van\u00e7 duymaktay\u0131z. T\u00fcrk Milletinin B\u00fcy\u00fck \u00d6nderi Gazi Mustafa Kemal Atat\u00fcrk&#8217;\u00fcn, \u00e7a\u011f\u0131n\u0131n \u00e7ok \u00f6tesindeki ileri g\u00f6r\u00fc\u015f\u00fc sayesinde ger\u00e7ekle\u015ftirdi\u011fi devrimlerle- bilimin yan\u0131 s\u0131ra sanata da ne denli \u00f6nem verdi\u011fi ortadad\u0131r. B\u00fcy\u00fck zorluklar hatta o d\u00f6nem i\u00e7in imkans\u0131zl\u0131klar i\u00e7erisinde yeni kurulan Cumhuriyetin hangi alanda olursa olsun &#8220;gen\u00e7li\u011fi&#8221; ve &#8220;e\u011fitimi&#8221; k\u00fclt\u00fcrel geli\u015fiminin merkezine almas\u0131 bo\u015funa de\u011fildir. B\u00fcy\u00fck \u00d6nderin, &#8220;Sanat\u00e7\u0131, toplumda uzun \u00e7al\u0131\u015fma ve \u00e7abalardan sonra aln\u0131nda \u0131\u015f\u0131\u011f\u0131 ilk hissedendir&#8221; ve &#8220;Sanats\u0131z kalan bir milletin hayat damarlar\u0131ndan biri kopmu\u015f demektir\u201d gibi s\u00f6zleriyle yeni kurulan T\u00fcrkiye Cumhuriyeti\u2019nin gelece\u011fine de adeta \u0131\u015f\u0131k tutacak olan k\u00fclt\u00fcrel de\u011fer yarg\u0131lar\u0131n\u0131, sanata ve sanat\u00e7\u0131ya verilmesi gereken de\u011feri i\u015faret etti\u011fi ortadad\u0131r.\u201d dedi.<\/p>\n\n\n\n<p>TUSA\u015e\u2019a yap\u0131lan hain sald\u0131r\u0131y\u0131 k\u0131nayarak \u015fehitlerin ailelerine ba\u015fsa\u011fl\u0131\u011f\u0131, yaral\u0131lara acil \u015fifalar dileyen Dekan Pa\u015fao\u011flu, sergi k\u00fcrat\u00f6r\u00fc Dr. \u00d6\u011fr. \u00dcy. Z\u00fclbiye Sevgili Polat ve k\u00fcrat\u00f6r yard\u0131mc\u0131s\u0131 Dr. \u00d6\u011fr. \u00dcy. Ahsen G\u00fcnbulut\u2019a te\u015fekk\u00fcr etti.<\/p>\n\n\n\n<p>CUMHUR\u0130YET SADECE B\u0130R Y\u00d6NET\u0130M \u015eEKL\u0130 DE\u011e\u0130L<\/p>\n\n\n\n<p>Sergi K\u00fcrat\u00f6r\u00fc Dr. \u00d6\u011fr. \u00dcyesi Z\u00fclbiye Sevgili Polat, \u201c\u00d6ncelikle d\u00fcn TUSA\u015e\u2019a kar\u015f\u0131 yap\u0131lan hi\u00e7bir inan\u00e7, ideoloji ya da ama\u00e7la hakl\u0131 g\u00f6sterilemeyecek ya\u015fanan elim ter\u00f6r sald\u0131r\u0131s\u0131n\u0131 k\u0131n\u0131yor, \u015fehitlerimize rahmet, yaral\u0131lar\u0131m\u0131za acil \u015fifalar diliyoruz. Cumhuriyet, sadece bir y\u00f6netim \u015fekli de\u011fil; ayn\u0131 zamanda bir k\u00fclt\u00fcr ve sanat anlay\u0131\u015f\u0131n\u0131n in\u015fas\u0131d\u0131r. Bug\u00fcn ger\u00e7ekle\u015ftirdi\u011fimiz sergide; farkl\u0131 disiplinlerin bir araya geldi\u011fi sanat\u00e7\u0131lar\u0131m\u0131z\u0131n \u00f6zg\u00fcn yorumlar\u0131 ve teknikleriyle yapt\u0131\u011f\u0131 karma eserler yer almakta. Her bir eser, sanat\u00e7\u0131n\u0131n \u00f6zg\u00fcn bak\u0131\u015f a\u00e7\u0131s\u0131n\u0131 ve cumhuriyetimizin de\u011ferlerine duydu\u011fu sayg\u0131y\u0131 yans\u0131tmaktad\u0131r. Bu ba\u011flamda, sanat\u00e7\u0131lar\u0131m\u0131z\u0131n g\u00f6sterdi\u011fi yarat\u0131c\u0131 emeklere \u00e7ok te\u015fekk\u00fcr ediyorum.\u201d \u015feklinde konu\u015ftu.<\/p>\n\n\n\n<p>22. Geleneksel Ulusal-Davetli Cumhuriyet Sergisi &#8220;Sanat\u0131n I\u015f\u0131\u011f\u0131nda Cumhuriyet&#8217;in 101. Y\u0131l\u0131&#8221; Sergisi k\u00fcrat\u00f6rl\u00fc\u011f\u00fcn\u00fc G\u00fczel Sanatlar Fak\u00fcltesi Dr. \u00d6\u011fr. \u00dcyesi Z\u00fclbiye Sevgili Polat, yard\u0131mc\u0131l\u0131\u011f\u0131n\u0131 da Dr. \u00d6\u011fr. \u00dcyesi Ahsen G\u00fcnbulut \u00fcstlendi. \u00c7e\u015fitli eserlerin bulundu\u011fu serginin a\u00e7\u0131l\u0131\u015f kurdelesi kesilerek protokol \u00fcyeleri sergiyi gezdi. Sergi 31 Ekim tarihine kadar ziyaret edilebilecek.<\/p>\n\n\n\n<p>Akdeniz \u00dcniversitesi Rekt\u00f6rl\u00fc\u011f\u00fc \/ B\u00fclten<\/p>\n","protected":false},"excerpt":{"rendered":"<p>Akdeniz \u00dcniversitesi G\u00fczel Sanatlar Fak\u00fcltesi taraf\u0131ndan 22. Geleneksel Ulusal-Davetli Cumhuriyet Sergisi &#8220;Sanat\u0131n I\u015f\u0131\u011f\u0131nda Cumhuriyet&#8217;in 101. Y\u0131l\u0131&#8221; sergisi a\u00e7\u0131l\u0131\u015f\u0131 ger\u00e7ekle\u015ftirildi. G\u00fczel Sanatlar Fak\u00fcltesi Fikret Otyam Sanat <a href=\"https:\/\/akdenizhaber.com.tr\/index.php\/2024\/10\/28\/sanatin-isiginda-cumhuriyetin-101-yili-sergisi-duzenlendi\/\" class=\"read-more-link\">[more&#8230;]<\/a><\/p>\n","protected":false},"author":2,"featured_media":26279,"comment_status":"open","ping_status":"open","sticky":false,"template":"","format":"standard","meta":{"footnotes":""},"categories":[2],"tags":[],"class_list":["post-26278","post","type-post","status-publish","format-standard","has-post-thumbnail","hentry","category-gundem"],"_links":{"self":[{"href":"https:\/\/akdenizhaber.com.tr\/index.php\/wp-json\/wp\/v2\/posts\/26278","targetHints":{"allow":["GET"]}}],"collection":[{"href":"https:\/\/akdenizhaber.com.tr\/index.php\/wp-json\/wp\/v2\/posts"}],"about":[{"href":"https:\/\/akdenizhaber.com.tr\/index.php\/wp-json\/wp\/v2\/types\/post"}],"author":[{"embeddable":true,"href":"https:\/\/akdenizhaber.com.tr\/index.php\/wp-json\/wp\/v2\/users\/2"}],"replies":[{"embeddable":true,"href":"https:\/\/akdenizhaber.com.tr\/index.php\/wp-json\/wp\/v2\/comments?post=26278"}],"version-history":[{"count":1,"href":"https:\/\/akdenizhaber.com.tr\/index.php\/wp-json\/wp\/v2\/posts\/26278\/revisions"}],"predecessor-version":[{"id":26280,"href":"https:\/\/akdenizhaber.com.tr\/index.php\/wp-json\/wp\/v2\/posts\/26278\/revisions\/26280"}],"wp:featuredmedia":[{"embeddable":true,"href":"https:\/\/akdenizhaber.com.tr\/index.php\/wp-json\/wp\/v2\/media\/26279"}],"wp:attachment":[{"href":"https:\/\/akdenizhaber.com.tr\/index.php\/wp-json\/wp\/v2\/media?parent=26278"}],"wp:term":[{"taxonomy":"category","embeddable":true,"href":"https:\/\/akdenizhaber.com.tr\/index.php\/wp-json\/wp\/v2\/categories?post=26278"},{"taxonomy":"post_tag","embeddable":true,"href":"https:\/\/akdenizhaber.com.tr\/index.php\/wp-json\/wp\/v2\/tags?post=26278"}],"curies":[{"name":"wp","href":"https:\/\/api.w.org\/{rel}","templated":true}]}}