{"id":26273,"date":"2024-10-28T15:49:39","date_gmt":"2024-10-28T12:49:39","guid":{"rendered":"https:\/\/akdenizhaber.com.tr\/?p=26273"},"modified":"2024-10-28T15:49:39","modified_gmt":"2024-10-28T12:49:39","slug":"inme-beklemez-erken-davran","status":"publish","type":"post","link":"https:\/\/akdenizhaber.com.tr\/index.php\/2024\/10\/28\/inme-beklemez-erken-davran\/","title":{"rendered":"\u0130nme Beklemez: Erken Davran!"},"content":{"rendered":"\n<p>Manavgat \u0130l\u00e7e Sa\u011fl\u0131k M\u00fcd\u00fcr\u00fc Dr. Mustafa Er \u00fclkemizde, T\u00fcrkiye \u0130statistik Kurumu (T\u00dc\u0130K) taraf\u0131ndan 2022 y\u0131l\u0131nda yap\u0131lan T\u00fcrkiye Sa\u011fl\u0131k Ara\u015ft\u0131rmas\u0131\u2019nda 15 ya\u015f ve \u00fczerindeki n\u00fcfusta son 12 ay i\u00e7inde inme ge\u00e7irme durumunun y\u00fczde 1 oldu\u011fu belirlenmi\u015ftir. Yine T\u00dc\u0130K taraf\u0131ndan yay\u0131mlanan 2023 y\u0131l\u0131 \u00f6l\u00fcm ve \u00f6l\u00fcm nedeni istatistiklerine g\u00f6re de \u00fclkemizde ger\u00e7ekle\u015fen \u00f6l\u00fcmlerin y\u00fczde 6\u2019s\u0131ndan beyin ve damar hastal\u0131klar\u0131 (serebro-vask\u00fcler hastal\u0131klar) sorumludur, dedi.<\/p>\n\n\n\n<p>Beyin damarlar\u0131nda t\u0131kan\u0131kl\u0131k ya da kanama nedeniyle beynin bir k\u0131sm\u0131na giden kan ak\u0131\u015f\u0131n\u0131n kesilmesi veya azalmas\u0131 sonucu ortaya \u00e7\u0131kan inme, \u00f6nde gelen engellilik ve \u00f6l\u00fcm nedenlerinden biridir.&nbsp; D\u00fcnya genelinde; 25 ya\u015f \u00fczeri her 4 ki\u015fiden 1\u2019inin hayatlar\u0131n\u0131n herhangi bir d\u00f6neminde inme ile kar\u015f\u0131 kar\u015f\u0131ya kalaca\u011f\u0131 \u00f6ng\u00f6r\u00fclmekte, her y\u0131l yakla\u015f\u0131k 12 milyon ki\u015fiye ilk kez inme tan\u0131s\u0131 konmakta ve y\u0131lda 7 milyon ki\u015fi inme nedeni ile kaybedilmektedir.<\/p>\n\n\n\n<p>\u0130nme hastal\u0131\u011f\u0131n\u0131n d\u00fcnya genelinde \u00f6nemli bir sa\u011fl\u0131k sorunu olmas\u0131 sebebiyle her y\u0131l\u0131n 29 Ekim g\u00fcn\u00fc D\u00fcnya \u0130nme G\u00fcn\u00fc olarak belirlenmi\u015ftir. G\u00fcn vesilesiyle olu\u015fturulan tema \u00e7er\u00e7evesinde, erken m\u00fcdahale ve \u00f6nleme stratejileri ile inme riskini azaltma ve etkilerini iyile\u015ftirme konular\u0131nda fark\u0131ndal\u0131k faaliyetleri y\u00fcr\u00fct\u00fclmektedir. Bu \u00e7er\u00e7evede 2024 y\u0131l\u0131n\u0131n temas\u0131 &#8220;\u0130nme Beklemez: Erken Davran!\u201d \u015feklinde belirlenmi\u015ftir.<\/p>\n\n\n\n<p>Bilim insanlar\u0131, kronik hastal\u0131klar ile etkili bir \u015fekilde m\u00fccadele i\u00e7in toplumdaki her bireyin s\u00f6z konusu hastal\u0131klara yol a\u00e7abilecek riskleri \u00f6\u011frenerek sa\u011fl\u0131kl\u0131 ya\u015fam al\u0131\u015fkanl\u0131klar\u0131n\u0131 benimsemelerine; erken te\u015fhis, etkili tedavi ve izlem yoluyla hastal\u0131klar\u0131n ilerlemesinin durdurulmas\u0131na ve yeni hastal\u0131k olu\u015fumunun engellenmesine ihtiya\u00e7 oldu\u011funu bildirmektedir.&nbsp;<\/p>\n\n\n\n<p>\u0130nme olu\u015fumunda en \u00f6nemli risk fakt\u00f6rleri sa\u011fl\u0131ks\u0131z beslenme, yetersiz fiziksel aktivite, t\u00fct\u00fcn ve alkol kullan\u0131m\u0131d\u0131r. Bu risk fakt\u00f6rlerinin olumsuz etkileri nedeniyle ki\u015filerde y\u00fcksek tansiyon, y\u00fcksek kan \u015fekeri ve obezite gibi durumlar ortaya \u00e7\u0131kmakta, bunlar da inme geli\u015fme riskini artt\u0131rmaktad\u0131r. Yap\u0131lan ara\u015ft\u0131rmalar, ufak ya\u015fam tarz\u0131 de\u011fi\u015fiklikleriyle inmenin y\u00fczde 90 oran\u0131nda \u00f6nlenebilece\u011fini g\u00f6stermektedir.<\/p>\n\n\n\n<p>Manavgat \u0130l\u00e7e Sa\u011fl\u0131k M\u00fcd\u00fcr\u00fc Dr. Mustafa Er, bu sebeple Sa\u011fl\u0131k Bakanl\u0131\u011f\u0131 taraf\u0131ndan, aile hekimleri ba\u015fta olmak \u00fczere birinci basamak sa\u011fl\u0131k hizmet sunucular\u0131n\u0131n kronik hastal\u0131klar\u0131n erken te\u015fhisi, etkili tedavisi ve izlemlerinde daha aktif bir rol \u00fcstlenmelerini sa\u011flamak amac\u0131yla Hastal\u0131k Y\u00f6netimi Platformu (HYP) ad\u0131 verilen bir uygulama geli\u015ftirilmi\u015ftir, dedi.<\/p>\n\n\n\n<p>HYP kapsam\u0131nda aile hekimleri, 18 ya\u015f ve \u00fcst\u00fc bireylerde hipertansiyon ve obezite, 40 ya\u015f ve \u00fcst\u00fc bireylerde diyabet ve kalp damar hastal\u0131klar\u0131na y\u00f6nelik de\u011ferlendirmeler yapmakta, ya\u015fam tarz\u0131 de\u011fi\u015fiklikleri konusunda dan\u0131\u015fmanl\u0131k vermekte, kronik hastal\u0131\u011f\u0131 olan ki\u015filerin tedavilerini d\u00fczenlemekte, gerekli hallerde ki\u015fileri Sa\u011fl\u0131kl\u0131 Hayat Merkezlerine ya da hastanelere y\u00f6nlendirmektedir.<\/p>\n\n\n\n<p>Buradan hareketle, herkesi kay\u0131tl\u0131 olduklar\u0131 aile hekimlerini d\u00fczenli olarak ziyaret etmeye, kronik hastal\u0131klara y\u00f6nelik periyodik olarak tarama ve izlemlerini yapt\u0131rmaya davet ediyor, sa\u011fl\u0131kl\u0131 bir ya\u015fam ge\u00e7irmenizi diliyoruz\u2026<\/p>\n\n\n\n<p>B\u00fc\u015fra Deveci \/ Haber<\/p>\n","protected":false},"excerpt":{"rendered":"<p>Manavgat \u0130l\u00e7e Sa\u011fl\u0131k M\u00fcd\u00fcr\u00fc Dr. Mustafa Er \u00fclkemizde, T\u00fcrkiye \u0130statistik Kurumu (T\u00dc\u0130K) taraf\u0131ndan 2022 y\u0131l\u0131nda yap\u0131lan T\u00fcrkiye Sa\u011fl\u0131k Ara\u015ft\u0131rmas\u0131\u2019nda 15 ya\u015f ve \u00fczerindeki n\u00fcfusta son <a href=\"https:\/\/akdenizhaber.com.tr\/index.php\/2024\/10\/28\/inme-beklemez-erken-davran\/\" class=\"read-more-link\">[more&#8230;]<\/a><\/p>\n","protected":false},"author":2,"featured_media":26274,"comment_status":"open","ping_status":"open","sticky":false,"template":"","format":"standard","meta":{"footnotes":""},"categories":[2],"tags":[],"class_list":["post-26273","post","type-post","status-publish","format-standard","has-post-thumbnail","hentry","category-gundem"],"_links":{"self":[{"href":"https:\/\/akdenizhaber.com.tr\/index.php\/wp-json\/wp\/v2\/posts\/26273","targetHints":{"allow":["GET"]}}],"collection":[{"href":"https:\/\/akdenizhaber.com.tr\/index.php\/wp-json\/wp\/v2\/posts"}],"about":[{"href":"https:\/\/akdenizhaber.com.tr\/index.php\/wp-json\/wp\/v2\/types\/post"}],"author":[{"embeddable":true,"href":"https:\/\/akdenizhaber.com.tr\/index.php\/wp-json\/wp\/v2\/users\/2"}],"replies":[{"embeddable":true,"href":"https:\/\/akdenizhaber.com.tr\/index.php\/wp-json\/wp\/v2\/comments?post=26273"}],"version-history":[{"count":1,"href":"https:\/\/akdenizhaber.com.tr\/index.php\/wp-json\/wp\/v2\/posts\/26273\/revisions"}],"predecessor-version":[{"id":26275,"href":"https:\/\/akdenizhaber.com.tr\/index.php\/wp-json\/wp\/v2\/posts\/26273\/revisions\/26275"}],"wp:featuredmedia":[{"embeddable":true,"href":"https:\/\/akdenizhaber.com.tr\/index.php\/wp-json\/wp\/v2\/media\/26274"}],"wp:attachment":[{"href":"https:\/\/akdenizhaber.com.tr\/index.php\/wp-json\/wp\/v2\/media?parent=26273"}],"wp:term":[{"taxonomy":"category","embeddable":true,"href":"https:\/\/akdenizhaber.com.tr\/index.php\/wp-json\/wp\/v2\/categories?post=26273"},{"taxonomy":"post_tag","embeddable":true,"href":"https:\/\/akdenizhaber.com.tr\/index.php\/wp-json\/wp\/v2\/tags?post=26273"}],"curies":[{"name":"wp","href":"https:\/\/api.w.org\/{rel}","templated":true}]}}