{"id":26262,"date":"2024-10-24T16:13:02","date_gmt":"2024-10-24T13:13:02","guid":{"rendered":"https:\/\/akdenizhaber.com.tr\/?p=26262"},"modified":"2024-10-24T16:13:02","modified_gmt":"2024-10-24T13:13:02","slug":"tgf-tusasin-ankara-tesislerine-yapilan-teror-saldirisini-lanetlendi","status":"publish","type":"post","link":"https:\/\/akdenizhaber.com.tr\/index.php\/2024\/10\/24\/tgf-tusasin-ankara-tesislerine-yapilan-teror-saldirisini-lanetlendi\/","title":{"rendered":"TGF; TUSA\u015e&#8217;\u0131n Ankara Tesislerine Yap\u0131lan Ter\u00f6r Sald\u0131r\u0131s\u0131n\u0131 Lanetlendi"},"content":{"rendered":"\n<p>Ankara&#8217;n\u0131n Kahramankazan il\u00e7esinde yer alan T\u00fcrk Havac\u0131l\u0131k ve Uzay Sanayii A.\u015e. (TUSA\u015e) tesislerine d\u00fcn \u00f6\u011fleden sonra ter\u00f6r \u00f6rg\u00fct\u00fc \u00fcyeleri taraf\u0131ndan hain ve al\u00e7ak\u00e7a bir sald\u0131r\u0131s\u0131 ger\u00e7ekle\u015ftirildi. T\u00fcrkiye Gazeteciler Federasyonu (TGF), d\u00fczenlenen bu menfur sald\u0131r\u0131y\u0131 \u015fiddetle k\u0131nad\u0131.<br>\u0130lk belirlemelere g\u00f6re saat 15.26&#8217;da meydana gelen bu sald\u0131r\u0131 sonucunda 5 ki\u015fi \u015fehit d\u00fc\u015ferken, 22 ki\u015fi de yaraland\u0131. B\u00f6lgeye sa\u011fl\u0131k ekipleri sevk edilirken, g\u00fcvenlik g\u00fc\u00e7lerinin sald\u0131r\u0131 ile ilgili soru\u015fturmas\u0131 s\u00fcr\u00fcyor.<br>T\u00fcrkiye&#8217;nin milli savunma alan\u0131ndaki geli\u015fmeleriyle \u00f6ne \u00e7\u0131kt\u0131\u011f\u0131 bir d\u00f6nemde ya\u015fanan bu al\u00e7ak sald\u0131r\u0131n\u0131n y\u00fcrekleri s\u0131zlatt\u0131\u011f\u0131 belirtiliyor.<br>T\u00fcrkiye Gazeteciler Federasyonu (TGF) yapt\u0131\u011f\u0131 a\u00e7\u0131klamada, &#8220;Milli Savunma hamlesiyle t\u00fcm d\u00fcnyada \u00f6n plana \u00e7\u0131kan ve bug\u00fcn T\u00fcrkiye&#8217;ye yap\u0131lan bu sald\u0131r\u0131 bizleri millet olarak daha g\u00fc\u00e7l\u00fc ve kararl\u0131 yapacak. Son ter\u00f6rist yok edilene kadar ter\u00f6re kar\u015f\u0131 birlik m\u00fccadelemiz sonuna kadar devam edecektir. Ger\u00e7ekle\u015fen hi\u00e7bir ter\u00f6r eylemi aziz vatan\u0131m\u0131z\u0131 ve halk\u0131m\u0131z\u0131 b\u00f6lmeye yetmeyecektir, T\u00fcrkiye Cumhuriyeti ilelebet payidar kalacakt\u0131r&#8221; ifadelerini kulland\u0131.<br>TGF, \u015fehit olanlar\u0131n ailelerine ve yak\u0131nlar\u0131na ba\u015fsa\u011fl\u0131\u011f\u0131 dileyerek t\u00fcm T\u00fcrk halk\u0131na i\u00e7ten taziyelerini iletti. Ayr\u0131ca yaral\u0131lara acil \u015fifalar temennisinde bulunarak birlik ve beraberlik i\u00e7erisinde ter\u00f6rle m\u00fccadelemizi devam ettirece\u011fiz denildi.<br>Bu menfur sald\u0131r\u0131 sonras\u0131nda h\u00fck\u00fcmet yetkilileri ve \u00e7e\u015fitli sivil toplum kurulu\u015flar\u0131ndan gelen tepkiler, ter\u00f6re kar\u015f\u0131 ortak duru\u015fun ve dayan\u0131\u015fman\u0131n sembol\u00fc oldu.<\/p>\n\n\n\n<p>T\u00fcrkiye Gazeteciler Federasyonu \/ B\u00fclten<\/p>\n","protected":false},"excerpt":{"rendered":"<p>Ankara&#8217;n\u0131n Kahramankazan il\u00e7esinde yer alan T\u00fcrk Havac\u0131l\u0131k ve Uzay Sanayii A.\u015e. (TUSA\u015e) tesislerine d\u00fcn \u00f6\u011fleden sonra ter\u00f6r \u00f6rg\u00fct\u00fc \u00fcyeleri taraf\u0131ndan hain ve al\u00e7ak\u00e7a bir sald\u0131r\u0131s\u0131 <a href=\"https:\/\/akdenizhaber.com.tr\/index.php\/2024\/10\/24\/tgf-tusasin-ankara-tesislerine-yapilan-teror-saldirisini-lanetlendi\/\" class=\"read-more-link\">[more&#8230;]<\/a><\/p>\n","protected":false},"author":2,"featured_media":26263,"comment_status":"open","ping_status":"open","sticky":false,"template":"","format":"standard","meta":{"footnotes":""},"categories":[2],"tags":[],"class_list":["post-26262","post","type-post","status-publish","format-standard","has-post-thumbnail","hentry","category-gundem"],"_links":{"self":[{"href":"https:\/\/akdenizhaber.com.tr\/index.php\/wp-json\/wp\/v2\/posts\/26262","targetHints":{"allow":["GET"]}}],"collection":[{"href":"https:\/\/akdenizhaber.com.tr\/index.php\/wp-json\/wp\/v2\/posts"}],"about":[{"href":"https:\/\/akdenizhaber.com.tr\/index.php\/wp-json\/wp\/v2\/types\/post"}],"author":[{"embeddable":true,"href":"https:\/\/akdenizhaber.com.tr\/index.php\/wp-json\/wp\/v2\/users\/2"}],"replies":[{"embeddable":true,"href":"https:\/\/akdenizhaber.com.tr\/index.php\/wp-json\/wp\/v2\/comments?post=26262"}],"version-history":[{"count":1,"href":"https:\/\/akdenizhaber.com.tr\/index.php\/wp-json\/wp\/v2\/posts\/26262\/revisions"}],"predecessor-version":[{"id":26264,"href":"https:\/\/akdenizhaber.com.tr\/index.php\/wp-json\/wp\/v2\/posts\/26262\/revisions\/26264"}],"wp:featuredmedia":[{"embeddable":true,"href":"https:\/\/akdenizhaber.com.tr\/index.php\/wp-json\/wp\/v2\/media\/26263"}],"wp:attachment":[{"href":"https:\/\/akdenizhaber.com.tr\/index.php\/wp-json\/wp\/v2\/media?parent=26262"}],"wp:term":[{"taxonomy":"category","embeddable":true,"href":"https:\/\/akdenizhaber.com.tr\/index.php\/wp-json\/wp\/v2\/categories?post=26262"},{"taxonomy":"post_tag","embeddable":true,"href":"https:\/\/akdenizhaber.com.tr\/index.php\/wp-json\/wp\/v2\/tags?post=26262"}],"curies":[{"name":"wp","href":"https:\/\/api.w.org\/{rel}","templated":true}]}}