{"id":26243,"date":"2024-10-24T15:52:06","date_gmt":"2024-10-24T12:52:06","guid":{"rendered":"https:\/\/akdenizhaber.com.tr\/?p=26243"},"modified":"2024-10-24T15:52:07","modified_gmt":"2024-10-24T12:52:07","slug":"101-sanatci-ve-101-eser-sergisi-sanatseverlerle-bulustu","status":"publish","type":"post","link":"https:\/\/akdenizhaber.com.tr\/index.php\/2024\/10\/24\/101-sanatci-ve-101-eser-sergisi-sanatseverlerle-bulustu\/","title":{"rendered":"101 Sanat\u00e7\u0131 ve 101 Eser Sergisi sanatseverlerle bulu\u015ftu"},"content":{"rendered":"\n<p>Antalya B\u00fcy\u00fck\u015fehir Belediyesi taraf\u0131ndan Cumhuriyetin 101. Y\u0131l\u0131na \u00f6zel d\u00fczenlenen \u201cCumhuriyetin 101. Y\u0131l\u0131nda 101 Sanat\u00e7\u0131 ve 101 Eser\u201d ba\u015fl\u0131kl\u0131 uluslararas\u0131 karma sergi, B\u00fclent Ecevit K\u00fclt\u00fcr Merkezi\u2019nde sanatseverlerle bulu\u015ftu. Resim, seramik, heykel ve farkl\u0131 tekniklerde haz\u0131rlanan eserlerin yer ald\u0131\u011f\u0131 sergi, 31 Ekim\u2019e kadar ziyaret edilebilecek.<\/p>\n\n\n\n<p>Antalya B\u00fcy\u00fck\u015fehir Belediyesi, Cumhuriyetin 101. y\u0131l\u0131 kutlamalar\u0131 \u00e7er\u00e7evesinde \u00e7e\u015fitli etkinliklerle Cumhuriyet co\u015fkusunu t\u00fcm kente yaymay\u0131 hedefliyor. Bu kapsamda, B\u00fclent Ecevit K\u00fclt\u00fcr Merkezi&#8217;nde kurat\u00f6rl\u00fc\u011f\u00fcn\u00fc Vildan \u00d6zsoy ve Beg\u00fcm Berber\u2019un yapt\u0131\u011f\u0131, Ye\u015fim Ertan\u2019\u0131n organizasyonunu \u00fcstlendi\u011fi \u201cCumhuriyetin 101. Y\u0131l\u0131nda 101 Sanat\u00e7\u0131 ve 101 Eser\u201d ba\u015fl\u0131kl\u0131 uluslararas\u0131 karma sergi a\u00e7\u0131ld\u0131. Sergide, 101 sanat\u00e7\u0131n\u0131n resim, seramik, heykel, ebru, dijital bask\u0131, dokuma, g\u00f6rsel sanatlar ve mozaik gibi farkl\u0131 disiplinlerdeki eserleri sanatseverlerin be\u011fenisine sunuluyor. Ayr\u0131ca, merhum ressam Fikret Otyam&#8217;\u0131n bir eseri de sanat\u00e7\u0131ya sayg\u0131 kapsam\u0131nda sergileniyor. Antalya B\u00fcy\u00fck\u015fehir Belediyesi\u2019nin sanata ve sanat\u00e7\u0131lara deste\u011fiyle ta\u00e7lanan bu \u00f6zel sergi, Cumhuriyetin 101. y\u0131l\u0131n\u0131 sanatla kutlamak isteyen herkesi 31 Ekim\u2019e kadar Karaalio\u011flu Park\u0131 i\u00e7inde yer alan B\u00fclent Ecevit K\u00fclt\u00fcr Merkezi\u2019nde bekliyor.<\/p>\n\n\n\n<p><strong>&#8220;SANATLA CUMHUR\u0130YET DE\u011eERLER\u0130N\u0130 KORUYORUZ&#8221;<\/strong><\/p>\n\n\n\n<p>Antalya B\u00fcy\u00fck\u015fehir Belediyesi Kent Tarihi ve Tan\u0131t\u0131m\u0131 Dairesi Ba\u015fkan\u0131 \u0130smail Oskay, sergiye olan ilginin her ge\u00e7en y\u0131l artt\u0131\u011f\u0131n\u0131 belirtti. Oskay, \u201cGe\u00e7en y\u0131l ba\u015flatt\u0131\u011f\u0131m\u0131z sergilerimiz b\u00fcy\u00fck ilgi uyand\u0131rd\u0131, bu y\u0131l da \u2018101 Sanat\u00e7\u0131, 101 Eser\u2019 ba\u015fl\u0131\u011f\u0131 alt\u0131nda sergimizi tekrar hayata ge\u00e7irdik. Sergide, Cumhuriyet\u2019e, kad\u0131na ve Antalya\u2019ya sahip \u00e7\u0131kan eserler dikkat \u00e7ekiyor. Cumhuriyetin de\u011ferlerini koruyan ve gelece\u011fe ta\u015f\u0131yan bir sanat etkinli\u011fi oldu\u201d diye konu\u015ftu.<\/p>\n\n\n\n<p><strong>BA\u015eKAN B\u00d6CEK\u2019\u0130N K\u0130TABINDAN ES\u0130NLEND\u0130M<\/strong><\/p>\n\n\n\n<p>5 y\u0131ld\u0131r Antalya\u2019da ya\u015fayan \u0130ranl\u0131 sanat\u00e7\u0131 Shabnam Majd, Antalya B\u00fcy\u00fck\u015fehir Belediye Ba\u015fkan\u0131 Muhittin B\u00f6cek\u2019in \u201cBen Bu \u015eehre A\u015f\u0131\u011f\u0131m\u201d isimli kitab\u0131ndan esinlendi\u011fini dile getirdi. Majd, \u201cBen de Antalya\u2019ya duydu\u011fum sevgiyi resmime yans\u0131tt\u0131m. Sokak k\u00f6pekleri, ku\u015flar, kediler, Antalya\u2019daki tarihi eserler ve Konyaalt\u0131 Sahili resmimde yer al\u0131yor\u201d dedi.<\/p>\n\n\n\n<p>OTYAM\u2019DAN BA\u015eKAN B\u00d6CEK\u2019E TE\u015eEKK\u00dcR<\/p>\n\n\n\n<p>Merhum ressam Fikret Otyam\u2019\u0131n e\u015fi \u0130\u00e7 Mimar Filiz Otyam sergide yer alan dokuma hal\u0131s\u0131 hakk\u0131nda bilgi verdi. Otyam, \u201cUzun y\u0131llar dokuma i\u015fleri yapt\u0131m ve eserlerim bir\u00e7ok sergide yer ald\u0131. Yurt d\u0131\u015f\u0131nda da T\u00fcrkiye\u2019yi temsil ettim. B\u00fcy\u00fck\u015fehir Belediyesi\u2019nin bu \u00e7al\u0131\u015fmas\u0131n\u0131 \u00e7ok takdir ediyorum. Ba\u015fkan\u0131m\u0131za da sanata ve sanat\u00e7\u0131ya verdi\u011fi \u00f6nemden dolay\u0131 te\u015fekk\u00fcr ediyorum\u201d ifadelerini kulland\u0131.<\/p>\n\n\n\n<p>Antalya B\u00fcy\u00fck\u015fehir Belediyesi \/ B\u00fclten<\/p>\n","protected":false},"excerpt":{"rendered":"<p>Antalya B\u00fcy\u00fck\u015fehir Belediyesi taraf\u0131ndan Cumhuriyetin 101. Y\u0131l\u0131na \u00f6zel d\u00fczenlenen \u201cCumhuriyetin 101. Y\u0131l\u0131nda 101 Sanat\u00e7\u0131 ve 101 Eser\u201d ba\u015fl\u0131kl\u0131 uluslararas\u0131 karma sergi, B\u00fclent Ecevit K\u00fclt\u00fcr Merkezi\u2019nde <a href=\"https:\/\/akdenizhaber.com.tr\/index.php\/2024\/10\/24\/101-sanatci-ve-101-eser-sergisi-sanatseverlerle-bulustu\/\" class=\"read-more-link\">[more&#8230;]<\/a><\/p>\n","protected":false},"author":2,"featured_media":26244,"comment_status":"open","ping_status":"open","sticky":false,"template":"","format":"standard","meta":{"footnotes":""},"categories":[2],"tags":[],"class_list":["post-26243","post","type-post","status-publish","format-standard","has-post-thumbnail","hentry","category-gundem"],"_links":{"self":[{"href":"https:\/\/akdenizhaber.com.tr\/index.php\/wp-json\/wp\/v2\/posts\/26243","targetHints":{"allow":["GET"]}}],"collection":[{"href":"https:\/\/akdenizhaber.com.tr\/index.php\/wp-json\/wp\/v2\/posts"}],"about":[{"href":"https:\/\/akdenizhaber.com.tr\/index.php\/wp-json\/wp\/v2\/types\/post"}],"author":[{"embeddable":true,"href":"https:\/\/akdenizhaber.com.tr\/index.php\/wp-json\/wp\/v2\/users\/2"}],"replies":[{"embeddable":true,"href":"https:\/\/akdenizhaber.com.tr\/index.php\/wp-json\/wp\/v2\/comments?post=26243"}],"version-history":[{"count":1,"href":"https:\/\/akdenizhaber.com.tr\/index.php\/wp-json\/wp\/v2\/posts\/26243\/revisions"}],"predecessor-version":[{"id":26245,"href":"https:\/\/akdenizhaber.com.tr\/index.php\/wp-json\/wp\/v2\/posts\/26243\/revisions\/26245"}],"wp:featuredmedia":[{"embeddable":true,"href":"https:\/\/akdenizhaber.com.tr\/index.php\/wp-json\/wp\/v2\/media\/26244"}],"wp:attachment":[{"href":"https:\/\/akdenizhaber.com.tr\/index.php\/wp-json\/wp\/v2\/media?parent=26243"}],"wp:term":[{"taxonomy":"category","embeddable":true,"href":"https:\/\/akdenizhaber.com.tr\/index.php\/wp-json\/wp\/v2\/categories?post=26243"},{"taxonomy":"post_tag","embeddable":true,"href":"https:\/\/akdenizhaber.com.tr\/index.php\/wp-json\/wp\/v2\/tags?post=26243"}],"curies":[{"name":"wp","href":"https:\/\/api.w.org\/{rel}","templated":true}]}}